{"id":5477,"date":"2020-07-06T20:31:41","date_gmt":"2020-07-06T23:31:41","guid":{"rendered":"https:\/\/revistaepocadigital.com.ar\/?p=5477"},"modified":"2020-07-08T20:35:44","modified_gmt":"2020-07-08T23:35:44","slug":"luis-mariano-martin-no-tengo-una-relacion-formal-con-el-municipio","status":"publish","type":"post","link":"https:\/\/revistaepocadigital.com.ar\/?p=5477","title":{"rendered":"Luis Mariano Mart\u00edn: &#8220;NO TENGO UNA RELACION FORMAL CON EL MUNICIPIO&#8221;"},"content":{"rendered":"<p><strong>SU NOMBRE SIGUE GIRANDO.<\/strong><!--more--><\/p>\n<p><strong>Luis Mariano Martin<\/strong> acumula experiencia en el campo pol\u00edtico y en la funci\u00f3n p\u00fablica en especial en Exaltaci\u00f3n de la Cruz. El hombre mientras desarrolla su labor diaria, mantiene vivo el esp\u00edritu pol\u00edtico. De estas cosas habl\u00f3 con EPOCA. Sobre Luisma, como se lo conoce, se ha deslizado que pod\u00eda sumarse al staff municipal que conduce el intendente Diego Nanni, de quien es amigo personal desde hace muchos a\u00f1os.<\/p>\n<p>&#8220;No, no tengo una relaci\u00f3n formal con el municipio, s\u00ed puede darse que en algunas cosas que se pueden charlar, brinde mi opini\u00f3n basada en la experiencia recogida en la funci\u00f3n p\u00fablica y en el \u00e1rea de salud espec\u00edficamente (estuvo al frente de la administraci\u00f3n del Hospital San Jos\u00e9 a\u00f1os atr\u00e1s), se trata de eso solamente y de acompa\u00f1ar a la gesti\u00f3n de Diego, s\u00f3lo acompa\u00f1ar a la gestion, tal vez por eso pudo surgir la versi\u00f3n a la que te refer\u00eds&#8221;, comenta Mart\u00edn a EPOCA y acota, &#8220;antes de asumir Diego hablamos de algunos temas, pero siempre con la idea de darle mi parecer de acuerdo al tiempo que estuve en la funci\u00f3n en la municipalidad&#8221;.<\/p>\n<p><strong>-Se ha hablado que pod\u00edas ocupar el cargo de Secretario de Gobierno o de Salud&#8230;<\/strong><br \/>\n-Insisto, nunca recib\u00ed ning\u00fan ofrecimiento formal porque adem\u00e1s, como digo, mis di\u00e1logos han sido y son solamente con la intenci\u00f3n de aportar lo que pueda y acompa\u00f1arlo a Diego en su gesti\u00f3n como intendente. Repito, no he tenido ninguna conversaci\u00f3n formal para ocupar parte del equipo municipal, adem\u00e1s Diego se est\u00e1 acomodando, primero tuvo el problema familiar a poco de asumir y luego surgi\u00f3 la tan grave pandemia de coronavirus que sin dudas le ocupa mucho tiempo, la cuarentena; est\u00e1 apagando un incendio! y lo est\u00e1 haciendo muy bien.<\/p>\n<p>&#8211;<strong>M\u00e1s all\u00e1 de lo que coment\u00e1s, \u00bfvolver\u00edas a la funci\u00f3n p\u00fablica?<\/strong><br \/>\n-Como digo, charlo con Diego (Nanni) pero no sobre este tema; si el entiende que en alg\u00fan momento le puedo dar una mano, yo estoy para ayudarlo. Pero reitero, no me junto con el para charlar sobre nada concreto, y el intendnete nunca me plante\u00f3 esa idea. Como hice desde su campa\u00f1a electoral, lo acompa\u00f1o desde afuera, as\u00ed me lo fij\u00e9.<\/p>\n<p><strong>-Se dijo que al momento de conformar el gabinete municipal, el intendente te hab\u00eda tenido en cuenta pero sin embargo, tu posible designaci\u00f3n gener\u00f3 oposici\u00f3n en alg\u00fan sector del oficialismo&#8230;<\/strong><br \/>\n-No, nunca escuch\u00e9 eso de manera formal y concreta realmente; no creo que haya ocurrido algo as\u00ed y, tampoco pienso que a Diego le hubieran planeado un inconveniente de este tipo. Como digo, si en alg\u00fan momento el (Nanni) entiende que puedo ser \u00fatil, pues lo acompa\u00f1ar\u00e9 porque lo quiero y es mi amigo de toda la vida.<\/p>\n<p><strong>-\u00bfCu\u00e1l es visi\u00f3n acerca de la crisis producida por la pandemia por coronavirus, y las graves consecuencias que ocasiona en vidas humanas prioritariamente y en la econom\u00eda del pa\u00eds?<\/strong><br \/>\n-Es un problema sumamente grave, tremendo y que nos afecta a todos en nuestro pa\u00eds y en el mundo. Mi punto de vista es que hasta que no aparezca una vacuna, vamos a tener que continuar con tantos nuevos h\u00e1bitos que debimos adoptar en los \u00faltimos tiempos. Adecuarnos a convivir con el virus y a cuidarnos en forma permanente, no queda otra, y desde ya, lamento mucho las muertes y lo que se est\u00e1 sufriendo en el pa\u00eds.<\/p>\n<p><strong>-En Exaltaci\u00f3n de la Cruz, \u00bfcomo ves la estrategia puesta en pr\u00e1ctica para enfrentar al virus?<\/strong><br \/>\n-Noto que el intendente junto a su grupo de colaboradores, est\u00e1 re-ocupado todos los d\u00edas para tratar de controlar al m\u00e1ximo la situaci\u00f3n y que no se escape el n\u00famero de casos, eso est\u00e1 claro. El laburo que se efect\u00faa desde el municipio es sensacional, la sanitizaci\u00f3n, los controles, como se ha optimizado el Hospital San Jos\u00e9, los arcos sanitarios, las recomendaciones constantes y desde ya, tambi\u00e9n, compruebo una vez m\u00e1s, la enorme solidaridad de todos los habitantes de Exaltaci\u00f3n de la Cruz. Se han adoptado medidas para minimizar los riesgos de contagio, el \u00e1rea de salud desarrolla una labor excelente a la que se suman las de obras p\u00fablicas, tr\u00e1nsito, directores, jefes; muchos trabajando en las calles del distrito controlando, tomando temperatura, verificando permisos. Y todo lo que menciono, ha tenido el intendente un gran acierto, una gran idea que puso en pr\u00e1ctica al convocar a su padre H\u00e9ctor al frente de la salud p\u00fablica, un gran m\u00e9dico, de una enorme experiencia y trayectoria, el trabajo que lleva al frente del \u00e1rea es muy bueno.<\/p>\n<p><strong>-\u00bfDe que forma avisor\u00e1s lo que ha de venir en un futuro pr\u00f3ximo?<\/strong><br \/>\n-Y es muy complicado arriesgar lo que vendr\u00e1, repito, mientras no haya una vacuna debermos vivir con muchos cuidados y precauciones, sin dudas hay que tener coraje y necesidad claro, para salir a la calle a trabajar, a efectuar tr\u00e1mites o cumplir con obligaciones; salir a la calle aumenta la posibilidad de contagios. Y por otro lado, no hay que olvidar las dificultades que han aparecido al estar m\u00e1s de 90 d\u00edas encerrados, en cuarentena, las cuestiones familiares, los hijos, la necesidad de trabajar, la reducci\u00f3n en los ingresos. Hasta que no aparezca una vacuna, adem\u00e1s de cumplir con las recomendaciones de las autoridades, habr\u00e1 que tener la menor cantidad de contactos posible tanto al salir como en los trabajos. Es evidente que hay medidas que son m\u00e1s dif\u00edciles para controlar en las zonas de barrios m\u00e1s vulnerables y el &#8220;quedate en casa&#8221; se pone complicado, no todos tienen esa posibilidad y otros sufren carencias en sus viviendas. Adem\u00e1s hay que tener en cuenta el hartazgo existente por estar tanto tiempo encerrados; no es nada f\u00e1cil todo lo que vivimos y menos en los actuales momentos en que los casos han estado aumentando tanto.<\/p>\n<p><strong>-\u00daltima y volvemos a hablar de pol\u00edtica, \u00bfTen\u00e9s in mente el regreso a tu actividad pol\u00edtica?<\/strong><br \/>\n-Claramente, tengo intenciones de continuar trabajando en pol\u00edtica. La \u00faltima oportunidad la desarroll\u00e9 en el Frente Renovador que luego se sum\u00f3 al Frente de Todos del que fue candidato Diego Nanni a intendente de Exaltaci\u00f3n de la Cruz, por eso como ya he dicho, consider\u00e9 que deb\u00eda acompa\u00f1alo m\u00e1s que tener visibilidad pol\u00edtica por mi lado. Hoy siento que ese es mi rol, no pienso en lo que pueda hacer en pol\u00edtica a futuro y ni por asomo, me pondr\u00e9 a hacer campa\u00f1a.<\/p>\n","protected":false},"excerpt":{"rendered":"<p>SU NOMBRE SIGUE GIRANDO.<\/p>\n","protected":false},"author":4,"featured_media":5479,"comment_status":"open","ping_status":"open","sticky":false,"template":"","format":"standard","meta":{"footnotes":"","jetpack_publicize_message":"","jetpack_publicize_feature_enabled":true,"jetpack_social_post_already_shared":false,"jetpack_social_options":{"image_generator_settings":{"template":"highway","default_image_id":0,"font":"","enabled":false},"version":2}},"categories":[17],"tags":[313,66,179],"class_list":["post-5477","post","type-post","status-publish","format-standard","has-post-thumbnail","hentry","category-politica","tag-martin","tag-nanni","tag-politica"],"jetpack_publicize_connections":[],"jetpack_featured_media_url":"https:\/\/revistaepocadigital.com.ar\/wp-content\/uploads\/2020\/07\/martin-lusima.jpg","jetpack_likes_enabled":true,"_links":{"self":[{"href":"https:\/\/revistaepocadigital.com.ar\/index.php?rest_route=\/wp\/v2\/posts\/5477","targetHints":{"allow":["GET"]}}],"collection":[{"href":"https:\/\/revistaepocadigital.com.ar\/index.php?rest_route=\/wp\/v2\/posts"}],"about":[{"href":"https:\/\/revistaepocadigital.com.ar\/index.php?rest_route=\/wp\/v2\/types\/post"}],"author":[{"embeddable":true,"href":"https:\/\/revistaepocadigital.com.ar\/index.php?rest_route=\/wp\/v2\/users\/4"}],"replies":[{"embeddable":true,"href":"https:\/\/revistaepocadigital.com.ar\/index.php?rest_route=%2Fwp%2Fv2%2Fcomments&post=5477"}],"version-history":[{"count":0,"href":"https:\/\/revistaepocadigital.com.ar\/index.php?rest_route=\/wp\/v2\/posts\/5477\/revisions"}],"wp:featuredmedia":[{"embeddable":true,"href":"https:\/\/revistaepocadigital.com.ar\/index.php?rest_route=\/wp\/v2\/media\/5479"}],"wp:attachment":[{"href":"https:\/\/revistaepocadigital.com.ar\/index.php?rest_route=%2Fwp%2Fv2%2Fmedia&parent=5477"}],"wp:term":[{"taxonomy":"category","embeddable":true,"href":"https:\/\/revistaepocadigital.com.ar\/index.php?rest_route=%2Fwp%2Fv2%2Fcategories&post=5477"},{"taxonomy":"post_tag","embeddable":true,"href":"https:\/\/revistaepocadigital.com.ar\/index.php?rest_route=%2Fwp%2Fv2%2Ftags&post=5477"}],"curies":[{"name":"wp","href":"https:\/\/api.w.org\/{rel}","templated":true}]}}