{"id":5480,"date":"2021-10-23T00:04:59","date_gmt":"2021-10-23T03:04:59","guid":{"rendered":"https:\/\/revistaepocadigital.com.ar\/?p=5480"},"modified":"2021-10-25T21:32:18","modified_gmt":"2021-10-26T00:32:18","slug":"coronavirus-en-exaltacion-de-la-cruz-un-caso-mas","status":"publish","type":"post","link":"https:\/\/revistaepocadigital.com.ar\/?p=5480","title":{"rendered":"CORONAVIRUS EN EXALTACI\u00d3N DE LA CRUZ.  Hubo un caso nuevo. Activos 9 y en estudio 13"},"content":{"rendered":"<p><strong>LA INFO DIARIA.<\/strong><!--more--><\/p>\n<div role=\"img\" data-hover=\"tooltip\" data-tooltip-content=\"Compartido con: P\u00fablico\" aria-label=\"Compartido con: P\u00fablico\">\n<div id=\"js_u\" class=\"_5pbx userContent _3576\" data-testid=\"post_message\" data-ft=\"{&quot;tn&quot;:&quot;K&quot;}\">\n<div class=\"_xlr\">\n<div id=\"fbPhotoSnowliftOwnerButtons\" class=\"mvm fbPhotosPhotoOwnerButtons stat_elem\"><\/div>\n<div id=\"fbPhotoSnowliftComputerVisionAnnotation\" class=\"fbPhotosPhotoCVAnnotation\"><\/div>\n<\/div>\n<p><strong>ESTAD\u00cdSTICAS<\/strong><strong>. (22-10<\/strong><strong>-21)<\/strong><\/p>\n<p>1 casos nuevos<\/p>\n<p>9 casos activos<\/p>\n<p>4062 casos recuperados.<\/p>\n<p>82 casos fallecidos.<\/p>\n<p>4154 casos confirmados en total.<\/p>\n<p>7772 casos descartados.<\/p>\n<p>13 casos en estudio.<\/p>\n<\/div>\n<hr \/>\n<p><strong>LA S\u00cdNTESIS<\/strong><\/p>\n<p>El d\u00eda 22 de octubre surgi\u00f3 un caso nuevo y 13 pasaron a estudio, manteniendose 9 casls activos.<\/p>\n<\/div>\n<p>El d\u00eda 21 de octubre hubo 2 casos nuevos, y dos nuevos y 11 en estudio.<\/p>\n<p>El d\u00eda 19 de octubre surgieron 2 casos nuevos y permanecieron s\u00f3lo 5 casos activos, en tanto en estudio se elev\u00f3 la cifra a 21 vecinos<\/p>\n<p>El d\u00eda 18 de octubre fue otra jornada sin casos nuevos de Covid, a su vez eran 5 los casos activos y 14 pasaron a estudio. Mientras tanto, continuaba la vacunaci\u00f3n.<\/p>\n<div role=\"img\" data-hover=\"tooltip\" data-tooltip-content=\"Compartido con: P\u00fablico\" aria-label=\"Compartido con: P\u00fablico\">\n<p>El d\u00eda 17 de octubre fue informado sobre la aparici\u00f3n de un caso nuevo, por otro lado se manten\u00edan solo 4 casos activos y 10 en estudio.<\/p>\n<p>El d\u00eda 14 de octubre hubo 2 casos positivos, los casos en estudio 14. La notable ca\u00edda de casos, no debe hacer que no se sigan cumpliendo con las medidas preventivas.<\/p>\n<\/div>\n<p>El d\u00eda 13 de octubre mostr\u00f3 s\u00f3lo un caso nuevo de Covid, manteni\u00e9ndose apenas 2 activos, mientras que para seguir de cerca a los casos en estudio, 18. No se encuentran pacientes internados en terapia intensiva en el hospital.<\/p>\n<p>El d\u00eda 8 de octubre tampoco se registaron casos nuevos, permaneciendo s\u00f3lo 3 activos en todo el distrito y muy pocos tambi\u00e9n en estudio: 5. El lunes 12 comienza la vacunaci\u00f3n a chicos entre 3 y 11 a\u00f1os, quienes los anotados, van recibiendo la notificaci\u00f3n.<\/p>\n<p>El d\u00eda 7 de octubre, hubo otras cifras auspiciosas dentro del panorama tan duro por la pandemia. No surgieron casos nuevos, 4 los que permanecieron activos y 6 en estudio.<\/p>\n<p>A su vez, una informaci\u00f3n de importancia. El 12 de este mes comienzan las vacunaciones a chicas y chicos de entre 3 y 11\u00a0 a\u00f1os.<\/p>\n<p>&nbsp;<\/p>\n<div role=\"img\" data-hover=\"tooltip\" data-tooltip-content=\"Compartido con: P\u00fablico\" aria-label=\"Compartido con: P\u00fablico\">\n<p>El d\u00eda 5 de octubre se produjo un caso positivo, y se mantuvieron 4 activos en tanto, 15 los vecinos en estudio.<\/p>\n<\/div>\n<p>El d\u00eda 4 de octubre se mantuvo los registros de los \u00faltimos tiempos, sin casos nuevos, s\u00f3lo 5 activos y 8 a estudio.<\/p>\n<div role=\"img\" data-hover=\"tooltip\" data-tooltip-content=\"Compartido con: P\u00fablico\" aria-label=\"Compartido con: P\u00fablico\">\n<p>El d\u00eda 3 de octubre, iniciado un nuevo mes, sigui\u00f3 la auspiciosa tendencia a la ca\u00edda de los casos. No apareci\u00f3 un positivo otra vez y los activos, reducidos a 5 mientras que 5 tambi\u00e9n en estudio<\/p>\n<p>El d\u00eda 27 de septiembre fue otra jornadaa sin aparici\u00f3n de casos de Covid, por otro lado 8 los casos activos y 9 en estudio.<\/p>\n<p>El d\u00eda 26 de septiembre continu\u00f3 remarc\u00e1ndose la disminuci\u00f3n de casos de Covid en Exaltaci\u00f3n de la Cruz. No aparicieron casos nuevos y los activos\u00a0 cayeron a s\u00f3lo 8. En tanto en estudio 18. De todas forma, a seguir cuid\u00e1ndose.<\/p>\n<\/div>\n<p>El d\u00eda 24 de septiembre otra ca\u00edda en los n\u00fameros de la pandemiaa en el pa\u00eds. No se registaron casos nuevos, permanecieron 11 activos<\/p>\n<div role=\"img\" data-hover=\"tooltip\" data-tooltip-content=\"Compartido con: P\u00fablico\" aria-label=\"Compartido con: P\u00fablico\">\n<p>El d\u00eda 23 de septiembre de nuevo no hubo casos nuevos, se mantuvieron 13 casos positivos y 13 en estudio.<\/p>\n<\/div>\n<p>El d\u00eda 22 de septiembre la tendencia a la baja continu\u00f3, hubo s\u00f3lo 1 caso nuevo y 6 en estudio. A la vez, permanecieron 17, El \u00e1rea de terapia intensiva del hospital, no alojaba pacientes,<\/p>\n<p>El d\u00eda 21 de septiembre, inicio de la primavera mostr\u00f3 que no hubo casos nuevos de Covid, a la vez cayeron a 18 los casos activos y 18 los vecinos en estudio.<\/p>\n<p>El d\u00eda 19 de septiembre surgi\u00f3 s\u00f3lo un caso nuevo, manteni\u00e9ndose 32 activos y 15 en estudio.<\/p>\n<p>El d\u00eda 18 de septiembre result\u00f3 otro d\u00eda sin casos positivos, en tanto se mantuvieron 32 actos y 19 a estudio.<\/p>\n<div role=\"img\" data-hover=\"tooltip\" data-tooltip-content=\"Compartido con: P\u00fablico\" aria-label=\"Compartido con: P\u00fablico\">\n<p>El d\u00eda 17 de septiembre no registr\u00f3 ning\u00fan caso nuevo de Covid, en l\u00ednea con los n\u00fameros generales de los \u00faltimos tiempos. A la vez, permanecieron 33 casos activos, y 17 los vecinos en estudio.<\/p>\n<p>El d\u00eda 15 de septiembre, los n\u00fameros continuaron representando un aliciente. S\u00f3lo se present\u00f3 un caso nuevo y apenas 3 pasaron a estudio. En tanto, 35 los activos<\/p>\n<\/div>\n<p>El d\u00eda 14 de septiembre, se registaron 5 casos positivos y permanecieron 32 activos y 25 se encontraban en estudio. Contin\u00faa la vacunaci\u00f3n.<\/p>\n<div role=\"img\" data-hover=\"tooltip\" data-tooltip-content=\"Compartido con: P\u00fablico\" aria-label=\"Compartido con: P\u00fablico\">\n<p>El d\u00eda 13 de septiembre hubo otros datos halague\u00f1os, al no registrarse ning\u00fan caso de Covid y\u00a0 al permanecer una cifra en baja sobre examenes 10, En Estudio 10.<\/p>\n<p>El d\u00eda 9 de septiembre arroj\u00f3 una gran noticia y otra muy triste. La primera que los casos activos cayeron a 35 y la dolorosa novedad vinculada a un fallecimiento, sumando 82. A su vez 13 en estudio.<\/p>\n<\/div>\n<p>El d\u00eda 8 de septiembre solo se produjo un caso nuevo, permanecieron en 102 los activos y 7 en estudio.<\/p>\n<p>El d\u00eda 7 de septiembre, se registraron s\u00f3lo 3 casos positivos, manteni\u00e9ndose en 102 los activos y 22 en estudio. A su vez, continuaba la vacunaci\u00f3n si bien, a un ritmo m\u00e1s pausado en cuanto a concurrencia de vecinos.<\/p>\n<div role=\"img\" data-hover=\"tooltip\" data-tooltip-content=\"Compartido con: P\u00fablico\" aria-label=\"Compartido con: P\u00fablico\">\n<p>El d\u00eda 6 de septiembre, la informaci\u00f3n consign\u00f3 3 casos nuevos de coronavirus; a la vez los activos tuvieron un leve descenso a 99 y los vecinos a estudios fueron 19.<\/p>\n<p>El d\u00eda 5 de septiembre se registr\u00f3 un dato sumamente alentador, no hubo casos nuevos en el distrito. Un hecho que no se daba desde comienzos de la pandemia con todo lo que signific\u00f3. Un hecho en el que seguro, ha tenido que ver, es la vacunaci\u00f3n. Por otro lado, se mantuvieron 100 casos activos y 15 en estudio.<\/p>\n<\/div>\n<p>El d\u00eda 4 de septiembre hubo 4 casos positivos nuevos, 96 activos y a estudio, 26 vecinos.<\/p>\n<div role=\"img\" data-hover=\"tooltip\" data-tooltip-content=\"Compartido con: P\u00fablico\" aria-label=\"Compartido con: P\u00fablico\">\n<p>El d\u00eda 1 de septiembre, inicio del mes, se sigui\u00f3 con muy escasos casos positivos, apenas 2. Los activos eran 94 y en estudio 10, mientras hab\u00edan arribado m\u00e1s vacunas.<\/p>\n<p>El d\u00eda 31 de agosto, cierre del mes mantuvo la direcci\u00f3n en cuanto a notoria baja de nuevos casos de Covid, s\u00f3lo se registro 1. Se mantuvieron 95 activos y 24 en estudio.<\/p>\n<\/div>\n<p>El d\u00eda 30 de agosto, se produjeron solo 3 casos positivos, y como dato para tener en cuenta y se\u00f1al una vez m\u00e1s que hay que continuar con la guardia en alto, se menciona que se elev\u00f3 a 35 el n\u00famero de vecinos en estudio. Por otro lado, eran 96 los activos.<\/p>\n<div role=\"img\" data-hover=\"tooltip\" data-tooltip-content=\"Compartido con: P\u00fablico\" aria-label=\"Compartido con: P\u00fablico\">\n<p>El d\u00eda 29 de agosto, se origin\u00f3 nuevamente un \u00fanico caso de Covid en el distrito, a su vez bajaron a 96 los casos activos y fueron 20 los vecinos en estudio. Cifras que disminuyendo desde hace un tiempo, resultan datos positivos en el marco de la pandemia.<\/p>\n<p>El d\u00eda 27 de agosto s\u00f3lo se origin\u00f3 un caso positivo, a su vez se manten\u00edan 101 casos activos y en estudio 20.<\/p>\n<p>El d\u00eda 26 de agosto se produjeron solo 2 casos de Covid, manteni\u00e9ndose en 102 los activos, y ninguno ocupaba la sala de terapia intensiva del hospital. A su vez, 16 en estudio<\/p>\n<p>El d\u00eda 24 de agosto, volvi\u00f3 a producirse un s\u00f3lo caso positivo, dato para destacar por cierto. En tanto permanec\u00edan 104 activos, y algo elevado los casos en estudio: 29<\/p>\n<\/div>\n<p>El d\u00eda 23 de agosto s\u00f3lo se registraron 3 casos nuevos de Covid siguiendo la tendencia m\u00e1s reciente a la baja, sin embargo para tener en cuenta, 32 casos pasaron a estudio a la vez que 104 permanecieron activos.<\/p>\n<p>El d\u00eda 22 de agosto depar\u00f3 una noticia muy auspiciosa, s\u00f3lo se registr\u00f3 un caso de Covid. La otra cara de la moneda estuvo dada porque los fallecimientos, el lado m\u00e1s doloroso de la pandemia, se elev\u00f3 a 81. Los casos activos 106 y en estudio 15.<\/p>\n<div role=\"img\" data-hover=\"tooltip\" data-tooltip-content=\"Compartido con: P\u00fablico\" aria-label=\"Compartido con: P\u00fablico\">\n<p>El 19 de agosto hubo de nuevo afortunadamente, escasos contagios nuevos, s\u00f3lo 4. A su vez, se mantuvieron 108 activos y 15 en estudio. Por otro lado, arribaron 500 vacunas mas de Sinopharm segunda dosis, y comenzaba a implementarse el env\u00edo de turnos.<\/p>\n<p>El d\u00eda 18 de agosto continu\u00f3 el surgimiento de escasos contagios: 4. A su vez, sem\u00e1ss mantuvieron 109 activos, y se elev\u00f3 algo el n\u00famero de vecinos en estudio: 23.<\/p>\n<p>El d\u00eda 17 de agosto hubo 4 casos y 109 activos y 10 vecinos en estudio, las cifras mantuvieron la tendencia a la baja de las \u00faltimas semanas<\/p>\n<p>El d\u00eda 16 de agosto se mantuvo el leve descenso de casos nuevos, solo hubo 4 y los activos 107 mientrs que 11 en estudio. Es de desear realmente que la tendencia siga la senda en descenso.<\/p>\n<p>El d\u00eda 15 de agosto se presentaron 6 casos positivos nuevos, en tanto hab\u00eda 111 activos y 21 pasaron a estudio. Prosigue la vacunaci\u00f3n.<\/p>\n<p>El d\u00eda 13 de agosto continu\u00f3 la auspiosa tendencia, s\u00f3lo se produjeron 3 casos nuevos y los activos mostraron una reducci\u00f3n a 112. A su tambi\u00e9n cayeron los casos en estudio: 7.<\/p>\n<p>El d\u00eda 12 de agosto, volvi\u00f3 a mostrar n\u00fameros a la baja. Solo quedaron registrados 4 casos nuevos en Exaltaci\u00f3n de la Cruz, a la vez cayeron los casos activos a 115 y en estudio 15.<\/p>\n<p>El d\u00eda 11 de agosto, tambi\u00e9n hubo muy pocos casos nuevos de Covid, apenas 2 y se mantuvieron 123 activos y 12 en estudio.<\/p>\n<p>El d\u00eda 10 de agosto se comprobaron s\u00f3lo 3 casos de Covid, y permanecieron 125 activos, en otra se\u00f1al alentadora, si bien 23 fueron los vecinos en estudio.<\/p>\n<\/div>\n<p>El d\u00eda 9 de agosto hubo 7 casos nuevos de Covid-19, a su 125 se mantuvieron atravesando la enfermedad y 17 estudio.<\/p>\n<p>La vacunaci\u00f3n. Comenz\u00f3 este lunes la campa\u00f1a de vacunaci\u00f3n de adolescentes, que se hayan inscripto previamente en el sistema de turnos, para recibir la PRIMERA DOSIS de la vacuna \u201cModerna\u201d, contra el coronavirus.<\/p>\n<div class=\"o9v6fnle cxmmr5t8 oygrvhab hcukyx3x c1et5uql ii04i59q\">\n<div dir=\"auto\">El primer vacunado de Exaltaci\u00f3n de la Cruz fue Joaqu\u00edn Silva, de Los Cardales, quien no dud\u00f3 en dar su testimonio y convocar a los chicos a sumarse a la campa\u00f1a. Lo mismo hizo Emilia, una chica de 17 a\u00f1os que le toc\u00f3 vacunarse el d\u00eda de su cumplea\u00f1os.<\/div>\n<\/div>\n<div class=\"o9v6fnle cxmmr5t8 oygrvhab hcukyx3x c1et5uql ii04i59q\">\n<div dir=\"auto\">Recordamos que la convocatoria es para ni\u00f1os\/as y j\u00f3venes de 12 a 18 a\u00f1os con comorbilidades, previa inscripci\u00f3n en <a class=\"oajrlxb2 g5ia77u1 qu0x051f esr5mh6w e9989ue4 r7d6kgcz rq0escxv nhd2j8a9 nc684nl6 p7hjln8o kvgmc6g5 cxmmr5t8 oygrvhab hcukyx3x jb3vyjys rz4wbd8a qt6c0cv9 a8nywdso i1ao9s8h esuyzwwr f1sip0of lzcic4wl py34i1dx gpro0wi8\" tabindex=\"0\" role=\"link\" href=\"https:\/\/www.vacunatepba.gba.gob.ar\/?fbclid=IwAR2V2djAeOogQstG2eYpzkgGvxoN8UMt9LXWFojlJPeLbNs5VwlY1BrwsiM\" target=\"_blank\" rel=\"nofollow noopener\">www.vacunatepba.gba.gob.ar<\/a><\/div>\n<\/div>\n<p>&nbsp;<\/p>\n<p>El d\u00eda 8 de agosto, el n\u00famero de nuevos casos de Covid, fue de s\u00f3lo 3. Los activos se mantuvieron en 126 y 17 en estudio.<\/p>\n<div role=\"img\" data-hover=\"tooltip\" data-tooltip-content=\"Compartido con: P\u00fablico\" aria-label=\"Compartido con: P\u00fablico\">\n<p>El d\u00eda 6 de agosto hubo 9 casos positivos m\u00e1s, los activos se mantuviero en 124 y los vecinos a estudio, 10.<\/p>\n<p>El d\u00eda 4 de agosto se anotaron 8 casos positivos nuevos, se mantuvieron 128 activos mientras que en el hospital bajo la ocupaci\u00f3n de camas en terapia intensiva. A su vez 14 casos fueron a estudio.<\/p>\n<p>El d\u00eda 3 de agosto, surgieron 7 casos nuevos y permanecieron 123 activos, en tanto pasaron a estudio 22 vecinos.<\/p>\n<p>El d\u00eda 2 de agosto hubo 6 casos, prolong\u00e1ndose la ca\u00edda en el n\u00famero de contagios en el distrito. Tambi\u00e9n leve ca\u00edda en casos activos: 127 y menor ocupaci\u00f3n de camas en terapia intensiva en el Hospital. Por otro lado, 19 en estudio.<\/p>\n<p>El d\u00eda 1 de agosto, se mantuvo la tendencia a la baja de casos, se registraron 7 c asos nuevos, 129 los activos y 12 en estudio. Y los fallecidos, la peor noticia producto de la pandemia: 78.<\/p>\n<\/div>\n<p>El d\u00eda 29 de julio hubo s\u00f3lo 8 casos nuevos, permaneciendo 135 activos, una cifra que se redujo, y 17 casos en estudio, mientrfas continuaba la vacunaci\u00f3n.<\/p>\n<div role=\"img\" data-hover=\"tooltip\" data-tooltip-content=\"Compartido con: P\u00fablico\" aria-label=\"Compartido con: P\u00fablico\">\n<p>El d\u00eda 28 de julio, con muy bajas temperaturas, otro fallecido (totalizan 77) fue la tan dura consecuencia del Covid. A su vez, surgieron 11 casos nuevos y 15 fueron a estudios.<\/p>\n<p>El d\u00eda 27 de julio fueron comprobados 8 casos nuevos, 138 se mantuvieron activos y 23 en estudios. Se ampl\u00eda el rango para vacunarse en cuanto a edades.<\/p>\n<\/div>\n<p>El d\u00eda 26 de julio, hubo s\u00f3lo 9 casos positivos nuevos, 134 los activos y 17 en estudio, n\u00fameros que reiteraron la tendencia a la baja.<\/p>\n<p>El d\u00eda 25 de julio, se registraron 11 casos nuevos, 131 los casos activos existentes. A su vez 13 los vecinos en estudio. Los datos han reiterado una ca\u00edda en los n\u00fameros que parece ir acentu\u00e1ndose<\/p>\n<div role=\"img\" data-hover=\"tooltip\" data-tooltip-content=\"Compartido con: P\u00fablico\" aria-label=\"Compartido con: P\u00fablico\">\n<p>El d\u00eda 22 de julio continu\u00f3 el arribo de m\u00e1s vacunas, mientras tanto se registraron 16 casos positivos m\u00e1s, por otro lado el n\u00famero de activos cay\u00f3 a 123 y quedaron 23 vecinos en estudio.<\/p>\n<p>El d\u00eda 21 de julio, hubo lamentablemente, 2 fallecidos m\u00e1s totalizando 76 al momento con la comprensible consternaci\u00f3n general. A su vez hubo s\u00f3lo 9 casos, permaneciendo 133 activos, y cuidado, subi\u00f3 mucho (48), el n\u00famero de vecinos en estudio.<\/p>\n<\/div>\n<p>El d\u00eda 20 de julio se registr\u00f3 tan s\u00f3lo un caso nuevo, lo que ha sido una buena se\u00f1al en el marco del amesetamiento de casos. Los casos activos 136 y los vecinos en estudio 27. En tanto, arrib\u00f3 otro importante lote de vacunas: 1200.<\/p>\n<p>El d\u00eda 19 de julio volvi\u00f3 a notarse una leve tendencia a la baja de casos de Covid, totalizando 137. A su vez hubo 10 casos nuevos y 15 en estudio.<\/p>\n<div role=\"img\" data-hover=\"tooltip\" data-tooltip-content=\"Compartido con: P\u00fablico\" aria-label=\"Compartido con: P\u00fablico\">\n<p>El d\u00eda 18 de julio, fueron registrados 10 casos nuevos, y permanecieron 143 activos y 18 en estudio, reiter\u00e1ndose la tendencia de amesetamiento.<\/p>\n<p>El d\u00eda 15 de julio se presentaron s\u00f3lo 5 casos nuevos, se mantuvieron 142 activos y 35 en estudio.<\/p>\n<p>El d\u00eda 14 de julio, los fallecidos ascendieron a 74 con todo el dolor que significa. Llegaron 400 vacunas mas. Hubo s\u00f3lo 6 casos positivos y 24 en estudio.<\/p>\n<p>El d\u00eda 12 de julio mientras es creciente la preocupaci\u00f3n por los casos de Covid detectado (15) de la temida variante Delta (el contagio puede darse segun informaciones periodisticas en solo 15 segundos de contacto puede producirse un contagio.<\/p>\n<p>En cuanto a la vacunaci\u00f3n, arribaron al centro vacunatorio del Complejo Salgado, de otras 700 dosis, en este caso de Sinopharm. Otra buena se\u00f1al del d\u00eda fue que siguio bajo el n\u00famereo de casos nuevos, 9. Tambien bajo algo los casos activos, 133 y 19 en estudio<\/p>\n<\/div>\n<p>El d\u00eda 11 de julio, anot\u00f3 para lamentar, otro fallecido, totalizan al momento 70. La cifra de casos nuevos sigui\u00f3 reducida, 9. Una reducci\u00f3n de los activos, 139 y 24 a estudio.<\/p>\n<p>El d\u00eda 9 de julio, el d\u00eda de la independencia, se produjo un hecho que dentro de la gravedad de la situaci\u00f3n, fue un aliciente: Hubo solo 2 casos nuevos y tambien menos casos en estudio, 16. Se mantuvieron 165 activos.<\/p>\n<p>El d\u00eda 7 de julio, se registraron 22 casos positivos nuevos, y se redujeron a 165 los activos, a su vez permanecieron en estudio 25.<\/p>\n<p>El d\u00eda 6 de julio se produjo otro fallecimiento, totalizaban 68. Baj\u00f3 el n\u00famero de casos nuevos, hubo 9 , permanecieron 176 activos. En cuanto a vacunas, arribaron 800 dosis m\u00e1s.<\/p>\n<div role=\"img\" data-hover=\"tooltip\" data-tooltip-content=\"Compartido con: P\u00fablico\" aria-label=\"Compartido con: P\u00fablico\">\n<p>El d\u00eda 4 de julio se comprobaron lamentablemente 2 fallecidos mas y hubo 13 casos positivos m\u00e1s y se not\u00f3 una buena reducci\u00f3n en los casos activos a 190\u00f1. A su vez 20 en estudio.<\/p>\n<p>El d\u00eda 3 de julio se produjo un crecimiento de los casos de Covid, ascendieron a 289 en el distrito, en tanto hubo 15 nuevos y 36 en estudio.<\/p>\n<p>En cuanto a la vacunaci\u00f3n, esta fue la informaci\u00f3n difundida por el municipio:<\/p>\n<p><img loading=\"lazy\" decoding=\"async\" class=\"aligncenter size-large wp-image-11177\" src=\"https:\/\/revistaepocadigital.com.ar\/wp-content\/uploads\/2021\/07\/209714764_4500915569961367_3379773620815824759_n-1197x1200.jpg\" alt=\"\" width=\"696\" height=\"698\" srcset=\"https:\/\/revistaepocadigital.com.ar\/wp-content\/uploads\/2021\/07\/209714764_4500915569961367_3379773620815824759_n-1197x1200.jpg 1197w, https:\/\/revistaepocadigital.com.ar\/wp-content\/uploads\/2021\/07\/209714764_4500915569961367_3379773620815824759_n-300x300.jpg 300w, https:\/\/revistaepocadigital.com.ar\/wp-content\/uploads\/2021\/07\/209714764_4500915569961367_3379773620815824759_n-150x150.jpg 150w, https:\/\/revistaepocadigital.com.ar\/wp-content\/uploads\/2021\/07\/209714764_4500915569961367_3379773620815824759_n-768x770.jpg 768w, https:\/\/revistaepocadigital.com.ar\/wp-content\/uploads\/2021\/07\/209714764_4500915569961367_3379773620815824759_n-696x698.jpg 696w, https:\/\/revistaepocadigital.com.ar\/wp-content\/uploads\/2021\/07\/209714764_4500915569961367_3379773620815824759_n-1068x1071.jpg 1068w, https:\/\/revistaepocadigital.com.ar\/wp-content\/uploads\/2021\/07\/209714764_4500915569961367_3379773620815824759_n-419x420.jpg 419w, https:\/\/revistaepocadigital.com.ar\/wp-content\/uploads\/2021\/07\/209714764_4500915569961367_3379773620815824759_n-838x840.jpg 838w, https:\/\/revistaepocadigital.com.ar\/wp-content\/uploads\/2021\/07\/209714764_4500915569961367_3379773620815824759_n.jpg 1277w\" sizes=\"auto, (max-width: 696px) 100vw, 696px\" \/><\/p>\n<\/div>\n<p>El d\u00eda 2 de julio hubo 11 casos nuevos y 214 activos, a su vez 24 en estudio. Por otro lado arrib\u00f3 otro importante lote de vacunas.<\/p>\n<div role=\"img\" data-hover=\"tooltip\" data-tooltip-content=\"Compartido con: P\u00fablico\" aria-label=\"Compartido con: P\u00fablico\">\n<p>El d\u00eda 1 de julio, se not\u00f3 con la reiterada preocupaci\u00f3n, el numero de casos positivos 36. A su se mantuvieron 203 activos y en estudio 25.<\/p>\n<p>El d\u00eda 30 de junio, finaliz\u00f3 el primer semestre del a\u00f1o con muy bajas temperaturas. Hubo 21 casos positivos, 203 positivos y 28 en estudio.<\/p>\n<\/div>\n<p>El d\u00eda 29 de junio, se super\u00f3 la barrera de los doscientos casos positivos (sumaron 205), hubo 19 casos positivos y 30 en estudio.<\/p>\n<div role=\"img\" data-hover=\"tooltip\" data-tooltip-content=\"Compartido con: P\u00fablico\" aria-label=\"Compartido con: P\u00fablico\">\n<p>El d\u00eda 28 de junio hubo 31 casos nuevos, cifra considerable en el contexto local. 190 permanecieron activos y 20 en estudio<\/p>\n<div class=\"o9v6fnle cxmmr5t8 oygrvhab hcukyx3x c1et5uql ii04i59q\">\n<div dir=\"auto\">En cuanto a la vacunaci\u00f3n, Exaltaci\u00f3n de la Cruz recibi\u00f3 la mayor partida de vacunas al momento, 2800 dosis en dos tandas. A las 2 mil vacunas de AstraZeneca que se anunciaron y se destinaron al vacunatorio que funciona en la Pileta Municipal, se le sumaron 800 unidades, en este caso de Sinopharm, para el centro de vacunaci\u00f3n del Hospital San Jos\u00e9.<\/div>\n<\/div>\n<div class=\"o9v6fnle cxmmr5t8 oygrvhab hcukyx3x c1et5uql ii04i59q\">\n<div dir=\"auto\">Dada la existencia en stock de vacunas, se recomienda a la poblaci\u00f3n chequear la App o mail, dado que se est\u00e1n enviando turnos a quienes oportunamente se inscribieron en vacunatepba.gba.gob.ar.<\/div>\n<div dir=\"auto\">Desde el 26\/6 se habilit\u00f3 la vacunaci\u00f3n de mayores de 50 a\u00f1os y mujeres embarazadas, sin turno, con sola presentaci\u00f3n de DNI que acredite domicilio en la provincia de Buenos Aires.<\/div>\n<\/div>\n<p>&nbsp;<\/p>\n<p>El d\u00eda 27 de junio, continuando las muy bajas temperaturas. Lamentablemente se produjo otro fallecimiento, al momento 64. Se presentaron menos casos positivo, 17. Sin embargo, elevado numero de vecinos en estudio, 40.<\/p>\n<p>El d\u00eda 25 de junio se constataron 25 casos m\u00e1s, los activos 197 y 19 en estudio. En cuanto la vacunaci\u00f3n, fue informado por la comuna que desde el 26\/6, quedaba abierta la vacunaci\u00f3n libre contra el Covid, para embarazadas y mayores de 50 a\u00f1os que no hubieran recibido la primera dosis, seg\u00fan anunci\u00f3 el gobernador bonaerense Axel Kicillof.<\/p>\n<\/div>\n<div role=\"img\" data-hover=\"tooltip\" data-tooltip-content=\"Compartido con: P\u00fablico\" aria-label=\"Compartido con: P\u00fablico\">\n<div class=\"o9v6fnle cxmmr5t8 oygrvhab hcukyx3x c1et5uql ii04i59q\">\n<div dir=\"auto\">El \u00fanico requisito, acreditar domicilio en la provincia de Buenos Aires y presentarse en cualquiera de los dos vacunatorios que funcionan en el distrito: En la pileta municipal, o en la parte posterior del Hospital San Jos\u00e9. Quienes a\u00fan no se hayan inscripto, pueden hacerlo a trav\u00e9s de vacunatepba.gba.gob.ar y esperar el turno correspondiente, que llegar\u00e1 de manera autom\u00e1tica.<\/div>\n<\/div>\n<\/div>\n<div dir=\"auto\"><\/div>\n<div dir=\"auto\"><\/div>\n<div role=\"img\" data-hover=\"tooltip\" data-tooltip-content=\"Compartido con: P\u00fablico\" aria-label=\"Compartido con: P\u00fablico\">\n<p>El d\u00eda 24 de junio, hubo 24 casos m\u00e1s de Covid en el distrito, totalizando 194 activos. A su vez se redujeron a 15 los vecinos en estudio. En cuanto a la vacunaci\u00f3n, se inform\u00f3 que arribaron 800 dosis de la vacuna Sinopharm.<\/p>\n<p>El d\u00eda 23 de junio, el registro marc\u00f3 26 nuevos casos positivos, manteni\u00e9ndose en 185 los activos y una alta ocupaci\u00f3n de camas en el Hospital San Jos\u00e9. En tanto, 33 en estudio.<\/p>\n<\/div>\n<p>El d\u00eda 22 de junio otro fallecido para lamentar producto del Covid, suman 63. Hubo 21 casos positivos nuevos,\u00a0 sumando 185 activos y 23 en estudio.<\/p>\n<p>El d\u00eda 21 de junio (feriado), un nuevo fallecimiento lamentablemente, al momento totalizaban 62 vecinos. A su vez, se produjeron 14 casos positivos nuevos; 192 permanecieron activos y 29 pasaron a estudio,<\/p>\n<div class=\"\" dir=\"auto\">\n<div id=\"jsc_c_er\" class=\"ecm0bbzt hv4rvrfc ihqw7lf3 dati1w0a\" data-ad-comet-preview=\"message\" data-ad-preview=\"message\">\n<div class=\"j83agx80 cbu4d94t ew0dbk1b irj2b8pg\">\n<div class=\"qzhwtbm6 knvmm38d\">\n<div class=\"kvgmc6g5 cxmmr5t8 oygrvhab hcukyx3x c1et5uql ii04i59q\">\n<div dir=\"auto\">LLEGARON 1000 NUEVAS VACUNAS, LA VACUNACI\u00d3N CONTIN\u00daA. Arribaron (21\/6) al vacunatorio del Complejo Andr\u00e9s Salgado, 1000 nuevas vacunas, d\u00e1ndole continuidad a la campa\u00f1a sanitaria m\u00e1s grande que recuerde el distrito. En las pr\u00f3ximas horas podr\u00edan llegar nuevos turnos para vacunarse, con lo que se pide atenci\u00f3n a la convocatoria, que se env\u00eda a trav\u00e9s de la App, mail o al tel\u00e9fono. Para anotarse: vacunatepba.gba.gob.ar<\/div>\n<\/div>\n<\/div>\n<\/div>\n<\/div>\n<\/div>\n<p>&nbsp;<\/p>\n<p>El d\u00eda 20 de junio, la noticia menos deseada: se produjeron dos fallecimientos m\u00e1s, elev\u00e1ndose a 61 los muertos por Covid en el distrito. En tanto, hubo menos casos positivos nuevos, 14 as\u00ed como en estudio, 19. Por otro lado, fue brindado el informe sobre la campa\u00f1an de vacunaci\u00f3n:<\/p>\n<p><img loading=\"lazy\" decoding=\"async\" class=\"aligncenter size-full wp-image-10999\" src=\"https:\/\/revistaepocadigital.com.ar\/wp-content\/uploads\/2021\/06\/203361396_4461671853885739_7006492400578755136_n.jpg\" alt=\"\" width=\"960\" height=\"960\" srcset=\"https:\/\/revistaepocadigital.com.ar\/wp-content\/uploads\/2021\/06\/203361396_4461671853885739_7006492400578755136_n.jpg 960w, https:\/\/revistaepocadigital.com.ar\/wp-content\/uploads\/2021\/06\/203361396_4461671853885739_7006492400578755136_n-300x300.jpg 300w, https:\/\/revistaepocadigital.com.ar\/wp-content\/uploads\/2021\/06\/203361396_4461671853885739_7006492400578755136_n-150x150.jpg 150w, https:\/\/revistaepocadigital.com.ar\/wp-content\/uploads\/2021\/06\/203361396_4461671853885739_7006492400578755136_n-768x768.jpg 768w, https:\/\/revistaepocadigital.com.ar\/wp-content\/uploads\/2021\/06\/203361396_4461671853885739_7006492400578755136_n-696x696.jpg 696w, https:\/\/revistaepocadigital.com.ar\/wp-content\/uploads\/2021\/06\/203361396_4461671853885739_7006492400578755136_n-420x420.jpg 420w, https:\/\/revistaepocadigital.com.ar\/wp-content\/uploads\/2021\/06\/203361396_4461671853885739_7006492400578755136_n-840x840.jpg 840w\" sizes=\"auto, (max-width: 960px) 100vw, 960px\" \/><\/p>\n<div role=\"img\" data-hover=\"tooltip\" data-tooltip-content=\"Compartido con: P\u00fablico\" aria-label=\"Compartido con: P\u00fablico\">\n<p>El d\u00eda 18 de junio, inicio del fin de semana largo, fueron informados 31 casos nuevos de Covid, elev\u00e1ndose respecto a la jornada anterior, y totalizaban al momento 183 casos activos, mientras que 30 en estudio.<\/p>\n<\/div>\n<p>El d\u00eda 17 de junio, mientras las bajas temperaturas se hicieron sentir, se inform\u00f3 que hubo 24 casos positivos y se mantuveron 183 activos y 34 pasaron a estudios.<\/p>\n<p>El\u00a0 d\u00eda 16 de junio arribaron a 1500 nuevas vacunas a Exaltaci\u00f3n de la Cruz, a modo de continuar con la campa\u00f1a de vacunaci\u00f3n, en cuyo marco han sido inmunizados 14312 vecinos, sobre un total de m\u00e1s de 24 mil inscriptos.<\/p>\n<div dir=\"auto\"><img loading=\"lazy\" decoding=\"async\" class=\"aligncenter size-medium wp-image-10935\" src=\"https:\/\/revistaepocadigital.com.ar\/wp-content\/uploads\/2021\/06\/vacunac-300x200.jpg\" alt=\"\" width=\"300\" height=\"200\" srcset=\"https:\/\/revistaepocadigital.com.ar\/wp-content\/uploads\/2021\/06\/vacunac-300x200.jpg 300w, https:\/\/revistaepocadigital.com.ar\/wp-content\/uploads\/2021\/06\/vacunac-768x511.jpg 768w, https:\/\/revistaepocadigital.com.ar\/wp-content\/uploads\/2021\/06\/vacunac-696x463.jpg 696w, https:\/\/revistaepocadigital.com.ar\/wp-content\/uploads\/2021\/06\/vacunac-631x420.jpg 631w, https:\/\/revistaepocadigital.com.ar\/wp-content\/uploads\/2021\/06\/vacunac.jpg 901w\" sizes=\"auto, (max-width: 300px) 100vw, 300px\" \/><\/div>\n<div class=\"o9v6fnle cxmmr5t8 oygrvhab hcukyx3x c1et5uql ii04i59q\">\n<div dir=\"auto\">De las vacunas arribadas, 1000 llegaron al vacunatorio que funciona en la pileta municipal, y las 500 restantes al Hospital San Jos\u00e9, ambos en Capilla del Se\u00f1or.<\/div>\n<\/div>\n<div class=\"o9v6fnle cxmmr5t8 oygrvhab hcukyx3x c1et5uql ii04i59q\">\n<div dir=\"auto\">Recordaron desde la municipalidad que los que a\u00fan no se inscribieron, pueden hacerlo en vacunatepba.gba.gob.ar.\u00a0 Y quien se hubiera anotado, debe chequear la App o el mail.<\/div>\n<\/div>\n<div dir=\"auto\"><\/div>\n<div dir=\"auto\">En la jornada, se constataron 23 casos positivos m\u00e1s, permaneciendo 174 activos y mantuvo un n\u00famero elevado de vecinos en estudio, 37.<\/div>\n<div dir=\"auto\"><\/div>\n<p>&nbsp;<\/p>\n<p>El d\u00eda 15 de junio se registgaron 17 casos positivos nuevos, sumando 181\u00a0 los activos y 38 en estudio.<\/p>\n<div role=\"img\" data-hover=\"tooltip\" data-tooltip-content=\"Compartido con: P\u00fablico\" aria-label=\"Compartido con: P\u00fablico\">\n<p>El d\u00eda 14 de junio hubo que soportar la peor noticia, otro fallecido, totalizando al momento 59. Hubo 19 casos m\u00e1s de Covid en el distrito; 177 los casos activos y bajaron los casos en estudio, 20<\/p>\n<p>El d\u00eda 13 de junio, inicio de una semana m\u00e1s, se registaron 12 casos nuevos y permanec\u00edan activos 186 vecinos con Covid. A su vez, 47 en estudio.<\/p>\n<\/div>\n<p>El d\u00eda 12 de junio, hubo 16 casos de Covid m\u00e1s en el distrito, a su vez fueron 189 los activos y 48 los que se encontraban en estudio.<\/p>\n<p>Abajo, el resumen al d\u00eda de la vacunaci\u00f3n en Exaltaci\u00f3n de la Cruz.<\/p>\n<p><img loading=\"lazy\" decoding=\"async\" class=\"aligncenter size-full wp-image-10867\" src=\"https:\/\/revistaepocadigital.com.ar\/wp-content\/uploads\/2021\/06\/PHOTO-2021-06-12-20-27-00.jpg\" alt=\"\" width=\"1181\" height=\"1181\" srcset=\"https:\/\/revistaepocadigital.com.ar\/wp-content\/uploads\/2021\/06\/PHOTO-2021-06-12-20-27-00.jpg 1181w, https:\/\/revistaepocadigital.com.ar\/wp-content\/uploads\/2021\/06\/PHOTO-2021-06-12-20-27-00-300x300.jpg 300w, https:\/\/revistaepocadigital.com.ar\/wp-content\/uploads\/2021\/06\/PHOTO-2021-06-12-20-27-00-150x150.jpg 150w, https:\/\/revistaepocadigital.com.ar\/wp-content\/uploads\/2021\/06\/PHOTO-2021-06-12-20-27-00-768x768.jpg 768w, https:\/\/revistaepocadigital.com.ar\/wp-content\/uploads\/2021\/06\/PHOTO-2021-06-12-20-27-00-696x696.jpg 696w, https:\/\/revistaepocadigital.com.ar\/wp-content\/uploads\/2021\/06\/PHOTO-2021-06-12-20-27-00-1068x1068.jpg 1068w, https:\/\/revistaepocadigital.com.ar\/wp-content\/uploads\/2021\/06\/PHOTO-2021-06-12-20-27-00-420x420.jpg 420w, https:\/\/revistaepocadigital.com.ar\/wp-content\/uploads\/2021\/06\/PHOTO-2021-06-12-20-27-00-840x840.jpg 840w\" sizes=\"auto, (max-width: 1181px) 100vw, 1181px\" \/><\/p>\n<p>&nbsp;<\/p>\n<div role=\"img\" data-hover=\"tooltip\" data-tooltip-content=\"Compartido con: P\u00fablico\" aria-label=\"Compartido con: P\u00fablico\">\n<p>El d\u00eda 11 de junio, se conocieron otros 23 vecinos con Covid, 192 permanecieron como casos activos y 40 en estudio. En tanto, continuaba la vacunaci\u00f3n y hab\u00edan arribado 600 dosis m\u00e1s.<\/p>\n<p>El d\u00eda 10 de junio hubo 33 casos positivos, y permanecieron 184 activos. A la vez, otra vez altos n\u00fameros de vecinos en estudio.<\/p>\n<\/div>\n<p>El d\u00eda 9 de junio arroj\u00f3\u00a0 cifras similares a jornadas anteriores, con el pesar por un nuevo fallecimiento, totaliz\u00e1ndo 58. Los casos positivos 23, 204 los activos y 43 a estudio.<\/p>\n<div role=\"img\" data-hover=\"tooltip\" data-tooltip-content=\"Compartido con: P\u00fablico\" aria-label=\"Compartido con: P\u00fablico\">\n<p>El d\u00eda 8 de junio. La cifra m\u00e1s dolorosa, la de fallecidos, sum\u00f3 otro vecino que no pudo superar la enfermedad, han sido 57 los fallecidos. Hubo 22 casos de coronavirus m\u00e1s. Los activos 219 y en estudio 45.<\/p>\n<\/div>\n<p>El d\u00eda 7 de junio hubo 25 casos nuevos de Covid en el distrito, ubic\u00e1ndose en 213 los activos y se mantuvo elevada los casos en estudio, 43.<\/p>\n<p>El d\u00eda 6 de junio, finalizaci\u00f3n del confinamiento del fin de semana, hubo 18 casos positivos nuevos, y totalizaban 220 activos, en tanto 48 para estudiar.<\/p>\n<p>El d\u00eda 5 junio, fin de semana de confinamiento, se constataron 21 casos de Covid m\u00e1s, totalizando al momento 223 activos. En tanto, fue elevado el numero de vecinos en estudio, 57.<\/p>\n<p>Por otro lado, el municipio inform\u00f3 sobre la marca de la vacunaci\u00f3n, recordando que en la semana que culminaba se registr\u00f3 un r\u00e9cord de vacunas arribadas al distrito.<\/p>\n<p><img loading=\"lazy\" decoding=\"async\" class=\"aligncenter size-full wp-image-10741\" src=\"https:\/\/revistaepocadigital.com.ar\/wp-content\/uploads\/2021\/06\/196601746_4423078794411712_4613152880881521176_n.jpg\" alt=\"\" width=\"960\" height=\"960\" srcset=\"https:\/\/revistaepocadigital.com.ar\/wp-content\/uploads\/2021\/06\/196601746_4423078794411712_4613152880881521176_n.jpg 960w, https:\/\/revistaepocadigital.com.ar\/wp-content\/uploads\/2021\/06\/196601746_4423078794411712_4613152880881521176_n-300x300.jpg 300w, https:\/\/revistaepocadigital.com.ar\/wp-content\/uploads\/2021\/06\/196601746_4423078794411712_4613152880881521176_n-150x150.jpg 150w, https:\/\/revistaepocadigital.com.ar\/wp-content\/uploads\/2021\/06\/196601746_4423078794411712_4613152880881521176_n-768x768.jpg 768w, https:\/\/revistaepocadigital.com.ar\/wp-content\/uploads\/2021\/06\/196601746_4423078794411712_4613152880881521176_n-696x696.jpg 696w, https:\/\/revistaepocadigital.com.ar\/wp-content\/uploads\/2021\/06\/196601746_4423078794411712_4613152880881521176_n-420x420.jpg 420w, https:\/\/revistaepocadigital.com.ar\/wp-content\/uploads\/2021\/06\/196601746_4423078794411712_4613152880881521176_n-840x840.jpg 840w\" sizes=\"auto, (max-width: 960px) 100vw, 960px\" \/><\/p>\n<p>&nbsp;<\/p>\n<p>El d\u00eda 4 de junio se conoci\u00f3 otro fallecimiento m\u00e1s, al momento han sido 56 con el significado tan triste que implica. Por otro lado, hubo 28 casos positivos nuevos y, sigui\u00f3 elevado el numero de casos en estudio, 42.<\/p>\n<p>El d\u00eda 3 de junio result\u00f3 otra jornada compleja. Hubo 22 casos nuevos (menos que el d\u00eda anterior) y se notaban 216 casos activos, en tanto 45 los derivados a estudios.<\/p>\n<p>El d\u00eda 2 de junio mostr\u00f3 un marcado n\u00famero de casos positivos en el distrito, 44. A su vez, los casos positivos eran 192 y 41 los casos en estudio.<\/p>\n<p>A su vez, en la imagen que ves abajo, se muestran los datos actualizados para Exaltaci\u00f3n de la Cruz en materia de vacunaci\u00f3n:<\/p>\n<p><strong><img loading=\"lazy\" decoding=\"async\" class=\"aligncenter size-full wp-image-10699\" src=\"https:\/\/revistaepocadigital.com.ar\/wp-content\/uploads\/2021\/05\/191413651_4414341195285472_9010894817435605679_n.jpg\" alt=\"\" width=\"843\" height=\"843\" srcset=\"https:\/\/revistaepocadigital.com.ar\/wp-content\/uploads\/2021\/05\/191413651_4414341195285472_9010894817435605679_n.jpg 843w, https:\/\/revistaepocadigital.com.ar\/wp-content\/uploads\/2021\/05\/191413651_4414341195285472_9010894817435605679_n-300x300.jpg 300w, https:\/\/revistaepocadigital.com.ar\/wp-content\/uploads\/2021\/05\/191413651_4414341195285472_9010894817435605679_n-150x150.jpg 150w, https:\/\/revistaepocadigital.com.ar\/wp-content\/uploads\/2021\/05\/191413651_4414341195285472_9010894817435605679_n-768x768.jpg 768w, https:\/\/revistaepocadigital.com.ar\/wp-content\/uploads\/2021\/05\/191413651_4414341195285472_9010894817435605679_n-696x696.jpg 696w, https:\/\/revistaepocadigital.com.ar\/wp-content\/uploads\/2021\/05\/191413651_4414341195285472_9010894817435605679_n-420x420.jpg 420w, https:\/\/revistaepocadigital.com.ar\/wp-content\/uploads\/2021\/05\/191413651_4414341195285472_9010894817435605679_n-840x840.jpg 840w\" sizes=\"auto, (max-width: 843px) 100vw, 843px\" \/><\/strong><\/p>\n<p>&nbsp;<\/p>\n<div role=\"img\" data-hover=\"tooltip\" data-tooltip-content=\"Compartido con: P\u00fablico\" aria-label=\"Compartido con: P\u00fablico\">\n<p>El 1 de junio surgieron 18 casos nuevos, permaneciendo 216 activos y 44 en estudio.<\/p>\n<\/div>\n<p>El d\u00eda 31 de mayo, finalizaci\u00f3n de un mes muy complicado, desde el municipio se inform\u00f3 acerca de la llegadade 2 mil vacunas a Exaltaci\u00f3n de la Cruz, en el marco de la campa\u00f1a de vacunaci\u00f3n m\u00e1s grande que recuerde el distrito. El arribo se concret\u00f3 tanto en el vacunatorio que funciona en el complejo Andr\u00e9s Salgado, en la pileta municipal, como en el Hospital San Jos\u00e9, en donde tambi\u00e9n se vacuna contra el coronavirus.<\/p>\n<div class=\"\" dir=\"auto\">\n<div id=\"jsc_c_2p2\" class=\"ecm0bbzt hv4rvrfc ihqw7lf3 dati1w0a\" data-ad-comet-preview=\"message\" data-ad-preview=\"message\">\n<div class=\"j83agx80 cbu4d94t ew0dbk1b irj2b8pg\">\n<div class=\"qzhwtbm6 knvmm38d\">\n<div class=\"o9v6fnle cxmmr5t8 oygrvhab hcukyx3x c1et5uql ii04i59q\">\n<div dir=\"auto\">Ante ese stock, se espera para esta semana una mayor convocatoria para personas inscriptas, con lo que se recomienda estar atentos a las v\u00edas de notificaci\u00f3n con las que se maneja esta acci\u00f3n sanitaria. En Exaltaci\u00f3n de la Cruz ya se aplicaron 13.424 dosis, mientras que el n\u00famero de personas inscriptas alcanza los 20.358. Con el arribo al pa\u00eds de 2 millones de dosis, el ritmo se intensifica. Los interesados pueden inscribirse en vacunatepba.gba.gov.ar, dado que la convocatoria sigue abierta.<\/div>\n<div><\/div>\n<div>En cuanto a las estad\u00edsticas diarias de casos de Covid, cifras se mantuvieron elevadas. Hubo 36 casos nuevos y 32 en estudio. Casos activos 192.<\/div>\n<div>\n<p>&nbsp;<\/p>\n<p>&nbsp;<\/p>\n<p>El d\u00eda 30 de mayo registr\u00f3 el 55\u00ba fallecimiento, con el pesar imaginable; hubo 29 casos de coronavirus nuevos, elev\u00e1ndose a 198 los casos activos y 27 en estudio.<\/p>\n<div role=\"img\" data-hover=\"tooltip\" data-tooltip-content=\"Compartido con: P\u00fablico\" aria-label=\"Compartido con: P\u00fablico\">\n<p>El d\u00eda 29 de mayo, se reiteraron las cifras muy considerables en el contexto de Exaltaci\u00f3n de la Cruz. Hubo 28 casos positivos de coronavirus, crecieron los activos\u00a0 a 191 y tambien los vecinos en estudio, 41<\/p>\n<p>A su vez el municipio difundi\u00f3 un nuevo reporte de la vacunaci\u00f3n en curso, reflejado a continuaci\u00f3n:<\/p>\n<p><img loading=\"lazy\" decoding=\"async\" class=\"aligncenter size-full wp-image-10642\" src=\"https:\/\/revistaepocadigital.com.ar\/wp-content\/uploads\/2021\/05\/193269741_4402838156435776_6697404926749435763_n.jpg\" alt=\"\" width=\"1181\" height=\"1181\" srcset=\"https:\/\/revistaepocadigital.com.ar\/wp-content\/uploads\/2021\/05\/193269741_4402838156435776_6697404926749435763_n.jpg 1181w, https:\/\/revistaepocadigital.com.ar\/wp-content\/uploads\/2021\/05\/193269741_4402838156435776_6697404926749435763_n-300x300.jpg 300w, https:\/\/revistaepocadigital.com.ar\/wp-content\/uploads\/2021\/05\/193269741_4402838156435776_6697404926749435763_n-150x150.jpg 150w, https:\/\/revistaepocadigital.com.ar\/wp-content\/uploads\/2021\/05\/193269741_4402838156435776_6697404926749435763_n-768x768.jpg 768w, https:\/\/revistaepocadigital.com.ar\/wp-content\/uploads\/2021\/05\/193269741_4402838156435776_6697404926749435763_n-696x696.jpg 696w, https:\/\/revistaepocadigital.com.ar\/wp-content\/uploads\/2021\/05\/193269741_4402838156435776_6697404926749435763_n-1068x1068.jpg 1068w, https:\/\/revistaepocadigital.com.ar\/wp-content\/uploads\/2021\/05\/193269741_4402838156435776_6697404926749435763_n-420x420.jpg 420w, https:\/\/revistaepocadigital.com.ar\/wp-content\/uploads\/2021\/05\/193269741_4402838156435776_6697404926749435763_n-840x840.jpg 840w\" sizes=\"auto, (max-width: 1181px) 100vw, 1181px\" \/><\/p>\n<p>El d\u00eda 28 de mayo hubo otro salto hacia arriba en el n\u00famero de casos, que llegaron en el distrito a 45. A su vez, pasaron a estudio 52 vecinos, y eran 170 los activos. Panorama que no hace que reiterar la imperiosa necesidad de adoptar todos los cuidados recomendados, porque la segunda ola sigue pegando fuerte.<\/p>\n<p>El d\u00eda 27 de mayo se registraron menos casos nuevos, 9. A su vez eran 182 los activos y elevadas las cifras de las personas en estudio, 38.<\/p>\n<\/div>\n<p>El d\u00eda 26 de mayo, primero h\u00e1bil de la nueva cuarentena estricta, las cifras en el distrito se mantuvieron con pocos cambios, con leve tendencia a la baja. Hubo 31 casos nuevos positivos, 179 activos y 37 se encontraron en estudio.<\/p>\n<p>El d\u00eda 25 de mayo, feriado, las cifras dentro del contexto del distrito, se mantuvieron en un n\u00famero considerable, acorde a las dif\u00edciles circunstancias actuales. Se registraron 30 casos positivos nuevos, en tanto los activos se redujeron m\u00ednimamente, a 174. A su vez, 37 las personas en estudio.<\/p>\n<p>Acerca de la vacunaci\u00f3n, m\u00e1s esencial que nunca, contin\u00faa en Exaltaci\u00f3n de la Cruz. En tal sentido, arribaron al Hospital San Jos\u00e9, 600 nuevas vacunas. En este caso correspondientes a la 2\u00aa d\u00f3sis de la Sputnik V. Las inscripciones para vacunare siguen abiertas en vacunatepba.gba.gov.ar<\/p>\n<div class=\"\" dir=\"auto\">\n<div id=\"jsc_c_1zt\" class=\"ecm0bbzt hv4rvrfc ihqw7lf3 dati1w0a\" data-ad-comet-preview=\"message\" data-ad-preview=\"message\">\n<div class=\"j83agx80 cbu4d94t ew0dbk1b irj2b8pg\">\n<div class=\"qzhwtbm6 knvmm38d\">\n<div class=\"o9v6fnle cxmmr5t8 oygrvhab hcukyx3x c1et5uql ii04i59q\">\n<div dir=\"auto\"><\/div>\n<div dir=\"auto\"><\/div>\n<\/div>\n<\/div>\n<\/div>\n<\/div>\n<\/div>\n<div role=\"img\" data-hover=\"tooltip\" data-tooltip-content=\"Compartido con: P\u00fablico\" aria-label=\"Compartido con: P\u00fablico\">\n<p>El d\u00eda 24 de mayo, reiter\u00f3 el presente duro con 50 casos en estudio, en tanto fueron 10 los casos nuevos totalizando 200.<\/p>\n<\/div>\n<p>E d\u00eda 23 de mayo en pleno fin de semana largo, hubo 13 casos positivos nuevos, y totalizaron 207 los activos, mientras que 25 las personas estudiadas.<\/p>\n<p>El d\u00eda 22 de mayo se mantuvo la tendencia, 16 casos nuevos, 212 activos y 43 en estudio. Por otro lado, se inform\u00f3 sobre la marcha de la vacunaci\u00f3n:<\/p>\n<p><img loading=\"lazy\" decoding=\"async\" class=\"aligncenter size-full wp-image-10553\" src=\"https:\/\/revistaepocadigital.com.ar\/wp-content\/uploads\/2021\/05\/189662829_4381064548613137_5765422175397670939_n.jpg\" alt=\"\" width=\"960\" height=\"960\" srcset=\"https:\/\/revistaepocadigital.com.ar\/wp-content\/uploads\/2021\/05\/189662829_4381064548613137_5765422175397670939_n.jpg 960w, https:\/\/revistaepocadigital.com.ar\/wp-content\/uploads\/2021\/05\/189662829_4381064548613137_5765422175397670939_n-300x300.jpg 300w, https:\/\/revistaepocadigital.com.ar\/wp-content\/uploads\/2021\/05\/189662829_4381064548613137_5765422175397670939_n-150x150.jpg 150w, https:\/\/revistaepocadigital.com.ar\/wp-content\/uploads\/2021\/05\/189662829_4381064548613137_5765422175397670939_n-768x768.jpg 768w, https:\/\/revistaepocadigital.com.ar\/wp-content\/uploads\/2021\/05\/189662829_4381064548613137_5765422175397670939_n-696x696.jpg 696w, https:\/\/revistaepocadigital.com.ar\/wp-content\/uploads\/2021\/05\/189662829_4381064548613137_5765422175397670939_n-420x420.jpg 420w, https:\/\/revistaepocadigital.com.ar\/wp-content\/uploads\/2021\/05\/189662829_4381064548613137_5765422175397670939_n-840x840.jpg 840w\" sizes=\"auto, (max-width: 960px) 100vw, 960px\" \/><\/p>\n<p>&nbsp;<\/p>\n<div role=\"img\" data-hover=\"tooltip\" data-tooltip-content=\"Compartido con: P\u00fablico\" aria-label=\"Compartido con: P\u00fablico\">\n<p>El d\u00eda 21 de mayo, ha marcado a fuego el cr\u00edtico momento de la pandemia, iniciado con un nuevo fallecimiento que elev\u00f3 a 54 los muertos por Covid. El municipio aclar\u00f3: &#8220;Para evitar confusiones y despejar dudas informamos que, si bien ayer (20-5) hab\u00eda s\u00f3lo 39 casos en estudio, el total de 45 positivos (21-5) obedece a la inclusi\u00f3n en la estad\u00edstica a los \u201ccontagios por nexo\u201d. Se denomina \u201ccontagio por nexo\u201d a toda aquella persona que convive con casos de Covid-19, confirmados por laboratorio. A\u00fan sin hacerles hisopado, directamente se los considera como positivo. Con este diagn\u00f3stico r\u00e1pido, se reduce la circulaci\u00f3n comunitaria del virus y se obliga a los \u201cpositivo por nexo\u201d a respetar el aislamiento, como con cualquier contagio.<\/p>\n<p>El d\u00eda 20 de mayo las cifras siguieron siendo elevadas para Exaltaci\u00f3n de la Cruz, 19 casos nuevos, 188 activos y 39 en estudio.<\/p>\n<\/div>\n<p>El d\u00eda 19 de mayo, mantuvo la constante que tanto preocupa, con un fallecido m\u00e1s para llegar a 53 fallecidos. Fueron 17 los casos positivos, ascendieron a 189 los activos, y 38 en estudio, mientras segu\u00eda la vacunaci\u00f3n y se aguardaban m\u00e1s medidas del gobierno nacional.<\/p>\n<div role=\"img\" data-hover=\"tooltip\" data-tooltip-content=\"Compartido con: P\u00fablico\" aria-label=\"Compartido con: P\u00fablico\">\n<p>El d\u00eda 18 de mayo, se registraron lamentablemente dos fallecimientos m\u00e1s, al momento totalizados 52. Fueron 23 casos positivos, 169 activos y 39 en estudio. La delicada situaci\u00f3n perduraba.<\/p>\n<\/div>\n<p>El d\u00eda 17 de mayo, la preocupaci\u00f3n se profundiz\u00f3 al registrarse 25 casos de coronavirus nuevos, y 45 vecinos en estudio. La situaci\u00f3n que marca la segunda ola, sigue manteni\u00e9ndose y podr\u00eda derivar en m\u00e1s restricciones y vuelta a fases anteriores, medidas que podr\u00eda adoptar el gobierno nacional<\/p>\n<p>El d\u00eda 16 de mayo se vivi\u00f3 otro golpe duro, falleci\u00f3 otro vecino, ya son 50, con el dolor imaginable. Hubo 13 casos positivos sumandose 154 y, el dato que simpre genera inquietud, los que se encontraron en estudio: 30.<\/p>\n<p>El d\u00eda 15 de mayo surgieron 15 casos positivos m\u00e1s, totalizando 150 activos. En estudio 20. Tambi\u00e9n desde el municipio se inform\u00f3 sobre la marcha de la vacunaci\u00f3n.<\/p>\n<p><img loading=\"lazy\" decoding=\"async\" class=\"aligncenter size-full wp-image-10421\" src=\"https:\/\/revistaepocadigital.com.ar\/wp-content\/uploads\/2021\/05\/187248067_4358861737500085_6130811087733111177_n.jpg\" alt=\"\" width=\"960\" height=\"960\" srcset=\"https:\/\/revistaepocadigital.com.ar\/wp-content\/uploads\/2021\/05\/187248067_4358861737500085_6130811087733111177_n.jpg 960w, https:\/\/revistaepocadigital.com.ar\/wp-content\/uploads\/2021\/05\/187248067_4358861737500085_6130811087733111177_n-300x300.jpg 300w, https:\/\/revistaepocadigital.com.ar\/wp-content\/uploads\/2021\/05\/187248067_4358861737500085_6130811087733111177_n-150x150.jpg 150w, https:\/\/revistaepocadigital.com.ar\/wp-content\/uploads\/2021\/05\/187248067_4358861737500085_6130811087733111177_n-768x768.jpg 768w, https:\/\/revistaepocadigital.com.ar\/wp-content\/uploads\/2021\/05\/187248067_4358861737500085_6130811087733111177_n-696x696.jpg 696w, https:\/\/revistaepocadigital.com.ar\/wp-content\/uploads\/2021\/05\/187248067_4358861737500085_6130811087733111177_n-420x420.jpg 420w, https:\/\/revistaepocadigital.com.ar\/wp-content\/uploads\/2021\/05\/187248067_4358861737500085_6130811087733111177_n-840x840.jpg 840w\" sizes=\"auto, (max-width: 960px) 100vw, 960px\" \/><\/p>\n<p>El d\u00eda 14 de mayo hubo que lamentar otro fallecido, sumaron 49 con el imaginable dolor y pesar general. Hubo 14 casos positivos, y los activos se elevaron a 153 y hubo 23 casos en estudio. En tanto, continuaba la vacunaci\u00f3n.<\/p>\n<p>El d\u00eda 13 de mayo reflej\u00f3 una jornada muy preocupante con 22 casos nuevos y 29 que permanecieron en estudio, en tanto segu\u00edan 148 activos.<\/p>\n<p>El d\u00eda 12 de mayo, marc\u00f3 otro preocupante n\u00famero de casos en estudio: 47. Permanec\u00edan 148 activos y 16 los casos nuevos.<\/p>\n<p>El d\u00eda 11 de mayo hubo 8 casos nuevos, manteni\u00e9ndose 148 activos y 33 en estudio.<\/p>\n<div role=\"img\" data-hover=\"tooltip\" data-tooltip-content=\"Compartido con: P\u00fablico\" aria-label=\"Compartido con: P\u00fablico\">\n<p>El d\u00eda 10 de mayo hubo 16 casos nuevos y permanecieron 139 activos. 28 los casos en estudio. La situaci\u00f3n se mantuvo compleja.<\/p>\n<\/div>\n<p>El d\u00eda 9 de mayo surgieron 9 casos positivos nuevos y permanec\u00edan 140 activos y en estudio 30. La nota tan dolorosa la marcaron los 48 fallecidos desde el inicio de la pandemia, reflejo de las inmensamente dolorosas consecuencias que deja el Covid.<\/p>\n<p>El d\u00eda 7 de mayo, los datos reiteraron m\u00e1s casos de coronavirus nuevos, 22. Los positivos eran 141 y significativo el n\u00famero personas en estudio, 31.<\/p>\n<p>El d\u00eda 6 de mayo surgieron 15 casos positivos, mientras permanecieron 150 activos y 15\u00a0 los casos en estudio. Contin\u00faa la vacunaci\u00f3n.<\/p>\n<p>El d\u00eda 5 de mayo marc\u00f3 otro momento doloroso, ante el falleciento de un vecino, elevandose a 44 los que no pudieron superar al virus. Hubo 17 casos positivos nuevos y se mantuvieron 147 activos y 20 hab\u00eda en estudio.<\/p>\n<p>El d\u00eda 4 de mayo los nuevos casos fueron 16, mientras que parmanec\u00edan 146 activos y 23 en estudio. En tanto continuaba la vacunaci\u00f3n, para lo cual\u00a0 hab\u00edan arribado Capilla del Se\u00f1or, 500 vacunas m\u00e1s.<\/p>\n<div role=\"img\" data-hover=\"tooltip\" data-tooltip-content=\"Compartido con: P\u00fablico\" aria-label=\"Compartido con: P\u00fablico\">\n<p>El d\u00eda 3 de mayo, hubo otro fallecimiento lamentablemente de un vecino del distrito, y fueron confirmados 25 casos positivos nuevos. A su vez permanec\u00edan 137 casos activos, cifra algo menor a la jornada anterior, y 32 en estudio.<\/p>\n<\/div>\n<p>El d\u00eda 2 de mayo registr\u00f3 otro fallecimiente, al momento han sido 42, el dato doloroso por cierto. Hubo un descenso de casos, 5. En tanto tambi\u00e9n se redujo un poco el n\u00famero de casos positivos, 166. La preocupaci\u00f3n latente en los casos en estudio, 33.<\/p>\n<div role=\"img\" data-hover=\"tooltip\" data-tooltip-content=\"Compartido con: P\u00fablico\" aria-label=\"Compartido con: P\u00fablico\">\n<p>El d\u00eda 30 de abril, \u00faltimo del mes, propin\u00f3 otro muy duro golpe al haberse registrado 3 fallecimientos mas, lo que ha elevado a 41 las personas que murieron debido al Covid. Remarca las terribles y desgraciadas consecuencias del virus. En tanto, 182 casos activos continuaban dando batalla y 17 los nuevos casos.<\/p>\n<\/div>\n<p>El d\u00eda 29 de abril, fue constado otro fallecimiento, muy lamentado por cierto. Los casos confirmados fueron 21. Los activos eran 185 y 42 otro n\u00famero para tener muy en cuenta, los casos en estudio. En tanto, arribaron 800 dosis de vacunas de origen chino.<\/p>\n<p>El d\u00eda 28 de abril hubo 18 casos nuevos, sumando 197 en total los activos y 26 se encontraban en estudio. En tanto continuaba la vacunaci\u00f3n.<\/p>\n<p>El d\u00eda 27 de abril, se vivi\u00f3 otro momento doloroso como ninguno ocasionado por la pandemia. Se registraron 3 muertes m\u00e1s, con todo lo que significa p\u00e9rdidas de vida debido al Covid 19. Baj\u00f3 algo el n\u00famero de casos nuevos: 17; continuaban 192 casos activos y 24 en estudio.<\/p>\n<div role=\"img\" data-hover=\"tooltip\" data-tooltip-content=\"Compartido con: P\u00fablico\" aria-label=\"Compartido con: P\u00fablico\">\n<p>El d\u00eda 26 de abril, surgieron 23 casos de Covid nuevos, totalizando 182 activos a la vez que hubo 39 casos en estudio. Por otro lado, arribaron al distrito 400 dosis m\u00e1s de vacunas.<\/p>\n<\/div>\n<p>El d\u00eda 25 de abril, ingresando en la \u00faltima semana del mes, se registraron 28 casos nuevos, y 167 manteni\u00e9ndose la media elevada. 48 los casos en estudio.<\/p>\n<p>El d\u00eda 24 de abril, result\u00f3 otra dura jornada dentro del contexto del distrito. Hubo 33 nuevos casos de Covid, permanecieron 152 activos, y la cifra de vecinos en estudio, sigui\u00f3 siendo preocupante, 51.<\/p>\n<p>A su vez, mientras contin\u00faa la vacunaci\u00f3n, se supo que entre este domingo y m\u00edercoles arribaban al pa\u00eds un mil\u00f3n de d\u00f3sis de vacunas, provenientes de China para aplicar como segunda d\u00f3sis. Abajo los n\u00fameros de la vacunaci\u00f3n en nuestro partido.<\/p>\n<p>&nbsp;<\/p>\n<p><img loading=\"lazy\" decoding=\"async\" class=\"aligncenter size-full wp-image-10091\" src=\"https:\/\/revistaepocadigital.com.ar\/wp-content\/uploads\/2021\/04\/174810564_4295561760496750_5197838349124546883_n.jpg\" alt=\"\" width=\"1181\" height=\"1181\" srcset=\"https:\/\/revistaepocadigital.com.ar\/wp-content\/uploads\/2021\/04\/174810564_4295561760496750_5197838349124546883_n.jpg 1181w, https:\/\/revistaepocadigital.com.ar\/wp-content\/uploads\/2021\/04\/174810564_4295561760496750_5197838349124546883_n-300x300.jpg 300w, https:\/\/revistaepocadigital.com.ar\/wp-content\/uploads\/2021\/04\/174810564_4295561760496750_5197838349124546883_n-150x150.jpg 150w, https:\/\/revistaepocadigital.com.ar\/wp-content\/uploads\/2021\/04\/174810564_4295561760496750_5197838349124546883_n-768x768.jpg 768w, https:\/\/revistaepocadigital.com.ar\/wp-content\/uploads\/2021\/04\/174810564_4295561760496750_5197838349124546883_n-696x696.jpg 696w, https:\/\/revistaepocadigital.com.ar\/wp-content\/uploads\/2021\/04\/174810564_4295561760496750_5197838349124546883_n-1068x1068.jpg 1068w, https:\/\/revistaepocadigital.com.ar\/wp-content\/uploads\/2021\/04\/174810564_4295561760496750_5197838349124546883_n-420x420.jpg 420w, https:\/\/revistaepocadigital.com.ar\/wp-content\/uploads\/2021\/04\/174810564_4295561760496750_5197838349124546883_n-840x840.jpg 840w\" sizes=\"auto, (max-width: 1181px) 100vw, 1181px\" \/><\/p>\n<p>&nbsp;<\/p>\n<p>El d\u00eda 23 de abril, se reiteraron cifras que hicieron permanecer el alto la tensi\u00f3n. Hubo 30 casos nuevos, 141 los activos y cuidado de nuevo, 61 casos a estudio mientras desde el municipio se hizo saber que arribaron m\u00e1s vacunas. Los d\u00edas de la pandemia y la segunda ola, patentizan el cr\u00edtico momento en el pa\u00eds.<\/p>\n<p>El d\u00eda 22 de abril, marc\u00f3 que el aumento de casos y la agudizaci\u00f3n del grave problema planteado por la pandemia, se remarcan. Hubo 10 casos nuevos, y los casos positivos subieron a 184. Por otro lado un dato revelador del momento, fue el n\u00famero de casos en estudio, 56. El Hospital San Jos\u00e9 con la entrega y despliegue del personal m\u00e9dico, enfermeria y el personal en su totalidad, trabajan al m\u00e1ximo esfuerzo.<\/p>\n<p>El d\u00eda 21 de abril, la misma constante. Fueron 22 los casos positivos y 166 los que permanec\u00edan activos, en tanto 36 en estudio. Continuaba el proceso vacunatorio.<\/p>\n<div role=\"img\" data-hover=\"tooltip\" data-tooltip-content=\"Compartido con: P\u00fablico\" aria-label=\"Compartido con: P\u00fablico\">\n<p>El 20 de abril, hubo un notorio n\u00famero de casos positivos, 29; reiteraron el momento dif\u00edcil que atraviesan distintos puntos del pa\u00eds. Eran 160 los activos y tambi\u00e9n para preocupar, los 45 casos en estudio.<\/p>\n<\/div>\n<p>El d\u00eda 19 de abril, hubo menos casos positivos: 16. Por otro lado se mantuvieron en el distrito 176 casos activos y a estudio hab\u00edan pasado 55, una cifra considerable.<\/p>\n<p>El d\u00eda 18 de abril, surgieron 24 casos positivos nuevos, mientras que los casos activos mostraron una leve disminuci\u00f3n, 169. Por otro lado, 41 casos se encontraban en estudio<\/p>\n<p>El d\u00eda 17 de abril se redujo la aparici\u00f3n de casos positivos nuevos, fueron 10. Fueron 183 los activos y una cifra importante, 50, pasaron a estudios. Mientras tanto, continuaba la vacunaci\u00f3n en Capilla del Se\u00f1or. Abajo un resumen hasta el momento.<\/p>\n<p>&nbsp;<\/p>\n<p><img loading=\"lazy\" decoding=\"async\" class=\"aligncenter size-full wp-image-9993\" src=\"https:\/\/revistaepocadigital.com.ar\/wp-content\/uploads\/2021\/04\/175429029_4275299765856283_8881514167910243631_n.jpg\" alt=\"\" width=\"960\" height=\"960\" srcset=\"https:\/\/revistaepocadigital.com.ar\/wp-content\/uploads\/2021\/04\/175429029_4275299765856283_8881514167910243631_n.jpg 960w, https:\/\/revistaepocadigital.com.ar\/wp-content\/uploads\/2021\/04\/175429029_4275299765856283_8881514167910243631_n-300x300.jpg 300w, https:\/\/revistaepocadigital.com.ar\/wp-content\/uploads\/2021\/04\/175429029_4275299765856283_8881514167910243631_n-150x150.jpg 150w, https:\/\/revistaepocadigital.com.ar\/wp-content\/uploads\/2021\/04\/175429029_4275299765856283_8881514167910243631_n-768x768.jpg 768w, https:\/\/revistaepocadigital.com.ar\/wp-content\/uploads\/2021\/04\/175429029_4275299765856283_8881514167910243631_n-696x696.jpg 696w, https:\/\/revistaepocadigital.com.ar\/wp-content\/uploads\/2021\/04\/175429029_4275299765856283_8881514167910243631_n-420x420.jpg 420w, https:\/\/revistaepocadigital.com.ar\/wp-content\/uploads\/2021\/04\/175429029_4275299765856283_8881514167910243631_n-840x840.jpg 840w\" sizes=\"auto, (max-width: 960px) 100vw, 960px\" \/><\/p>\n<p>&nbsp;<\/p>\n<p>&nbsp;<\/p>\n<p>El d\u00eda 16 de abril los n\u00fameros continuaron siendo de consideraci\u00f3n para el distrito. 26 casos nuevos, menos que el d\u00eda anterior, 191 activos y, cuidado, 46 en estudio.<\/p>\n<p>El d\u00eda 15 de abril reiter\u00f3 la tendencia creciente de casos en el distrito. Hubo 34 positivos y sumaron 184 los activos algo menor al d\u00eda anterior. La presencia de 43 personas en estudio, indicaba que los n\u00fameros pod\u00edan crecer de nuevo.<\/p>\n<div role=\"img\" data-hover=\"tooltip\" data-tooltip-content=\"Compartido con: P\u00fablico\" aria-label=\"Compartido con: P\u00fablico\">\n<p>El d\u00eda 14 de abril marc\u00f3 otro n\u00famero elevado de casos, 22, Y demuestra el grado de aumento de casos, los 203 casos positivos al tiempo que 53 hab\u00eda en estudios. El municipio hizo una referencia los contagios entre j\u00f3venes egresados que viajaron a Bariloche, registrados el d\u00eda antes. Ac\u00e1 te lo mostramos.<\/p>\n<\/div>\n<p><img loading=\"lazy\" decoding=\"async\" class=\"aligncenter size-full wp-image-9931\" src=\"https:\/\/revistaepocadigital.com.ar\/wp-content\/uploads\/2021\/04\/171275555_4266469600072633_6195762210439489797_n.jpg\" alt=\"\" width=\"1181\" height=\"1181\" srcset=\"https:\/\/revistaepocadigital.com.ar\/wp-content\/uploads\/2021\/04\/171275555_4266469600072633_6195762210439489797_n.jpg 1181w, https:\/\/revistaepocadigital.com.ar\/wp-content\/uploads\/2021\/04\/171275555_4266469600072633_6195762210439489797_n-300x300.jpg 300w, https:\/\/revistaepocadigital.com.ar\/wp-content\/uploads\/2021\/04\/171275555_4266469600072633_6195762210439489797_n-150x150.jpg 150w, https:\/\/revistaepocadigital.com.ar\/wp-content\/uploads\/2021\/04\/171275555_4266469600072633_6195762210439489797_n-768x768.jpg 768w, https:\/\/revistaepocadigital.com.ar\/wp-content\/uploads\/2021\/04\/171275555_4266469600072633_6195762210439489797_n-696x696.jpg 696w, https:\/\/revistaepocadigital.com.ar\/wp-content\/uploads\/2021\/04\/171275555_4266469600072633_6195762210439489797_n-1068x1068.jpg 1068w, https:\/\/revistaepocadigital.com.ar\/wp-content\/uploads\/2021\/04\/171275555_4266469600072633_6195762210439489797_n-420x420.jpg 420w, https:\/\/revistaepocadigital.com.ar\/wp-content\/uploads\/2021\/04\/171275555_4266469600072633_6195762210439489797_n-840x840.jpg 840w\" sizes=\"auto, (max-width: 1181px) 100vw, 1181px\" \/><\/p>\n<p>El d\u00eda 13 de abril, fue el peor d\u00eda de la pandemia en Exaltaci\u00f3n de la Cruz desde su comienzo. Los n\u00fameros de casos lo demostraron, hubo nada menos que 41 casos positivos, a los que hab\u00eda que sumar los 177 casos activos y, lo peor, 2 nuevos fallecidos. A su vez, permanec\u00edan 34 en estudio. El sistema de salud a full.<\/p>\n<p>El d\u00eda 12 de abril se dieron 23 casos positivos y hubo 177 activos, mientras que en estudio sumaban 36 personas.<\/p>\n<div role=\"img\" data-hover=\"tooltip\" data-tooltip-content=\"Compartido con: P\u00fablico\" aria-label=\"Compartido con: P\u00fablico\">\n<p>El d\u00eda 11 de abril hubo 24 casos nuevos, permanecieeron 162 activos y 45 pasaron a estudio. Las cifras siguieron reflejando el presente preocupante.<\/p>\n<p>&nbsp;<\/p>\n<p>El d\u00eda 10 de abril se acentu\u00f3 lamentablemente el aumento de casos de coronavirus en el distrito. Fueron 20 los confirmados y sumaban 159 en total, mientras que una cifra que refleja el duro momento, 69, eran los que se encontraban en estudio<\/p>\n<\/div>\n<p>El d\u00eda 9 de abril se produjo un serio recrudecimiento de casos, como pocas veces se hab\u00eda dado en el distrito. 38 fueron los nuevos casos, en tanto 46 los que estaban en estudio y la cifra de casos activos, tambi\u00e9n muy preocupante: 139. En tanto continuaba la vacunaci\u00f3n y comenz\u00f3 a aplicarse vacunas a mayores de 60 a\u00f1os.<\/p>\n<p>El d\u00eda 8 de abril reflej\u00f3 el incremento preocupante de casos, 20 en el d\u00eda y 62 casos que estaban en estudio. A su vez, fueron 122 los casos activos, n\u00fameros que acrecientan la preocupaci\u00f3n por el crecimiento.<\/p>\n<p>El d\u00eda 6 de abril result\u00f3 el de m\u00e1s casos positivos presentados, lo que reiter\u00f3 el rebrote del virus tambi\u00e9n en el distrito. Hubo 26 casos nuevos, elev\u00e1ndose a 105 los casos activos. La tendencia tambi\u00e9n qued\u00f3 marcada en el n\u00famero de casos, importante para Exaltaci\u00f3n de la Cruz, 28. En tanto, se aguardaba con indisimulada ansiedad el proceso vacunatorio.<\/p>\n<p>El d\u00eda 5 de abril, arroj\u00f3 n\u00fameros que coinciden con la preocupaci\u00f3n general, en especial en la ciudad de Buenos Aires y el Gran Buenos Aires. En el distrito sugieron 8 casos positivos\u00a0 que llevaron la cantidad de pacientes contagiados de coronavirus a 101 casos y, m\u00e1s preocupante, el numero de personas con s\u00edntomas sometidos a estudios: 49.<\/p>\n<p>El d\u00eda 3 de abril hubo 15 casos nuevos, cifra elevada en el contexto del distrito. Permanecieron 98 activos y 18 en estudio en tanto cobraba forma la posibilidad que volvieran ciertas restricciones.<\/p>\n<p>El d\u00eda 2 de abril se mantuvo la tendencia, hubo 110 casos activos luego que se sumaran 5 casos nuevo, en cuanto a los casos en estudio: 21<\/p>\n<p>El d\u00eda 1 de abril acentu\u00f3 el momento que se ha complicado en el pa\u00eds y por ende en nuestro distrito. Los casos positivos superaron el centenar (108), habiendose constatado 6 casos nuevos. A la vez, como dato que indica la tendencia actual, permanec\u00edan en estuido 24 casos. La preocupaci\u00f3n general tan acentuada en el pa\u00eds, obliga una vez m\u00e1s a conscientizarse que la pelea contra el virus sigue siendo tremenda.<\/p>\n<p>El d\u00eda 31 de marzo para los niveles de Exaltaci\u00f3n de la Cruz en cuanto a casos de Covid-19, tambi\u00e9n se not\u00f3 un incremento que ha recrudecido en varios puntos del pa\u00eds. En el distrito hubo 21 casos positivos y sumaron 93 activos, a la vez se conoci\u00f3 la peor noticia, se registr\u00f3 un nuevo fallecimiento. En estudio hab\u00eda 11 casos.<\/p>\n<p>El d\u00eda 30 de marzo reiter\u00f3 la tendencia en alza de casos positivos, 12 nuevos y 98 activos, en tanto 23 en estudio. Momento para cuidarse m\u00e1s que nunca.<\/p>\n<div role=\"img\" data-hover=\"tooltip\" data-tooltip-content=\"Compartido con: P\u00fablico\" aria-label=\"Compartido con: P\u00fablico\">\n<p>El d\u00eda 29 de marzo mostr\u00f3 que se elev\u00f3 el n\u00famero de casos activos (96), tendencia que viene not\u00e1ndose y que preocupa a las autoridades que volvieron a enfatizar acerca de la imperiosa necesidad de mantener los cuidados. Hubo 7 casos nuevos y 28 en estudio.<\/p>\n<p>El d\u00eda 28 de marzo, reiter\u00f3 una tendencia que en el pa\u00eds se nota m\u00e1s, y muestra m\u00e1s casos. Hubo 16 casos nuevos, permanecieron 85 activos y cuidado, 22 casos en estudio.<\/p>\n<\/div>\n<p>El d\u00eda 26 de marzo, se registraron 10 casos positivos, totalizando 93 activos y 12 en estudio, en el marco de la preocupaci\u00f3n general en buena parte del pa\u00eds por el incremento de casos. En tanto, se aguardaba con ansiedad, una nueva provisi\u00f3n de vacunas para Exaltaci\u00f3n de la Cruz.<\/p>\n<p>&nbsp;<\/p>\n<p>El d\u00eda 25 de marzo se sumaron 4 casos nuevos, y ascendiendo a 96 los casos activos y 21 en estudio, n\u00fameros que no hay que descuidar, seguir con suma atenci\u00f3n y mantener si o s\u00ed los cuidados.<\/p>\n<p>El d\u00eda 24 de marzo se produjo otro incremento de casos positivos registraron, 14. Tambi\u00e9n crecieron los casos de personas en estudio, 18. En tanto, fueron 84 los activos. Reflejo evidente de la imperiosa necesidad de continuar observando todos los\u00a0 cuidados recomendados.<\/p>\n<div role=\"img\" data-hover=\"tooltip\" data-tooltip-content=\"Compartido con: P\u00fablico\" aria-label=\"Compartido con: P\u00fablico\">\n<p>El d\u00eda 23 de marzo hubo 10 casos nuevos, manteniendose una tendencia para seguir con atenci\u00f3n, y reiterar la imperiosa necesidad de no descuidarse y mantener los cuidados. 86 eran los casos activos y 16 en estudio.<\/p>\n<\/div>\n<p>El d\u00eda 22 de marzo hubo 9 casos positivos nuevos y 79 sumaron los activos; a su vez 20 permanec\u00edan en estudio. Por otro lado, en el Complejo Salgado y en el Hospital San Jos\u00e9, sobre la entrada al sector Covid, continuaba la vacunaci\u00f3n.<\/p>\n<p>El d\u00eda 21 de marzo, ingresando al oto\u00f1o, y con el invierno adelante lo que debe llevar a extremar los cuidados, se registraron en el distrito 7 nuevos casos, siendo 82 los que permanecieron activos. A la 10 pasaron a estudio.<\/p>\n<div role=\"img\" data-hover=\"tooltip\" data-tooltip-content=\"Compartido con: P\u00fablico\" aria-label=\"Compartido con: P\u00fablico\">\n<p>El d\u00eda 18 de marzo, hubo que lamentar otro fallecimiento, el 30\u00ba en lo que va de la pandemia, con todo el signifativo dolor que encierra. A su vez, hubo 5 casos nuevos y 15 en estudio, mientras que subi\u00f3 el n\u00famero de contagios a 88 en el distrito.<\/p>\n<p>El d\u00eda 17 de marzo indic\u00f3 acaso el comienzo del oto\u00f1o con el invierno en la mira lo que implica cierta preocupaci\u00f3n en la batalla contra la pandemia. En el distrito se registr\u00f3 un incremento en los casos diarios, 16, y en los casos activos, 77. A su vez, 25 personas se encontraban en estudio. No hay que relajarse y mantener a rajatabla los cuidados.<\/p>\n<\/div>\n<p>El d\u00eda 16 de marzo marc\u00f3 un crecimiento de casos, 12. Los activos eran 68 y en estudio 23. Desde la comuna remarcaron que &#8220;durante las \u00faltimas semanas se ha experimentado un crecimiento muy fuerte de casos de Covid-19 en pa\u00edses vecinos como Brasil, Uruguay, Chile y Paraguay. En nuestra regi\u00f3n, las estad\u00edsticas indican que los contagios siguen estables, pero se observa un crecimiento en AMBA que contrasta con una leve ca\u00edda en el interior.<\/p>\n<div class=\"\" dir=\"auto\">\n<div id=\"jsc_c_1hp\" class=\"ecm0bbzt hv4rvrfc ihqw7lf3 dati1w0a\" data-ad-comet-preview=\"message\" data-ad-preview=\"message\">\n<div class=\"j83agx80 cbu4d94t ew0dbk1b irj2b8pg\">\n<div class=\"qzhwtbm6 knvmm38d\">\n<div class=\"o9v6fnle cxmmr5t8 oygrvhab hcukyx3x c1et5uql ii04i59q\">\n<div dir=\"auto\">En el caso de Brasil, sube dram\u00e1ticamente a diario el n\u00famero de infectados y el de hospitalizados, y se han descubierto nuevas cepas, que ser\u00edan m\u00e1s contagiosas. Tambi\u00e9n hay preocupaci\u00f3n en pa\u00edses como Paraguay, Uruguay, Bolivia y Chile, pese a que este \u00faltimo es el que m\u00e1s ha avanzado con su plan de vacunaci\u00f3n.<\/div>\n<\/div>\n<div class=\"o9v6fnle cxmmr5t8 oygrvhab hcukyx3x c1et5uql ii04i59q\">\n<div dir=\"auto\">Por eso, en Exaltaci\u00f3n de la Cruz le pedimos a las vecinas y vecinos a mantener las atenciones y cuidados personales para evitar la propagaci\u00f3n del virus.<\/div>\n<\/div>\n<div class=\"o9v6fnle cxmmr5t8 oygrvhab hcukyx3x c1et5uql ii04i59q\">\n<div dir=\"auto\">En el distrito, el operativo de vacunaci\u00f3n se inici\u00f3 a fines del a\u00f1o pasado y se contin\u00faa vacunando todos los d\u00edas en el hospital municipal \u201cSan Jos\u00e9\u201d y el complejo \u201cAndr\u00e9s Salgado\u201d. Hasta el momento, m\u00e1s de 3100 vecinas y vecinos ya han sido inoculados.<\/div>\n<\/div>\n<div class=\"o9v6fnle cxmmr5t8 oygrvhab hcukyx3x c1et5uql ii04i59q\">\n<div dir=\"auto\">Al mismo tiempo, tambi\u00e9n avanza la inscripci\u00f3n de quienes pretenden recibir la vacuna. Siguen existiendo puestos de voluntarios que reciben las anotaciones y en las \u00faltimas semanas estos tambi\u00e9n recorren las localidades casa por casa inscribiendo a quienes lo deseen. El link para inscribirse de forma online es <a class=\"oajrlxb2 g5ia77u1 qu0x051f esr5mh6w e9989ue4 r7d6kgcz rq0escxv nhd2j8a9 nc684nl6 p7hjln8o kvgmc6g5 cxmmr5t8 oygrvhab hcukyx3x jb3vyjys rz4wbd8a qt6c0cv9 a8nywdso i1ao9s8h esuyzwwr f1sip0of lzcic4wl py34i1dx gpro0wi8\" tabindex=\"0\" role=\"link\" href=\"https:\/\/l.facebook.com\/l.php?u=https%3A%2F%2Fvacunatepba.gba.gob.ar%2F%3Ffbclid%3DIwAR2P0ye8zeNria0efaGsWSRaX6q7joDtMvzuqG-vBuKfC6OS8YOhBXUqKwA&amp;h=AT0hyFuOuBh2TjlmQfhjpV9obGZLrV5YPwPQeDaJmyNoL6GuN22B-THkMR-baMwXDYp3mi22WiPqdmRvtaej0fMtlO3EksLdX-JyfsYRVU96zRWS6iF7kxhypZ3bt5Kl&amp;__tn__=-UK-R&amp;c[0]=AT2cIPrAXLwIuY88L2etbnCbUZsY_ZF71qLG-uOdEzJQ46y5Rpe8_QVd7UlNUZTbPNL4sYAzImU7E4BJK63IQnwmm2exbaPjNCENzxGpCUKlDVHPUjnYVBNPMy7Lqs7gf_9CO02FJ-a8dMYIO79PhrnRH4Dx6WYK1QVlCgs_umSmcF0\" target=\"_blank\" rel=\"nofollow noopener\">https:\/\/vacunatepba.gba.gob.ar<\/a>, recordando que los turnos son entregados directamente por la provincia de Buenos Aires.<\/div>\n<\/div>\n<div class=\"o9v6fnle cxmmr5t8 oygrvhab hcukyx3x c1et5uql ii04i59q\">\n<div dir=\"auto\">En Exaltaci\u00f3n de la Cruz, nos seguimos cuidando&#8221;.<\/div>\n<\/div>\n<\/div>\n<\/div>\n<\/div>\n<\/div>\n<div id=\"jsc_c_1hq\" class=\"l9j0dhe7\">\n<div class=\"l9j0dhe7\">\n<div><\/div>\n<\/div>\n<\/div>\n<div>\n<div id=\"jsc_c_1hq\" class=\"l9j0dhe7\">\n<div class=\"stjgntxs ni8dbmo4\"><\/div>\n<\/div>\n<\/div>\n<div>\n<div class=\"stjgntxs ni8dbmo4 l82x9zwi uo3d90p7 h905i5nu monazrh9\" data-visualcompletion=\"ignore-dynamic\">\n<div>\n<div>\n<div>\n<div class=\"l9j0dhe7\">\n<div class=\"bp9cbjyn m9osqain j83agx80 jq4qci2q bkfpd7mw a3bd9o3v kvgmc6g5 wkznzc2l oygrvhab dhix69tm jktsbyx5 rz4wbd8a osnr6wyh a8nywdso s1tcr66n\"><\/div>\n<\/div>\n<\/div>\n<\/div>\n<\/div>\n<\/div>\n<\/div>\n<p>El d\u00eda 15 de marzo se registr\u00f3 un \u00fanico caso nuevo y hab\u00eda 71 activos y 25 en estudio.<\/p>\n<div role=\"img\" data-hover=\"tooltip\" data-tooltip-content=\"Compartido con: P\u00fablico\" aria-label=\"Compartido con: P\u00fablico\">\n<p>El 14 de marzo, la estad\u00edstica oficial inform\u00f3 sobre 5 casos nuevos en el distrito, permaneciendo 75 activos y 10 en estudio.<\/p>\n<p>El 13 de marzo se produjeron 8 casos nuevos de Covid 19, a su vez se mantuvieron 67 casos activos y 18 en estudio. La vacunaci\u00f3n continuaba en el Complejo Salgado de Capilla del Se\u00f1or y en el Hospital.<\/p>\n<p>El d\u00eda\u00a0 11 de marzo se presentaron 3 casos nuevos y hab\u00eda 72 activos y 11 en estudio.<\/p>\n<p>El 9 de marzo se constataron 12 casos nuevos, y permanecieron 65 activos a la vez que se increment\u00f3 el n\u00famero de casos en estudio: 23.<\/p>\n<p>&nbsp;<\/p>\n<p>El 8 de marzo fue informado, hubo un s\u00f3lo caso nuevo en el distrito. A la vez, se mantuvieron 64 casos activos y sumaban 1437 los recuperados desde el inicio de la pandemia, el a\u00f1o pasado. Por otro lado 23 casos en estudio.<\/p>\n<p>En materia de vacunaci\u00f3n, autoridades del Sistema Sanitario confirmaron el arribo de 1200 vacunas contra el Covid-19, que se aplicar\u00e1n seg\u00fan el calendario que marca el sistema de turnos autom\u00e1ticos de la Provincia.<\/p>\n<\/div>\n<div class=\"o9v6fnle cxmmr5t8 oygrvhab hcukyx3x c1et5uql ii04i59q\">\n<div dir=\"auto\">El arribo (8\/3) corresponden a 600 vacunas Sputnik V en su primera dosis, y las 600 restantes, pertenecen al laboratorio Sinopharm. Todas est\u00e1n almacenadas respetando la cadena de fr\u00edo, bajo estricto control de las autoridades.<\/div>\n<\/div>\n<div role=\"img\" data-hover=\"tooltip\" data-tooltip-content=\"Compartido con: P\u00fablico\" aria-label=\"Compartido con: P\u00fablico\">\n<p>&nbsp;<\/p>\n<p>El 7 de marzo se registraron s\u00f3lo 2 casos m\u00e1s de coronavirus, si bien se enviaron para estudiar examenes efectuados a 18 vecinos. Se manten\u00edan 65 casos activos y continuaba la vacunaci\u00f3n en el Complejo Salgado y en el Hospital.<\/p>\n<p>El 5 de marzo hubo 7 casos nuevos de Covid, y se manten\u00edan 61 casos activos, a la vez que hab\u00eda 22 en estudio. En tanto, hubo vacunaciones en geriatricos locales.<\/p>\n<p>El d\u00eda 4 de marzo se contabilizaron 5 casos positivos nuevos, y hab\u00eda 57 activos mientras que 14 eran los que se estudiaban. En cuanto a la vacunaci\u00f3n, el 6\/3 comenzaban a vacunar a adultos mayores en geri\u00e1tricos de nuestro distrito, extendiendo la campa\u00f1a contra el coronavirus que lleva adelante el equipo sanitario local. Junto al apoyo del PAMI, que recorrer\u00e1 todos los geri\u00e1tricos, se llegar\u00e1 con la campa\u00f1a de vacunaci\u00f3n a un importante sector de la comunidad de mayores. Recordemos -dijeron desde el municipio- que Exaltaci\u00f3n de la Cruz mantiene una alta tasa de aplicaci\u00f3n de vacunasn, a partir del trabajo del Hospital San Jos\u00e9 y el vacunatorio que funciona en la pileta municipal. En nuestro distrito se increment\u00f3 sensiblemente la cantidad de personas anotadas para recibir su vacuna, superando ya los 10 mil vecinos.<\/p>\n<\/div>\n<p>El d\u00eda 2 de marzo se not\u00f3 otra baja, en el n\u00famero de casos activos, registr\u00e1ndose 51. A su vez, fueron 7 los casos nuevos y ascendieron a 25 lo que se estaban estudiando. En cuanto a la vacunaci\u00f3n, contin\u00faa en el Complejo Andr\u00e9s Salgado de Capilla del Se\u00f1or y tambi\u00e9n en el Hospital Municipal, habi\u00e9ndose comenzado a vacunar a personal docente.<\/p>\n<div role=\"img\" data-hover=\"tooltip\" data-tooltip-content=\"Compartido con: P\u00fablico\" aria-label=\"Compartido con: P\u00fablico\">\n<p>El 1 de marzo, se not\u00f3 una atenuaci\u00f3n. Hubo un s\u00f3lo caso positivo registrado, y los activos descendieron a 57. Mientras tanto hubo 21 casos en estudio.<\/p>\n<p>El d\u00eda 28 de febrero, en el cierre del segundo mes del a\u00f1o, hubo 3 casos positivos y se mantuvieron 66 casos activos a la vez que, 20 permanecieron en estudio.<\/p>\n<p>El d\u00eda 26 de febrero, huno 6 casos positivos nuevos; permanecieron 73 activos y 14 enviados a estudio.<\/p>\n<p>&nbsp;<\/p>\n<p>El d\u00eda 25 de febrero anot\u00f3 4 nuevos casos positivos, y eran 78 los activos y 13 en estudio. Continuaba la vacunaci\u00f3n.<\/p>\n<\/div>\n<p>El d\u00eda 24 de febrero hubo 7 casos nuevos de Covid, siendo 75 los casos activos y 15 los que se encontraban en estudio. Mientras tanto continuaba la vacunaci\u00f3n.<\/p>\n<p>El d\u00eda 21 de febrero reflej\u00f3 el 29\u00ba fallecido, un nuevo golpe del Covid; 6 los casos nuevos y 68 activos. Cuidado, se registraron 33 casos en estudio. En tanto\u00a0 contin\u00faa la vacunaci\u00f3n a mayores de 70 a\u00f1os, desde ya, previamente anotados.<\/p>\n<p>El d\u00eda 19 de febrero result\u00f3 el segundo d\u00eda de vacunaci\u00f3n contra el Covid, apuntado a vecinos en general, habi\u00e9ndose comenzado por los de 70 a\u00f1os de edad en adelante. Ante la llegadas de vacunas de procedencia rusa al momento, en cantidades reducidas considerando el universo de la poblaci\u00f3n argentina, resulta primordial utilizarlas, aplicarlas a quienes se hayan anotado y correspondan a grupos de personas prefijados. Como se sabe, han circulado informaciones en el pa\u00eds, reflejando la aplicaci\u00f3n de vacunas en forma irregular, a amigos, familiares, allegados al poder, a pol\u00edticos, lo que resulta absolutamente inadmisible e intolerable. Respecto a la evoluci\u00f3n diaria, en el distrito hubo 11 casos nuevos, 62 los activos y,\u00a0 cuidado nuevamente, 29 en estudio.<\/p>\n<p>&nbsp;<\/p>\n<p>El d\u00eda 18 de febrero surgieron 2 casos positivos nuevos, manteni\u00e9ndose en 63 los activos y 18 en estudio. La persona fallecida, de nuestro distrito, se produjo d\u00edas atr\u00e1s y fue reflejada por el sistema.<\/p>\n<div role=\"img\" data-hover=\"tooltip\" data-tooltip-content=\"Compartido con: P\u00fablico\" aria-label=\"Compartido con: P\u00fablico\">\n<p>El d\u00eda 17 de febrero hubo 13 nuevos casos de coronavirus, 63 los activos y 10 pasaron a estudio. En tanto, desde el municipio se inform\u00f3 el arribo de otra partida de vacunas.<\/p>\n<p>El d\u00eda 16 de febrero, segundo de los d\u00edas feriados por los carnavales que este a\u00f1o no se han celebrado, marc\u00f3 como novedad la decisi\u00f3n del intendente Nanni de aislarse en forma preventiva, por haber tenido contacto estrecho con un caso positivo, pese a haber recibido las dos dosis de la vacuna, que podr\u00eda arrojar que no contrajera el virus. En tanto, hubo 5 casos nuevos y 62 el n\u00famero de casos activos con 17 en estudio<\/p>\n<\/div>\n<p>El d\u00eda 15 de febrero fueron informados 3 casos nuevos de Covid-19, a la vez eran 66 los casos activos 9 los sometidos a estudio. Continuar con los cuidados es elemental, por el bien de cada uno de los que lo rodean.<\/p>\n<p>El d\u00eda 12 de febrero, se registraron 13 casos positivos y 11 permanec\u00edan en estudio. A su vez hab\u00eda 56 casos activos, cifra en descenso respecto al d\u00eda\u00a0 anterior.<\/p>\n<p>El d\u00eda 11 de febrero se dieron 5 casos positivos m\u00e1s, los positivos eran 68 y los recuperados 1274\u00a0 desde el comienzo de la pandemia. En estudio hab\u00eda 11. La semana pr\u00f3xima comenzar\u00eda otra etapa de vacunaci\u00f3n a personal esencial.<\/p>\n<p>El d\u00eda 10 de febrero surfieron 9 casos nuevos de coronavirus, siendo 73 los actios y 10 permanec\u00edan en estudio. A no bajar la guardia.<\/p>\n<p>El d\u00eda 8 de febrero registr\u00f3 un s\u00f3lo caso nuevo, y 12 se manten\u00edan en estudio a la vez que 85 eran los activos.<\/p>\n<p>El d\u00eda 7 de febrero se registraron 7 nuevos casos para totalizar 80 los activos y 1153 los surgidos desde el comienzo de la pandemia el a\u00f1o pasado en el distrito. A su vez, hab\u00eda 10 casos en estudio, mientras siguen fij\u00e1ndose pautas para el plan de vacunaci\u00f3n.<\/p>\n<p>El d\u00eda 6 de febrero se inform\u00f3 sobre 5 casos positivos nuevos, en tanto eran 80 los activos y 19 en estudio. Continuar cuid\u00e1ndose, el factor fundamental.<\/p>\n<p>El d\u00eda 4 de febrero surgieon 12 casos nuevos, mientras que 79 eran activos y 7 casos en estudio.ego Nanni, tom\u00f3 su licencia anual), luego de un test, dio positivo de Covid. En tanto, hubo 7 casos nuevos, siendo 73 los activo y 7 en estudio.<\/p>\n<p>El d\u00eda 1 de febrero se inform\u00f3 sobre la existencia de 3 casos nuevos de Covid 19. Los casos activos eran 74 y hab\u00eda 15 en estudio.<\/p>\n<div role=\"img\" data-hover=\"tooltip\" data-tooltip-content=\"Compartido con: P\u00fablico\" aria-label=\"Compartido con: P\u00fablico\">\n<p>El d\u00eda 31 de enero hubo 12 casos m\u00e1s positivos en Exaltaci\u00f3n de la Cruz. Casos activos permanecieron 68 y 9 en estudio.<\/p>\n<p>El d\u00eda 30 de enero se registaron 5 casos nuevos de coronavirus, 69 permancieron activos y 12 se encontraban en estudio.<\/p>\n<p>El d\u00eda 29 de enero hubo 4 casos positivos nuevos, se mantuvieron 68 activos y 11 permanec\u00edan en estudio, mientras el gobierno adoptaba decisiones en la etapa que continuar\u00e1 en febrero y mientras el tema de las vacunas sigue estando en el centro de las controversias.<\/p>\n<p>El d\u00eda 28 de enero, fueron constatados 3 casos positivos m\u00e1s. En tanto, eran 68 los activos y un total de 1187 recuperados desde el comienzo de la pandemia. Eran 12 los casos en estudio.<\/p>\n<p>El d\u00eda 26 de enero, surgieron 5 casos nuevos positivos y sumaban 73 los casos activos y eran 10 los sometidos a estudios.<\/p>\n<p>El d\u00eda 25 de enero, una jornada con intenso calor, surgi\u00f3 un s\u00f3lo caso de coronavirus, siendo 80 los casos activos y 11 los que permanecieron en estudio. Desde el comienzo de la pandemia el a\u00f1o pasado, se registraron 1270 en el distrito.<\/p>\n<p>El d\u00eda 24 de enero, hubo 5 casos nuevos de Covid-19, y 82 eran los casos activos, mientras que 12 personas hab\u00edan sido hisopadas y se encontraban en estudio.<\/p>\n<\/div>\n<p>El s\u00e1bado 23 de enero surgieron 8 casos positivos de coronavirus. En tanto, eran 77 los activos y 12 los que permanec\u00edan en estudio al tiempo que se inform\u00f3 que hab\u00eda arribado al Hospital, una partida m\u00e1s de 100 vacunas.<\/p>\n<p>El d\u00eda 22 de enero, indic\u00f3 el informe del municipio, se produjo otro fallecimiento, la peor y m\u00e1s dura noticia que provoca la pandemia. En este caso de un vecino que viv\u00eda en el distrito y se encontraba internado en el Hospital San Jos\u00e9. Hubo 3 casos nuevos de Covid y eran 82 los casos activos y se estaban estudiando a 18 casos.<\/p>\n<div role=\"img\" data-hover=\"tooltip\" data-tooltip-content=\"Compartido con: P\u00fablico\" aria-label=\"Compartido con: P\u00fablico\">\n<p>El d\u00eda 21 de enero se registaron 9 casos nuevos y pasaron a ser 77 los activos. En tanto hab\u00eda 11 casos en estudio, mientras lleg\u00f3 una partida de 450 vacunas.<\/p>\n<p>El d\u00eda 20 de enero indic\u00f3 que hubo 7 nuevos confirmados, y se elevaron a 79 los casos activos y 19 en estudio. El verano 2021 se vive de una manera distintas, in\u00e9dita, la pandemia persiste, por eso es imprescindible no bajar la guardia y cuidarse.<\/p>\n<\/div>\n<p>El d\u00eda 19 de enero, la tristeza profunda embarg\u00f3 a Capilla del Se\u00f1or ante el fallecimiento de un muy apreciado vecino, Miguel Angel Guti\u00e9rrez. Otro muy doloroso golpe, en especial para su familia. El Covid 19 sigue acechando, por eso es vital el cuidado responsable. El d\u00eda reflej\u00f3 la aparici\u00f3n de 9 casos nuevos, para sumar 70 activos y, atenci\u00f3n, 29 en estudio<\/p>\n<p>El d\u00eda 18 de enero, marc\u00f3 la existencia de 4 casos nuevos de Covid, manteni\u00e9ndose 69 pacientes contagiados y, mucho cuidado,\u00a0 29 casos en estudio.<\/p>\n<p>El d\u00eda 17 de enero se registraron 2 casos nuevos de Covid en el distrito, lo que elev\u00f3 a 72 los casos activos en un momento como es sabido, crucial donde lso casos en el pa\u00eds se han incrementado mucho. A su vez, eran 7 los casos sometidos a estudios. El presente no hace m\u00e1s que insistir con la fundametal toma de consciencia para continuar dando batalla a la pandemia.<\/p>\n<p>El d\u00eda 14 de enero, en el marco de la gran preocupaci\u00f3n acentuada en el pa\u00eds por el aumento de casos, en nuestro distrito se constataron 8 contagios nuevos, permaneciendo 67 activos y 16 en estudio.<\/p>\n<p>El d\u00eda 13 de enero fij\u00f3 la confirmaci\u00f3n de 4 casos nuevos de Covid, a la vez permanec\u00edan 69 casos activos. Por otro lado, hab\u00eda 24 casos en estudio.<\/p>\n<p>El d\u00eda 11 de enero mostr\u00f3 que hubo 5 casos m\u00e1s de coronavirus, elev\u00e1ndose a 73 los casos activos y 9 en estudio, en d\u00edas veraniegos en los que la pandemia, la vacuna, originan m\u00e1s preocupaci\u00f3n y controrversias.<\/p>\n<p>El d\u00eda 9 de enero, ha marcado un dato para tener en cuenta habida cuenta el contexto actual relacionado con la pandemia. Pasaron a estudio 50 casos, no pudiendose obviar lo que se nota en el pa\u00eds que ha llevado a la adopci\u00f3n de nuevas medidas restrictivas.<\/p>\n<p>El d\u00eda 7 de enero hubo 4 casos nuevos de Covid 19, totalizando 62 casos activos y 31 en estudio.<\/p>\n<p>El d\u00eda 6 de enero reflej\u00f3 3 casos positivos nuevos, y eran 59 los casos actrivos, en tanto hab\u00eda 48 en estudio, atenci\u00f3n con este \u00faltimo dato. El verano sigue siendo motivo de gran preocupaci\u00f3n.<\/p>\n<p>&nbsp;<\/p>\n<p>El d\u00eda 5 de enero, sirvi\u00f3 para acrecentar la gran preocupaci\u00f3n extra, ante el notorio aumento de casos de Covid 19 en el pa\u00eds. Los puntos de veraneos, sobretodo en la costa atl\u00e1ntica, muestran concentraciones de jovenes que profundizan la preocupaci\u00f3n de gobernantes y de la gente com\u00fan. En Exaltaci\u00f3n de la Cruz, se presentaron 10 casos positivos, permaneciendo 52 casos activos y 32 se encontraban en estudio. A ser m\u00e1s precavidos que nunca!.<\/p>\n<p>El d\u00eda 4 de enero volvi\u00f3 a seguirse con ansiedad y preocupaci\u00f3n, la evoluci\u00f3n de casos de coronavirus en la Argentina. Sin dudas que las preocupaciones en el gobierno nacional, provincial y de la ciudad de Buenos Aires, pod\u00edan derivar en la adopci\u00f3n de medidas restrictivas. En nuestro distrito, se registraron 5 casos nuevos, manteni\u00e9ndose 51 casos activos y 12 en estudio.<\/p>\n<p>El d\u00eda 3 de enero surgieron 6 casos m\u00e1s de coronavirus en el distrito, en tanto los activos bajaron a 51 y 5 casos se encontraban en estudio. Vale la pena meditar acerca de los movimientos de personas con motivo de las fiestas y la temporada veraniega, y en ocasiones, sin tomar los cuidados conocidos mientras en el total pa\u00eds, los casos volvieron a aumentar&#8230;<\/p>\n<div role=\"img\" data-hover=\"tooltip\" data-tooltip-content=\"Compartido con: P\u00fablico\" aria-label=\"Compartido con: P\u00fablico\">\n<p>El d\u00eda 2 de enero se registaron 2 casos nuevos, para totalizar al momento 55 casos activos. En tanto hab\u00eda 18 casos en estudio. El rebrote en distintos puntos del pa\u00eds, ha puesto m\u00e1s a\u00fan en alerta a las autoridades locales y a la estrategia de acentuar los controles.<\/p>\n<p>El d\u00eda 30 de diciembre indic\u00f3 la presencia de 6 casos nuevos, mientras que hab\u00eda 59 casos activos y 10 en estudio. La tendencia muestra que hay mayor cantidad de casos en lo que denomina la llegada de la &#8220;segunda ola&#8221;. Por eso sigue siendo fundamental,\u00a0 el uso de barbijos, distancia social, uso de alcohol en gel,\u00a0 higiene de manos, y la responsabilidad de cada uno.<\/p>\n<p>&nbsp;<\/p>\n<p>El d\u00eda 28 de diciembre no registr\u00f3 la existencia de nuevos casos de Covid-19, lo que es una noticia que alienta sin que lleve a aflojar en el esfuerzo diario en materia de los consabidos cuidados, m\u00e1s a\u00fan ante el notorio incremento de gente que se registra en el distrito. Permanecieron 52 casos activos y hab\u00eda 18 en estudio.<\/p>\n<p>El d\u00eda 27\u00a0 de diciembre surgieron 2 casos de coronavirus m\u00e1s, totalizando 54 activos, en tanto hab\u00eda 10 en estudio.<\/p>\n<p>El d\u00eda 26 de diciembre se produjeron 3 casos positivos de Covid 19, manteni\u00e9ndose 57 activos y 1010 recuperados en total. En tanto hab\u00eda casos en estudios.<\/p>\n<p>El d\u00eda 25 de diciembre, las cifras de nuevos contagios con coronavirus en el distrito, indicaron 5 casos. As\u00ed, hab\u00eda 52 casos activos y 17 en estudio, una tendencia mesurada como se ha venido dando en los \u00faltimos d\u00edas. A 1010 llegaron los casos totales recuperados y a 1093 los casos confirmados desde el inicio de la pandemia. Est\u00e1 claro y m\u00e1s a\u00fan durante estos d\u00edas de las fiestas de fin de a\u00f1o, que mantener los cuidados y ser precavidos, sigue siendo clave.<\/p>\n<\/div>\n<div role=\"img\" data-hover=\"tooltip\" data-tooltip-content=\"Compartido con: P\u00fablico\" aria-label=\"Compartido con: P\u00fablico\">\n<p>El d\u00eda 21 de diciembre, se registaron 6 casos positivos nuevos, permaneciendo 41\u00a0 activos, y un dato: 1000 lo pacientes recuperados desde el comienzo de la pandemia, a la vez que hab\u00eda 5 casos en estudio.<\/p>\n<\/div>\n<div role=\"img\" data-hover=\"tooltip\" data-tooltip-content=\"Compartido con: P\u00fablico\" aria-label=\"Compartido con: P\u00fablico\">A acentuar los cuidados, los casos en menores n\u00fameros, pueden incrementarse ante las fiestas de fin de a\u00f1o, en tal sentido es notable la cantidad de visitantes que se perciben en el distrito arribados para pasar las fiestas y unos d\u00edas de descanso.<\/div>\n<div>\n<div class=\"kvgmc6g5 cxmmr5t8 oygrvhab hcukyx3x c1et5uql ii04i59q\">\n<div dir=\"auto\">\n<div class=\"\" dir=\"auto\">\n<div id=\"jsc_c_24g\" class=\"ecm0bbzt hv4rvrfc ihqw7lf3 dati1w0a\" data-ad-comet-preview=\"message\" data-ad-preview=\"message\">\n<div class=\"j83agx80 cbu4d94t ew0dbk1b irj2b8pg\">\n<div class=\"qzhwtbm6 knvmm38d\">\n<div class=\"kvgmc6g5 cxmmr5t8 oygrvhab hcukyx3x c1et5uql ii04i59q\">\n<div dir=\"auto\">\n<div class=\"oi9244e8 do00u71z j83agx80\">\n<div class=\"nc684nl6\">\n<div class=\"\" dir=\"auto\">\n<div id=\"jsc_c_h3\" class=\"ecm0bbzt hv4rvrfc ihqw7lf3 dati1w0a\" data-ad-comet-preview=\"message\" data-ad-preview=\"message\">\n<p>&nbsp;<\/p>\n<p>El d\u00eda 17 de diciembre, mientras crece la contraversia acerca de la vacuna, y el comienzo del proceso de vacunaci\u00f3n, entre otros\u00a0 aspectos pol\u00e9micos, se registraron 3 casos nuevos, permaneciendo 43 activos y 10 en estudio.<\/p>\n<p>El d\u00eda 16 de noviembre marc\u00f3 el surgimiento de 2 nuevos casos positivos, manteni\u00e9ndose 41 actuvos y 12 en estudio. Atenci\u00f3n con la llegada de las fiestas de fin de a\u00f1o y datos que marcan incrementos de casos en puntos del pa\u00eds.<\/p>\n<p>El d\u00eda 15 de diciembre se registraron 4 casos positivos nuevos, manteni\u00e9ndose 44 activos, 9 en estudio y al momento un total de 1055 casos habidos en el distrito. Si bien las cifras se han atenuado, los recientes dos fallecimientos mas las alertas hechas por autoridades nacionales. A no relajarse ni bajar la guardia.<\/p>\n<p>El d\u00eda 14 de diciembre se registraron 4 nuevos casos positivos en el distrito, en tan permanecieron 39 activos y 8 en estudio. La \u00e9poca veraniega no debe llevar a que la poblaci\u00f3n se relaje y no persista en los cuidados indicados porque la pandemia sigue acechando.<\/p>\n<p>El d\u00eda 12 de diciembre, ante otro fallecimiento, se reiter\u00f3 que la batalla contra la pandemia, m\u00e1s all\u00e1 de la atenuaci\u00f3n de casos nuevos en nuestro distrito,\u00a0 persiste y hay que continuar con la guardia en alta y cumpliendo con todas las recomendaciones.<\/p>\n<p>&nbsp;<\/p>\n<p>El d\u00eda 8 de diciembre, trajo aparejado una noticia dolorosa, se produjo un nuevo fallecimiento a causa del coronavirus. En los tiempos recientes, la curva de casos en el distrito ha sido estable con descendencia (no hubo casos nuevos en el d\u00eda), sin embargo, el fallecimiento ocurrido demuestra que la pandemia con sus dolorosos impactos, sigue presente.<\/p>\n<p>&nbsp;<\/p>\n<p>El d\u00eda 7 de dicembre se mantuvo la tendencia estable, con reducci\u00f3n de casos como se ha venido notando en los \u00faltimos d\u00edas. Hubo 2 casaos nuevos y 56 permanecieron activos.<\/p>\n<p>El d\u00eda 6 de diciembre, arroj\u00f3 2 casos m\u00e1s positivos, en tanto se mantuvieron en 57 los activos y 24 fallecidos en total como el saldo m\u00e1s doloroso de la pandemia. Los casos se manten\u00edan en un descenso como en los \u00faltimos d\u00edas.<\/p>\n<p>El d\u00eda 4 de diciembre mientras se mantuvo los lineamientos de los \u00faltimos d\u00edas en cuanto a menos casos positivos confirmados y tambi\u00e9n disminuci\u00f3n de casos activos, el fallecimiento de un vecino de Capilla del Se\u00f1or, result\u00f3 otro duro golpe y la muestra que la batalla contin\u00faa y que no hay que relajarse. El fallecimiento muestra la peor cara de la pandemia, y debe hacer que la concientizaci\u00f3n sea permanente.<\/p>\n<p>&nbsp;<\/p>\n<p>El d\u00eda 3 de diciembre no se produjeron casos nuevos, en linea con la disminuci\u00f3n de los \u00faltimos d\u00edas. En tanto bajaron a 77 los casos activos y 3 estaban en estudio.<\/p>\n<p>El d\u00eda 1 de diciembre trajo aparejada otra muy triste y dolorosa noticia, un fallecimiento m\u00e1s por el virus de una vecina de <span class=\"d2edcug0 hpfvmrgz qv66sw1b c1et5uql rrkovp55 a8c37x1j keod5gw0 nxhoafnm aigsh9s9 d3f4x2em fe6kdd0r mau55g9w c8b282yb iv3no6db gfeo3gy3 a3bd9o3v knj5qynh oo9gr5id hzawbc8m\" dir=\"auto\">Exaltaci\u00f3n de la Cruz. El deceso se produjo en un establecimientro sanitario privado. Desde el municipio enviaron &#8220;nuestro respetuoso abrazo a familiares y amigos en este momento de dolor&#8221;. Los casos positivos nuevos fueron 2 y 90 hab\u00eda activos y 13 en estudio.<\/span><\/p>\n<p>El dia 30 de noviembre por fortuna, no se produjeron casos positivos nuevos, seg\u00fan la tendencia de los \u00faltimos dias, permanenciendo 93 casos activos y 9 en estudio. La permanencia de los cuidados personales, nunca hay que dejar de insistir, son fundamentales.<\/p>\n<p>El d\u00eda 27 de noviembre hubo 5 casos nuevos de Covid-19, en tanto 92 continuaron activos y eran 902 los recuperados totales. A su vez, 10 en estudio.<\/p>\n<p>El d\u00eda 26 de noviembre, hubo 6 casos positivos, 93 activos y apareci\u00edan 895 casos recuperados totales desde el inicio de la pandemia, en tanto 11 en estudio.<\/p>\n<p>El d\u00eda 24 de noviembre se conocieron 2 casos nuevos de coronavirus en el distrito, continuando la tendencia m\u00e1s reciente con bajo n\u00famero de casos originados. Se mantuvieron 96 activos y cuidado, 19 en estudio.<\/p>\n<p>El d\u00eda 23 de noviembre continu\u00f3 la tendencia a la presentaci\u00f3n de escasos positivos nuevos en el distrito.\u00a0 Se registr\u00f3 tan s\u00f3lo uno, mientras que permanecieron 98 casos activos y 8 en estudio. En tanto la estad\u00edstica ha establecido que se superaron los 1000 casos confirmados desde el inicio de la pandemia, sumando al d\u00eda actual 1003. La constante, sigue siendo la enunciada en tantas ocasiones, extremar los cuidados personales.<\/p>\n<p>&nbsp;<\/p>\n<p>El d\u00eda 20 de noviembre, mantuvo la constante de semanas recientes, con la confirmaci\u00f3n de 6 casos positivos, y se mantuvieron 98 activos y 10 en estudio, habi\u00e9ndose recuperado un total de 871 pacientes. A seguir con la guardia en alto y sin relajarse y manteniendo los cuidados.<\/p>\n<p>&nbsp;<\/p>\n<p>El d\u00eda 18 de noviembre se mantuvo la tendencia estable en cuanto a los n\u00fameros de vecinos afectados por el coronavirus. Se registraron 5 casos nuevos, permanec\u00edan 102 activos y eran 22 los vecinos en estudio.<\/p>\n<p>El d\u00eda 17 de noviembre, los n\u00fameros arrojados por los casos de coronavirus mantuvieron una tendencia que mostrado disminuci\u00f3n en los d\u00edas m\u00e1s recientes. Se constat\u00f3 un caso nuevo, manteni\u00e9ndose en 109 los activos, mientras que 17 permanacieron en estudios. Ante la nueva etapa iniciada, sin el aislamiento obligatorio, es altamente importante apelar a la responsabilidad social de cada uno.<\/p>\n<p>&nbsp;<\/p>\n<p>El d\u00eda 13 de noviembre no registr\u00f3 por suerte, ning\u00fan caso nuevo de coronavirus; manteni\u00e9ndose 122 activos y 28 casos en estudio. La informaci\u00f3n del municipio consign\u00f3 que &#8220;a pesar de una jornada sin contagios, y con 8 vecinos recuperados, este fin de semana hagamos un esfuerzo m\u00e1s. No s\u00f3lo por nuestra salud y la de la comunidad, sino para poner en valor todo lo que hicimos hasta ac\u00e1. Respetemos las medidas sanitarias vigentes, porque la pandemia a\u00fan no concluy\u00f3. Nos cuidamos entre todos&#8221;.<\/p>\n<p>El d\u00eda 11 de noviembre, mantuvo en cierta forma, una muestra anteriores al no registrarse elevados n\u00fameros de casos positivos, registr\u00e1ndose 8. A su vez, eran 120 los activos y 810 los recuperados totales, en tanto hubo 9 en estudio. Desde la comuna enfatizaron que &#8220;con el clima c\u00e1lido, se ven favorecidas las salidas al aire libre y las reuniones. Si bien es recomendable evitarlas, aquellas que sean verdaderamente necesarias deben hacerse respetando los protocolos que rigen desde el principio de la pandemia. A\u00fan cuando el escenario parece favorable, estamos en momentos en que no debe haber distracciones. Bajar los brazos no es una opci\u00f3n. Nos seguimos cuidando entre todos&#8221;.<\/p>\n<div class=\"j83agx80 cbu4d94t ew0dbk1b irj2b8pg\">\n<p>El d\u00eda 9 de noviembre consign\u00f3 la informaci\u00f3n oficial, el fallecimiento de otro vecino fallecido, totalizando 22. La persona no fue atendida por el sistema de salud del municipio. <em>M<span class=\"d2edcug0 hpfvmrgz qv66sw1b c1et5uql rrkovp55 a8c37x1j keod5gw0 nxhoafnm aigsh9s9 d3f4x2em fe6kdd0r mau55g9w c8b282yb iv3no6db gfeo3gy3 a3bd9o3v knj5qynh oo9gr5id\" dir=\"auto\">\u00e1s all\u00e1 de la estad\u00edstica, <\/span><\/em><span class=\"d2edcug0 hpfvmrgz qv66sw1b c1et5uql rrkovp55 a8c37x1j keod5gw0 nxhoafnm aigsh9s9 d3f4x2em fe6kdd0r mau55g9w c8b282yb iv3no6db gfeo3gy3 a3bd9o3v knj5qynh oo9gr5id\" dir=\"auto\">sostuvieron desde la comuna, <\/span><em><span class=\"d2edcug0 hpfvmrgz qv66sw1b c1et5uql rrkovp55 a8c37x1j keod5gw0 nxhoafnm aigsh9s9 d3f4x2em fe6kdd0r mau55g9w c8b282yb iv3no6db gfeo3gy3 a3bd9o3v knj5qynh oo9gr5id\" dir=\"auto\">detr\u00e1s de cada fallecido hay una familia que sufre esa p\u00e9rdida. Es por eso que enviamos nuestro respetuoso saludo a los seres queridos y amigos que pasaron por esta situaci\u00f3n.<\/span><\/em><\/p>\n<p>&nbsp;<\/p>\n<p>El d\u00eda 8 de noviembre registr\u00f3 un \u00fanico caso positivo en el comienzo de la nueva etapa fijada por el gobierno. 133 los casos positivos y 794 los recuperados, en tanto 12 permanec\u00edan en estudio. Desde ya, ante el nuevo per\u00edodo iniciado, los cuidados personales, familiares, entre amistades, deben ser m\u00e1s tenidos en cuenta a\u00fan<span class=\"d2edcug0 hpfvmrgz qv66sw1b c1et5uql rrkovp55 a8c37x1j keod5gw0 nxhoafnm aigsh9s9 d3f4x2em fe6kdd0r mau55g9w c8b282yb iv3no6db gfeo3gy3 a3bd9o3v knj5qynh oo9gr5id\" dir=\"auto\">. Por eso nunca olvidar el uso de tapabocas cubriendo nariz y boca en todo momento, a\u00fan en aire libre, lavado de manos, uso de alcohol en gel. La nueva normalidad es posible siempre que cada uno asuma su responsabilidad.<\/span><\/p>\n<div class=\"\" dir=\"auto\">\n<div id=\"jsc_c_wx\" class=\"ecm0bbzt hv4rvrfc ihqw7lf3 dati1w0a\" data-ad-comet-preview=\"message\" data-ad-preview=\"message\">\n<div class=\"j83agx80 cbu4d94t ew0dbk1b irj2b8pg\">\n<div class=\"qzhwtbm6 knvmm38d\">\n<div class=\"kvgmc6g5 cxmmr5t8 oygrvhab hcukyx3x c1et5uql ii04i59q\">\n<div dir=\"auto\">ALCANCES DEL DISTANCIAMIENTO SOCIAL OBLIGATORIO. LA NUEVA FASE<\/div>\n<\/div>\n<div class=\"o9v6fnle cxmmr5t8 oygrvhab hcukyx3x c1et5uql ii04i59q\">\n<div dir=\"auto\">&#8211; Uso obligatorio del barbijo o tapabocas<\/div>\n<div dir=\"auto\">&#8211; Uso de medidas sanitarias individuales<\/div>\n<div dir=\"auto\">&#8211; Distancia social de dos metros<\/div>\n<div dir=\"auto\">&#8211; Solo actividades permitidas con protocolo<\/div>\n<\/div>\n<div class=\"o9v6fnle cxmmr5t8 oygrvhab hcukyx3x c1et5uql ii04i59q\">\n<div dir=\"auto\"><\/div>\n<div dir=\"auto\"><\/div>\n<\/div>\n<\/div>\n<\/div>\n<\/div>\n<\/div>\n<p>El d\u00eda 6 de noviembre trajo aparejado otro duro golpe producto de la pandemia, para Exaltaci\u00f3n de la Cruz. Falleci\u00f3 una vecina de Los Cardales, elev\u00e1ndose a 21 el n\u00famero de fallecidos por el Covid-19. Desde el municipio hicieron p\u00fablico el pesare por el <span class=\"d2edcug0 hpfvmrgz qv66sw1b c1et5uql rrkovp55 a8c37x1j keod5gw0 nxhoafnm aigsh9s9 d3f4x2em fe6kdd0r mau55g9w c8b282yb iv3no6db gfeo3gy3 a3bd9o3v knj5qynh oo9gr5id hzawbc8m\" dir=\"auto\">fallecimiento de la mujer.<\/span><\/p>\n<div class=\"qzhwtbm6 knvmm38d\">\n<div class=\"\" dir=\"auto\">\n<div id=\"jsc_c_1oq\" class=\"ecm0bbzt hv4rvrfc ihqw7lf3 dati1w0a\" data-ad-comet-preview=\"message\" data-ad-preview=\"message\">\n<div class=\"j83agx80 cbu4d94t ew0dbk1b irj2b8pg\">\n<div class=\"qzhwtbm6 knvmm38d\">\n<div class=\"kvgmc6g5 cxmmr5t8 oygrvhab hcukyx3x c1et5uql ii04i59q\">\n<div dir=\"auto\">El d\u00eda 5 de noviembre, la informaci\u00f3n del municipio indic\u00f3 que la mayor\u00eda de los casos correspondieron a \u201cpositivos por nexo\u201d. Se trata de personas que conviven con casos de Covid-19 confirmados por laboratorio. A\u00fan sin hacerles hisopado, directamente se los consider\u00f3 como positivo. Con este diagn\u00f3stico r\u00e1pido, se reduce la circulaci\u00f3n comunitaria del virus, y se obliga a los \u201cpositivo por nexo\u201d a respetar el aislamiento, como con cualquier contagio.<\/div>\n<\/div>\n<div dir=\"auto\"><\/div>\n<\/div>\n<\/div>\n<\/div>\n<\/div>\n<p>El d\u00eda 4 de noviembre, la noticia de la llegada de una posible vacuna fue tema central en todos los medios de comunicaci\u00f3n. Si bien el dato es esperanzador, por ahora lo \u00fanico concreto y efectivo contra el Covid-19 sigue siendo el cuidado individual.\u00a0 A continuar atentos a las medidas sanitarias, porque la pandemia persiste. Relajarse o flexibilizar es tirar por la borda todo lo hecho hasta ahora.<\/p>\n<p>El d\u00eda 3 de noviembre fueron confirmados 10 casos nuevos de Covid 19, permaneciendo 137 activos y 16 aguardaban los resultados de los hisopados, mientras que la estad\u00edstica al momento registraba 750 casos recuperados. A prop\u00f3sito de los d\u00edas que favorecen salidas al aire libre, desde la municipalidad reiteraron los cuidados que deben seguirse. Es muy cierto, la pandemia sigue acechando.<\/p>\n<div>\n<p>El d\u00eda 2 de noviembre quedaron confirmados 6 casos nuevos, mientras que 10 permanecieron en estudio, y eran 138 los activos marcando una leve disminuci\u00f3n. En tanto alert\u00f3 el municipio que si bien en Exaltaci\u00f3n de la Cruz, &#8220;hay algunas actividades gastron\u00f3micas que ya se encuentran habilitadas, todas ellas deben practicarse con la responsabilidad sanitaria del caso&#8221;. Y se acot\u00f3 &#8220;tanto clientes como comercios tienen el deber de respetar las medidas que impone este aislamiento, ya sea en la distancia entre mesas, como en el uso de elementos protecci\u00f3n individual&#8221;. A no olvidar por favor. No es momento de distracciones. La pandemia a\u00fan no concluy\u00f3.<\/p>\n<p>El d\u00eda 1 de noviembre se hizo conocer desde la municipalidad que &#8220;de la mano con el clima, este fin de semana fue notable la cantidad de visitantes que recorrieron el distrito, sumado a nuestros vecinos que eligieron, a\u00fan con cuidados, abandonar moment\u00e1neamente la cuarentena. Sin embargo, es importante seguir sosteniendo medidas sanitarias individuales, de tal forma de no comprometer la salud p\u00fablica. En Exaltaci\u00f3n de la Cruz, el cuidado y la responsabilidad ha dado buenos resultados. No es momento de distracciones ni de bajar los brazos&#8221;. Fue un d\u00eda sin aparici\u00f3n de nuevos casos positivos, manteni\u00e9ndose 146 activos, en tanto 22 permanec\u00edan en estudio.<\/p>\n<p>&nbsp;<\/p>\n<p>El d\u00eda 30 de octubre en este d\u00eda se mantuvieron valores de contagios muy por debajo de la media regional y nacional. &#8220;Esas cifras pueden sostenerse s\u00f3lo si continuamos con los cuidados individuales&#8221;, hicieron saber desde la municipalidad.<\/p>\n<div class=\"\" dir=\"auto\">\n<div id=\"jsc_c_1mr\" class=\"ecm0bbzt hv4rvrfc ihqw7lf3 dati1w0a\" data-ad-comet-preview=\"message\" data-ad-preview=\"message\">\n<div class=\"j83agx80 cbu4d94t ew0dbk1b irj2b8pg\">\n<div class=\"qzhwtbm6 knvmm38d\">\n<div class=\"o9v6fnle cxmmr5t8 oygrvhab hcukyx3x c1et5uql ii04i59q\">\n<div dir=\"auto\">Los d\u00edas primaverales parecen propicios para dejar de lado algunas atenciones sanitarias, favorecer reuniones al aire libre, y eso es un error.&#8221;Debemos sostener lo hecho hasta ahora, por nuestra comunidad, por el esfuerzo de nuestro equipo de m\u00e9dicos, y por nosotros. No es momento de abandonar&#8221;, remarc\u00f3 la informaci\u00f3n municipal.<\/div>\n<div dir=\"auto\">Hubo 4 casos nuevos de contagios, manteni\u00e9ndose 139 activos y 13 en estudio.<\/div>\n<\/div>\n<\/div>\n<\/div>\n<\/div>\n<\/div>\n<p>&nbsp;<\/p>\n<p>El d\u00eda 29 de octubre, golpe\u00f3 duro en especial a los vecinos de Capilla del Se\u00f1or, debido al fallecimiento de una conocida vecina, esposa, madre, integrante de una querida familia. Son los golpes m\u00e1s brutales y e irreversibles que da el coronavirus en todas partes, las p\u00e9rdidas de vidas. Desde el municipio hicieron p\u00fablicas las condolencias a <span class=\"d2edcug0 hpfvmrgz qv66sw1b c1et5uql rrkovp55 a8c37x1j keod5gw0 nxhoafnm aigsh9s9 d3f4x2em fe6kdd0r mau55g9w c8b282yb iv3no6db jq4qci2q a3bd9o3v knj5qynh oo9gr5id\" dir=\"auto\">familiares, amigos y seres queridos de la vecina fallecida.<\/span><\/p>\n<\/div>\n<div>En la jornada se confirmaron 17 casos positivos m\u00e1s, sumando 126 activos.<\/div>\n<div><\/div>\n<div>El d\u00eda 28 de octubre volvi\u00f3\u00a0 a reflejar que la <span class=\"d2edcug0 hpfvmrgz qv66sw1b c1et5uql rrkovp55 a8c37x1j keod5gw0 nxhoafnm aigsh9s9 d3f4x2em fe6kdd0r mau55g9w c8b282yb iv3no6db jq4qci2q a3bd9o3v knj5qynh oo9gr5id\" dir=\"auto\">estad\u00edstica diaria de contagios atraviesa una meseta; lo que no es un detalle menor considerando lo que se vive en los \u00faltimos meses. La actitud de los vecinos exaltacruce\u00f1os, en su gran mayor\u00eda puesta de manifiesto en especial los de Capilla del Se\u00f1or, desde el comienzo de la tan grave pandemia, se debe al esfuerzo vecinal claro, en el distrito en su conjunto, en algunos puntos not\u00e1ndose mayor o menor toma de consciencia. Al papel de nuestra gente se suma la labor del equipo de Salud del municipio, cuyo mensaje ha sido continuo, apuntando al cuidado y a la responsabilidad individual, que resultan la mejor opci\u00f3n para la salud p\u00fablica.<br \/>\n&#8220;Hay que continuar por ese camino, y profundizar esos cuidados, para que la estad\u00edstica sea a\u00fan m\u00e1s alentadora. Bajar los brazos no es una opci\u00f3n. Nos cuidamos entre todos&#8221;, sostuvo el mensaje desde la municipalidad.<\/span><\/div>\n<\/div>\n<div><\/div>\n<div class=\"qzhwtbm6 knvmm38d\">\n<div class=\"kvgmc6g5 cxmmr5t8 oygrvhab hcukyx3x c1et5uql ii04i59q\">\n<div dir=\"auto\">\n<div>\n<div class=\"kvgmc6g5 cxmmr5t8 oygrvhab hcukyx3x c1et5uql ii04i59q\">\n<div dir=\"auto\">El d\u00eda 27 de octubre, se confirmaron 13 casos positivos en el distrito, a la vez que 2 personas fueron dadas de alta. Mientras tanto, la situaci\u00f3n nacional arroj\u00f3 en el d\u00eda, un total de 14.308 contagios. &#8220;Para poder sostener la estad\u00edstica local, es necesario el compromiso sanitario individual. Nos cuidamos entre todos&#8221;, el mensaje desde el municipio siempre vigente.<\/div>\n<\/div>\n<\/div>\n<div><\/div>\n<div><\/div>\n<div><\/div>\n<div><span class=\"d2edcug0 hpfvmrgz qv66sw1b c1et5uql rrkovp55 a8c37x1j keod5gw0 nxhoafnm aigsh9s9 d3f4x2em fe6kdd0r mau55g9w c8b282yb iv3no6db jq4qci2q a3bd9o3v knj5qynh oo9gr5id\" dir=\"auto\">El d\u00eda 26 de octubre el crecimiento de casos se remitieron a 2, mientras que 115 eran los activos y 25 en estudio. La municipalidad hizo saber que los 2 casos positivos, fueron informados por instituciones privadas. Y desde ya se insisti\u00f3 con las medidas de cuidado individual, que son las que permiten tener estos valores.<br \/>\n&#8220;Sabemos que el esfuerzo ha sido prolongado, pero mirando el mapa de contagios de Naci\u00f3n y Provincia, podemos afirmar que no ha sido en vano. No es momento de distracciones ni para bajar los brazos. Nos cuidamos entre todos.El d\u00eda&#8221;, afirmaron desde el municipio<\/span><\/div>\n<div><\/div>\n<div class=\"q676j6op qypqp5cg\">El d\u00eda 25 de octubre ocurri\u00f3 un hecho positivo que hac\u00eda mucho no se daba, no se registraron nuevos casos de coronavirus en el distrito. En tanto se mantuvieron 119 casos activos y una totalidad de recuperados de 702 contagiados; a su vez se presentaron 25 casos en estudio. Hubo 10 vecinos recuperados en el d\u00eda. &#8220;Felicitamos al equipo de profesionales y auxiliares de la Salud, que desde el primer d\u00eda nunca bajaron los brazos en la pelea contra el Covid-19&#8221;, hicieron saber desde el municipio y agregaron, &#8220;del mismo modo, y con el objetivo de sostener estos valores, reiteramos a los vecinos la necesidad de extremar los cuidados sanitarios personales. La salud p\u00fablica depende de cada uno de nosotros&#8221;.<\/div>\n<\/div>\n<div><\/div>\n<div dir=\"auto\">\n<div class=\"buofh1pr\">\n<div class=\"j83agx80 cbu4d94t ew0dbk1b irj2b8pg\">\n<div class=\"qzhwtbm6 knvmm38d\">\n<div class=\"nc684nl6\">El d\u00eda 23 de octubre, desde el municipio acerca del coronavirus, hicieron saber que los datos de la jornada arrojaron como saldo una mayor cantidad de personas recuperadas, en relaci\u00f3n a los nuevos casos confirmados.<\/div>\n<\/div>\n<\/div>\n<\/div>\n<div class=\"\" dir=\"auto\">\n<div id=\"jsc_c_u9\" class=\"ecm0bbzt hv4rvrfc ihqw7lf3 dati1w0a\" data-ad-comet-preview=\"message\" data-ad-preview=\"message\">\n<div class=\"j83agx80 cbu4d94t ew0dbk1b irj2b8pg\">\n<div class=\"qzhwtbm6 knvmm38d\">\n<div class=\"o9v6fnle cxmmr5t8 oygrvhab hcukyx3x c1et5uql ii04i59q\">\n<div dir=\"auto\">Son siempre datos positivos, en tanto y en cuanto cada vecino asuma la responsabilidad del cuidado individual, que resulta la mejor medida sanitaria colectiva. &#8220;Sigamos en ese camino. Nos cuidamos entre todos&#8221;, resaltaron.<\/div>\n<div dir=\"auto\">Se registraron s\u00f3lo 3 casos nuevos, manteni\u00e9ndose 121 activos, 11 en estudio y totalizaban 684 los recuperados.<\/div>\n<div dir=\"auto\"><\/div>\n<\/div>\n<\/div>\n<\/div>\n<\/div>\n<\/div>\n<\/div>\n<div dir=\"auto\"><\/div>\n<div dir=\"auto\"><\/div>\n<div dir=\"auto\">El d\u00eda 22 de octubre fij\u00f3 que de los 9 casos nuevos confirmados, 4 fueron \u201cpor nexo\u201d. Son personas que, a\u00fan no siendo hisopadas, se los consider\u00f3 positivo porque conviven con un paciente con Covid, confirmado por laboratorio.<\/div>\n<\/div>\n<div dir=\"auto\">\n<div class=\"\" dir=\"auto\">\n<div id=\"jsc_c_1ay\" class=\"ecm0bbzt hv4rvrfc ihqw7lf3 dati1w0a\" data-ad-comet-preview=\"message\" data-ad-preview=\"message\">\n<div class=\"j83agx80 cbu4d94t ew0dbk1b irj2b8pg\">\n<div class=\"qzhwtbm6 knvmm38d\">\n<div class=\"o9v6fnle cxmmr5t8 oygrvhab hcukyx3x c1et5uql ii04i59q\">\n<div dir=\"auto\">Autoridades provinciales reconocieron la s\u00e9ptima semana de baja de casos a nivel estad\u00edstico, como consecuencia de menos contagios en la zona de AMBA, la mayor y m\u00e1s populosa. Sin embargo, se registran m\u00e1s casos en el interior bonaerense, en distritos cercanos a Exaltaci\u00f3n de la Cruz.<\/div>\n<\/div>\n<div class=\"o9v6fnle cxmmr5t8 oygrvhab hcukyx3x c1et5uql ii04i59q\">\n<div dir=\"auto\">Dado que nuestro partido se encuentra en el l\u00edmite del \u00c1rea Metropolitana de Buenos Aires (AMBA), solicitaron desde el municipio a todos los vecinos, reponsabilidad individual para crear conciencia colectiva en el cuidado contra el Covid-19.<\/div>\n<\/div>\n<\/div>\n<\/div>\n<\/div>\n<\/div>\n<\/div>\n<div class=\"kvgmc6g5 cxmmr5t8 oygrvhab hcukyx3x c1et5uql ii04i59q\">\n<div dir=\"auto\"><\/div>\n<div dir=\"auto\">El d\u00eda 21 de octubre, se conoci\u00f3 de la existencia de 5 nuevos casos, y por otro lado, 6 las personas recuperadas. Desde el 18 de este mes, sumaron 27 los vecinos que vencieron a la enfermedad. Ha sido un dato alentador, si se tiene en cuenta el panorama regional y nacional.<\/div>\n<\/div>\n<div class=\"o9v6fnle cxmmr5t8 oygrvhab hcukyx3x c1et5uql ii04i59q\">\n<div dir=\"auto\">En torno a los casos en estudio, Exaltaci\u00f3n de la Cruz tiene apenas 4 muestras pendientes de resultado. &#8220;Hagamos todos un gran esfuerzo para sostener estos valores. Todos nos cuidamos. Nos cuidamos entre todos&#8221;, recalcaron desde el municipio.<\/div>\n<div dir=\"auto\"><\/div>\n<\/div>\n<\/div>\n<\/div>\n<\/div>\n<\/div>\n<\/div>\n<\/div>\n<div class=\"buofh1pr\">\n<div class=\"j83agx80 cbu4d94t ew0dbk1b irj2b8pg\">\n<div tabindex=\"0\" role=\"button\" aria-label=\"1 h\">\n<div class=\"kvgmc6g5 cxmmr5t8 oygrvhab hcukyx3x c1et5uql ii04i59q\">\n<div dir=\"auto\">El d\u00eda 20 de octubre, se registraron 10 casos m\u00e1s, permaneciendo 114 activos y un total de 667 recuperados y 10 en estudio. Desde el municipio insistieron con las recomendaciones: &#8220;Transitamos la primavera y a medida que nos acercamos al verano, muchos vecinos y visitantes eligen algunos espacios p\u00fablicos de nuestro distrito, como paseo. A todos ellos reiteramos el pedido de responsabilidad en la distancia social, y en las medidas que promueve Salud. La enfermedad a\u00fan no ha sido derrotada y el esfuerzo a\u00fan debe continuar. Nos cuidamos entre todos&#8221;.<\/div>\n<\/div>\n<\/div>\n<div tabindex=\"0\" role=\"button\" aria-label=\"1 h\"><\/div>\n<div class=\"oajrlxb2 g5ia77u1 qu0x051f esr5mh6w e9989ue4 r7d6kgcz rq0escxv nhd2j8a9 nc684nl6 p7hjln8o kvgmc6g5 cxmmr5t8 oygrvhab hcukyx3x jb3vyjys rz4wbd8a qt6c0cv9 a8nywdso i1ao9s8h esuyzwwr f1sip0of lzcic4wl gmql0nx0 gpro0wi8 b1v8xokw\" tabindex=\"0\" role=\"button\" aria-label=\"1 h\">El d\u00eda 19 de octubre fue marcado desde la municipalidad, que las cifras de contagios contin\u00faan en valores preocupantes. &#8220;Por ello pedimos seguir con los cuidados sanitarios individuales. Las acciones del Estado, como el Programa Detectar, que ya recorri\u00f3 sectores de Capilla del Se\u00f1or, Los Cardales y Diego Gaynor, son COMPLEMENTARIAS al compromiso que debe tener cada vecino con su salud, y la salud p\u00fablica. No es momento de distracciones ni bajar los brazos. Nos seguimos cuidando&#8221;.<\/div>\n<\/div>\n<\/div>\n<\/div>\n<div dir=\"auto\"><\/div>\n<div dir=\"auto\"><span class=\"d2edcug0 hpfvmrgz qv66sw1b c1et5uql rrkovp55 a8c37x1j keod5gw0 nxhoafnm aigsh9s9 d3f4x2em fe6kdd0r mau55g9w c8b282yb iv3no6db jq4qci2q a3bd9o3v knj5qynh oo9gr5id hzawbc8m\" dir=\"auto\">El d\u00eda 18 de octubre se confirmaron 14 casos positivos nuevos, totalizando al momento 114 contagiados, en tanto 16 personas estaban en estudio. Despu\u00e9s de siete meses de pandemia, es imperioso que cada persona asuma la responsabilidad que le toca, de cuidarse, y de cuidar a su familia. El Estado hace su parte desde hace siete meses, pero es necesario el compromiso ciudadano. La enfermedad a\u00fan no est\u00e1 controlada. Seamos responsables.<\/span><\/div>\n<div dir=\"auto\"><\/div>\n<div dir=\"auto\"><\/div>\n<div dir=\"auto\"><\/div>\n<div dir=\"auto\">El d\u00eda 17 de octubre s\u00f3lo se registr\u00f3 un caso nuevo, permaneciendo 111 activos y y totalizando 644 recuperdos. En tanto, desde la municipalidad se remarc\u00f3 que hoy &#8220;tenemos un compromiso: Honrar a nuestras madres y a la familia con la responsabilidad de cuidarnos de manera individual, sabiendo que con esa decisi\u00f3n tambi\u00e9n cuidamos a nuestros afectos.Respetar las medidas sanitarias debe ser entendido como un gesto de amor, por el bien de las personas que queremos, y de la salud p\u00fablica. Honremos a nuestras madres y a la familia, con todo el amor del coraz\u00f3n, pero con todo el cuidado del mundo&#8221;.<\/div>\n<\/div>\n<\/div>\n<\/div>\n<\/div>\n<\/div>\n<\/div>\n<div dir=\"auto\"><\/div>\n<div dir=\"auto\">El d\u00eda 16 de octubre se registraron 8 nuevos contagios de coronavirus en nuestro distrito. La cifra en cuanto a casos activos se fij\u00f3 en 105 y 38 permanec\u00edan en estudio con 642 recuperados en total. Insistieron desde la municipalidad acerca del D\u00eda de la Madre, sobre la importancia de mantener los cuidados individuaes para minimizar posibles contagios. &#8220;Celebrar con responsabilidad es la mejor manera de honrar a nuestros seres queridos. Cuid\u00e1ndonos, tambi\u00e9n los estamos cuidando&#8221;, remarcaron.<\/div>\n<\/div>\n<\/div>\n<div>\n<div class=\"kvgmc6g5 cxmmr5t8 oygrvhab hcukyx3x c1et5uql ii04i59q\">\n<div dir=\"auto\"><\/div>\n<div dir=\"auto\"><\/div>\n<div dir=\"auto\">El d\u00eda 15 de octubre, de los 11 casos nuevos, el municipio hizo saber que 8 corresponden a hisopados positivos realizados por el sistema de salud local. Uno de los casos fue por nexo, y otro confirmado por un laboratorio privado. El restante fue inclu\u00eddo como positivo por el sistema SISA, y al cierre de la informaci\u00f3n diaria, se desconoc\u00eda el m\u00e9todo de determinaci\u00f3n.<br \/>\nEn lo referido a la Argentina, las cifras de contagios marcaron un nuevo r\u00e9cord por lo que la preocupaci\u00f3n es notoria. Se registraron 17.096 casos. Desde la municipalidad reiteraron acerca de &#8220;la necesidad de profundizar en los cuidados individuales. A pesar que la fecha del D\u00eda de la Madre y de la Familia es sensible a nuestros afectos y sentimientos, el valor de la vida y de la salud debe estar primero. Seamos responsables&#8221;.<\/p>\n<div class=\"oajrlxb2 g5ia77u1 qu0x051f esr5mh6w e9989ue4 r7d6kgcz rq0escxv nhd2j8a9 nc684nl6 p7hjln8o kvgmc6g5 cxmmr5t8 oygrvhab hcukyx3x jb3vyjys rz4wbd8a qt6c0cv9 a8nywdso i1ao9s8h esuyzwwr f1sip0of lzcic4wl oo9gr5id gpro0wi8 lrazzd5p\" tabindex=\"0\" role=\"button\"><\/div>\n<\/div>\n<div dir=\"auto\"><\/div>\n<div dir=\"auto\">El 14 de octubre informaron desde el municipio que &#8220;personal de Salud de la provincia recorri\u00f3 varios sectores del distrito, recolectando muestras de sangre. Se trata de un plan de trabajo que pretende establecer qu\u00e9 cantidad de personas estuvieron en contacto con Covid-19, y qui\u00e9nes tienen anticuerpos&#8221;.<\/div>\n<\/div>\n<div class=\"o9v6fnle cxmmr5t8 oygrvhab hcukyx3x c1et5uql ii04i59q\">\n<div dir=\"auto\">Y agregaron desde la comuna &#8220;los resultados permitir\u00e1n contar con informaci\u00f3n concreta sobre la circulaci\u00f3n del virus en la provincia de Buenos Aires, e implementar pol\u00edticas sanitarias y estrategias eficaces, a partir de los nuevos datos. Es por eso que se reitera la necesidad de preservar medidas preventivas durante el D\u00eda de la Madre y la Familia, con el fin de evitar contagios y cuidar a nuestros familiares y seres queridos&#8221;.<\/div>\n<div dir=\"auto\"><\/div>\n<\/div>\n<\/div>\n<div><\/div>\n<div>\n<div class=\"kvgmc6g5 cxmmr5t8 oygrvhab hcukyx3x c1et5uql ii04i59q\">\n<div dir=\"auto\">\n<p>El d\u00eda 13 de octubre, del total de contagios, tres correspondieron \u201cpor nexo\u201d, 6 son hisopados locales que resultaron positivos, y los restantes 2, fueron detectados por el sistema privado.<\/p>\n<p>Desde la municipalidad hicieron saber que &#8220;por la cercan\u00eda con el D\u00eda de la Madre y de la Familia, pedimos evitar reuniones y seguir manteniendo las medidas sanitarias de siempre. A\u00fan con lo sensible de esa fecha, resulta mucho m\u00e1s importante cuidarnos, para poder cuidar a nuestros seres querido&#8221;. En el d\u00eda se registraron 11 casos m\u00e1s, permanec\u00edan 99 activos y se daba un total de 620 recuperados.<\/p>\n<\/div>\n<div dir=\"auto\"><\/div>\n<div dir=\"auto\">El d\u00eda 12 de octubre, ofreci\u00f3 una noticia positiva para nuestra comunidad 12 vecinos contagiados con coronavirus, fueron dados de alta. Con los cuidados pertinentes, lograron vencer al Covid-19. En tal sentido el equipo de Salud contin\u00faa trabajando en la detecci\u00f3n de posibles casos positivos.<\/div>\n<\/div>\n<div class=\"o9v6fnle cxmmr5t8 oygrvhab hcukyx3x c1et5uql ii04i59q\">\n<div dir=\"auto\">Ya se han realizado m\u00e1s de 2 mil testeos, sumado al trabajo del Operativo Detectar, que ya recorri\u00f3 el barrio Mar\u00edn, Solidaridad y Diego Gaynor, localizando personas con s\u00edntomas y tomando muestras de laboratorio. A ese esfuerzo, es necesario sumar el cuidado individual, para evitar la propagaci\u00f3n del virus. Tal lo comunicado desde el municipio en tanto se produjeron 3 casos nuevos, sumando un total de 100 m\u00e1s 19 en estudio.<\/div>\n<\/div>\n<p>&nbsp;<\/p>\n<p>El d\u00eda 11 de octubre, reflej\u00f3 un dato valedero, un respiro al menos; no se produjeron casos nuevos de Covid 19. No obstante, no hay que dejar de tener en cuenta en momento alguno, las constantes recomendaciones relacionadas al cuidado personal, en casa y en el trabajo, para aquellos que desarrollan actividades de distinto tipo.<\/p>\n<p>La otra cara la moneda, la m\u00e1s dolorosa por cierto, estuvo dada por otro fallecimiento, el de una vecina del Barrio Sakura, quien recibiera atenci\u00f3n en una cl\u00ednica del vecino distrito de Luj\u00e1n. Desde el municipio y desde EPOCA tambi\u00e9n, enviamos las condolencias a sus familiares, seres queridos y amistades.<\/p>\n<\/div>\n<div><\/div>\n<div><\/div>\n<div><\/div>\n<div><\/div>\n<div>\n<div class=\"kvgmc6g5 cxmmr5t8 oygrvhab hcukyx3x c1et5uql ii04i59q\">\n<div dir=\"auto\">\n<div class=\"kvgmc6g5 cxmmr5t8 oygrvhab hcukyx3x c1et5uql ii04i59q\">\n<div dir=\"auto\">El d\u00eda 9 de octubre marc\u00f3 que fueron confirmados 8 casos positivos nuevos, sumando en total al momento 112 casos activos, de los cuales trascendi\u00f3 que habr\u00eda s\u00f3lo 5 internados en el sector Covid del Hospital San Jos\u00e9. Por otro lado, eran 17 las personas que hisopadas, aguardaban los resultados.<\/div>\n<div dir=\"auto\">Desde el municipio hicieron saber que &#8220;una vez m\u00e1s, los n\u00fameros nacionales no son alentadores: M\u00e1s de 15 mil personas fueron diagnosticadas (9-10) positivo en Covid-19. En ese contexto se insiste a la comunidad local en extremar responsablemente, las medidas sanitarias individuales, para garantizar la salud de todos.<\/div>\n<div dir=\"auto\"><\/div>\n<div dir=\"auto\">El d\u00eda 8 de octubre, fue comunicado desde el municipio que, a partir de la nueva modalidad de tipificar la estad\u00edstica de Covid-19, hoy (8\/10) se imputan tres personas al n\u00famero local de fallecidos. Son personas que tuvieron la enfermedad, la superaron y fueron dados de alta, pero que semanas m\u00e1s tarde murieron por diversas complicaciones. As\u00ed, y a entender de la nueva forma de carga de datos, igualmente se los imputa como fallecidos por coronavirus.<\/div>\n<\/div>\n<div class=\"o9v6fnle cxmmr5t8 oygrvhab hcukyx3x c1et5uql ii04i59q\">\n<div dir=\"auto\">En este d\u00eda, la Argentina sum\u00f3 m\u00e1s de 15 mil casos positivos, y en ese contexto se reitera la necesidad de reforzar los cuidados personales, por el bien de toda la salud p\u00fablica.<\/div>\n<\/div>\n<\/div>\n<div dir=\"auto\"><\/div>\n<div dir=\"auto\">El d\u00eda 7 de octubre, mencionaron desde el municipio que\u00a0 &#8220;con m\u00e1s de 840 mil afectados a nivel pa\u00eds, los valores nacionales y regionales siguen siendo preocupantes. Es por eso que se reitera el pedido de cuidados individuales como medida sanitaria colectiva, para evitar la propagaci\u00f3n del virus&#8221;. Luego fue mencionado que &#8220;ante esa realidad, el municipio concret\u00f3 este mi\u00e9rcoles un nuevo Operativo Detectar, en este caso en Diego Gaynor, tal como ocurri\u00f3 en Capilla del Se\u00f1or y Los Cardales. La idea es localizar de inmediato a aquellos vecinos con s\u00edntomas, visitando casa por casa, y aplicando el protocolo que pudiera corresponder&#8221;<\/div>\n<div dir=\"auto\"><\/div>\n<div dir=\"auto\">El d\u00eda 6 de octubre, aunque en menor medida, las cifras locales no escaparon a la realidad regional y nacional, en donde se percibe una notable suba de casos positivos. &#8220;Es por eso que reforzamos el pedido de cuidados personales, para evitar posibles contagios&#8221;, mencionaron desde la municipalidad.<\/div>\n<div dir=\"auto\"><\/div>\n<\/div>\n<div class=\"o9v6fnle cxmmr5t8 oygrvhab hcukyx3x c1et5uql ii04i59q\">\n<div dir=\"auto\">En el marco actual, el municipio dispuso para este miercoles 7, la presencia del Programa Detectar a Diego Gaynor, tal como se hizo en Capilla del Se\u00f1or y Los Cardales. Van a recorrer puerta a puerta, para localizar vecinos con s\u00edntomas compatibles al Covid, y abordarlos de inmediato.<\/div>\n<\/div>\n<\/div>\n<div><\/div>\n<div><\/div>\n<div>\n<p>El d\u00eda 5 de octubre, reflej\u00f3 que si bien valores nacionales y regionales siguen altos, en Exaltaci\u00f3n de la Cruz afirmaron desde el municipio, &#8220;destacamos la recuperaci\u00f3n de 11 vecinos, que pudieron reencontrarse con sus seres queridos&#8221;.<\/p>\n<p>Y fue agregado, &#8220;es por eso que pedimos continuar con las medidas de cuidado individual y las precauciones sanitarias recomendadas por nuestro equipo de Salud. Son herramientas eficaces para prevenir contagios. Us\u00e9moslas&#8221;. Se registron 8 casos nuevos y hab\u00eda 23 en estudio.<\/p>\n<p>&nbsp;<\/p>\n<p>El 4 de octubre hubo que lamentar el fallecimiento en este caso, de un vecino de Los Cardales. Desde el municipio enviaron las condolencias a sus familiares, amigos y seres queridos. A su vez, reiteraron &#8220;el pedido de cuidados individuales, en momentos en que las cifras nacionales y regionales no son alentadoras&#8221;.<\/p>\n<div class=\"\" dir=\"auto\">\n<div id=\"jsc_c_6aa\" class=\"ecm0bbzt hv4rvrfc ihqw7lf3 dati1w0a\" data-ad-comet-preview=\"message\" data-ad-preview=\"message\">\n<div class=\"j83agx80 cbu4d94t ew0dbk1b irj2b8pg\">\n<div class=\"qzhwtbm6 knvmm38d\">\n<div dir=\"auto\"><\/div>\n<\/div>\n<\/div>\n<\/div>\n<\/div>\n<p>El d\u00eda 2 de octubre, se confirmaron 19 casos positivos, en diversos puntos del distrito. Ante este panorama, junto a Naci\u00f3n, Provincia y el equipo de salud del municipio se encuentra trabajando con el Programa Detectar.<\/p>\n<p>Dicho Programa Detectar ya pas\u00f3 por el Barrio Mar\u00edn de Capilla del Se\u00f1or y el Barrio Solidaridad, de Los Cardales. El objetivo sigue siendo recorrer diversos puntos del partido. Desde el municipio informaron que se planifique cubrir con el mencionado programa a la localidad de Diego Gaynor.<br \/>\nMediante la puesta en pr\u00e1ctica del Programa, son abordados casos sospechoso en los barrios, de tal forma de minimizar posibles contagios.<\/p>\n<div class=\"oajrlxb2 g5ia77u1 qu0x051f esr5mh6w e9989ue4 r7d6kgcz rq0escxv nhd2j8a9 nc684nl6 p7hjln8o kvgmc6g5 cxmmr5t8 oygrvhab hcukyx3x jb3vyjys rz4wbd8a qt6c0cv9 a8nywdso i1ao9s8h esuyzwwr f1sip0of lzcic4wl oo9gr5id gpro0wi8 lrazzd5p\" tabindex=\"0\" role=\"button\"><\/div>\n<\/div>\n<div><\/div>\n<div><\/div>\n<div>El d\u00eda 30 de septiembre fue una de las jornadas m\u00e1s duras y dolorosa en el distrito en el marco de la pandemia, al producirse por primera vez dos fallecimientos en el d\u00eda. &#8220;Con profundo dolor informamos el fallecimiento de dos vecinos, de Los Cardales y Parada Robles respectivamente, como consecuencia de Covid-19. Enviamos nuestro respetuoso abrazo a sus familiares, amigos y seres queridos&#8221;, se hizo saber desde la municipalidad para luego, enfatizar que &#8220;dado que contin\u00faa la suba de casos a nivel de la regi\u00f3n y del pa\u00eds, reiteramos la necesidad de extremar los cuidados sanitarios individuales, para minimizar cualquier posibilidad de contagio&#8221;.<\/div>\n<div>El \u00faltimo d\u00eda de septiembre, hubo 6 casos nuevos y permanecieron 103 activos y 11 en estudio.<\/div>\n<div><\/div>\n<div><\/div>\n<div>El d\u00eda 29 de septiembre se lleg\u00f3 al centenar de casos activos en el distrito, mientras que se confirmaron 9 casos nuevos. Al momento hab\u00eda 24 casos en estudio. &#8220;Aunque sigue siendo alto el n\u00famero de contagios en la regi\u00f3n y en el pa\u00eds, Exaltaci\u00f3n de la Cruz fue reconocida dentro de la Regi\u00f3n Sanitaria 5ta a la que pertenecemos, como el distrito con menor cantidad de casos entre los trabajadores de la Salud&#8221;, marcaron desde el municipio para agregar: &#8220;Agradecemos a ellos por todo el esfuerzo puesto en el cuidado de los vecinos y en el propio, haciendo del personal sanitario una pieza fundamental en esta etapa que nos toca superar&#8221;.<\/div>\n<div><\/div>\n<div><\/div>\n<div>El d\u00eda 28 de septiembre hubo 15 casos m\u00e1s de coronavirus y permanecieron 90 activos y 14 se encontraban en estudio. El flagelo del Covid-19 no permite relajarse y mucho menos dejar de continuar adoptando las medidas para cuidarse.<\/div>\n<div>Desde el municipio se hizo saber que c<span class=\"d2edcug0 hpfvmrgz qv66sw1b c1et5uql rrkovp55 a8c37x1j keod5gw0 nxhoafnm aigsh9s9 d3f4x2em fe6kdd0r mau55g9w c8b282yb iv3no6db jq4qci2q a3bd9o3v knj5qynh oo9gr5id\" dir=\"auto\">asi la totalidad de los casos del d\u00eda, fueron \u201cpositivos por nexo\u201d. Se trata de vecinos con s\u00edntomas de Covid-19 que no fueron hisopados, pero que son \u201cconvivientes\u201d con personas con la enfermedad, confirmada por laboratorio. Ante esa situaci\u00f3n, se los declara positivos, para evitar se propaguen los contagios.<br \/>\nSe considera como \u201cconviviente\u201d a toda persona que comparta habitaci\u00f3n, ba\u00f1o o cocina con un paciente confirmado.<\/span><\/div>\n<div><\/div>\n<div class=\"mbs fbPhotosAudienceContainerNotEditable\">El d\u00eda 27 de septiembre surgieron 11 casos positivos, se mantuvieron 86 activos y 19 permanec\u00edan en estudio. Los casos detectados correspondieron a vecinos de distintos puntos exaltacruce\u00f1os. Reiteraron desde la comuna, la importancia de reforzar los cuidados individuales, es la mejor medida para prevenir el Covid-19.<\/div>\n<div><\/div>\n<div>El d\u00eda 26 de septiembre fueron registrados 12 casos nuevos de Covid-19 en el distrito. Permanecieron 80 casos activos y 30 estudiaban mientras totalizaban 504 los recuperados.<\/div>\n<div>\n<div class=\"kvgmc6g5 cxmmr5t8 oygrvhab hcukyx3x c1et5uql ii04i59q\">\n<div dir=\"auto\">Desde la comuna hicieron saber: &#8220;Varios de los casos positivos de hoy, corresponden a vecinos con domicilio en nuestro distrito, pero que est\u00e1n recibiendo tratamiento m\u00e9dico en centros de salud de otras localidades. Dado que las cifras a nivel nacional se mantienen en niveles elevados, reiteramos la necesidad del cuidado individual, y el respeto de las normas sanitarias&#8221;.<\/div>\n<\/div>\n<\/div>\n<div><\/div>\n<div><\/div>\n<div>El d\u00eda 25 de septiembre, marc\u00f3 un dato de importancia: se lleg\u00f3 en el marco de la pandemia en Exaltaci\u00f3n de la Cruz, a un total de 500 pacientes recuperados. En tanto se produjeron 2 casos positivos nuevos y permanecieron 82 activos y 17 en estudio.<\/div>\n<div>Desde el municipio hicieron saber que &#8220;si bien en Exaltaci\u00f3n de la Cruz se mantienen valores estad\u00edsticos razonables en t\u00e9rminos comparativos con otros lugares de la regi\u00f3n, el crecimiento de casos a nivel nacional es una preocupaci\u00f3n latente. Es por eso que solicitamos a nuestros vecinos continuar con los cuidados individuales y extremar las acciones de prevenci\u00f3n, para evitar posibles contagios&#8221;.<\/div>\n<div><\/div>\n<div><\/div>\n<div>\n<p>El d\u00eda 24 de septiembre hubo 2 casos nuevos, manteni\u00e9ndose en 88 los positivos y 19 en estudio. Al mismo tiempo se recuperaron en total 492 pacientes (13 vecinos en este d\u00eda). Desde el municipio comunicaron que &#8220;dado los valores de contagios a nivel nacional, insistimos en la necesidad de mantener estrictas medidas preventivas individuales, lo que nos permitir\u00e1 sostener la estad\u00edstica local en los actuales \u00edndices&#8221;. Los recuperados es evidente, son una buena noticia para el sistema de Salud local y para nuestra comunidad. &#8220;Gracias a todos por seguir cuid\u00e1ndose&#8221;, sostuvieron desde el municipio.<\/p>\n<p>&nbsp;<\/p>\n<p>El d\u00eda 23 de septiembre marc\u00f3 que hubo dos casos m\u00e1s positivos, totalizando al momento 93 casos activos. Dentro del contexto de la pandemia, como complemento a la labor de Salud, inform\u00f3 el municipio que activ\u00f3 el \u201cOperativo Detectar\u201d, comenzando por el Barrio Mar\u00edn. El programa, junto a Provincia y Naci\u00f3n, en una clara se\u00f1al proactiva contra el Covid-19.<\/p>\n<p>Se trata de una b\u00fasqueda activa territorial de personas con s\u00edntomas, y el seguimiento y testeo a contactos estrechos de los casos positivos. De esa forma, detectando posibles casos en los barrios, se reduce la posibilidad de transmisi\u00f3n. De hecho, durante el Operativo Detectar, se aislaron 8 casos positivos.<\/p>\n<\/div>\n<div><\/div>\n<div><\/div>\n<div><\/div>\n<div>El d\u00eda 22 de septiembre, fueron actualizados resultados de muestras tomadas a personas, que se recibieron del laboratorio. En ese marco, los 29 casos positivos registrados, corresponden a hisopados que se aguardaban sus resultados, y estaban pendientes. Los casos correspondieron a \u201cpositivos por nexo\u201d, es decir, personas que no fueron hisopadas, pero que tuvieron contacto estrecho con pacientes confirmados con Covid-19 por laboratorio.<br \/>\nA la vez, en los datos arribados se debi\u00f3 destacar el n\u00famero de 12 vecinos recuperados, que superaron la enfermedad.<\/div>\n<div><\/div>\n<div><\/div>\n<div class=\"clearfix fbPhotoSnowliftAuthorInfo _xlu\">\n<div class=\"clearfix _8u _42ef\">\n<div class=\"_6a\">\n<div>\n<div class=\"clearfix fbPhotoSnowliftAuthorInfo _xlu\">\n<div class=\"clearfix _8u _42ef\">\n<div class=\"_6a\">\n<div class=\"_6a _6b\">\n<div class=\"fsm fwn fcg\">\n<div><span id=\"fbPhotoSnowliftCaption\" class=\"fbPhotosPhotoCaption\" tabindex=\"0\" aria-live=\"polite\" data-ft=\"{&quot;tn&quot;:&quot;K&quot;}\"><span class=\"hasCaption\">El d\u00eda 21 de septiembre, se vivi\u00f3 otra jornada dolorosa para los vecinos del distrito, al registrarse un fallecimiento debido al coronavirus. Se trat\u00f3 de una vecina de Los Cardales. <\/span><\/span>Mientras tanto, la informaci\u00f3n detall\u00f3 que hubo un caso positivo nuevo, manteni\u00e9ndose 83 activos y 48 en estudio, a la vez que totalizaban 459 pacientes recuperados.<\/div>\n<\/div>\n<div>Por otro lado, habida cuenta del D\u00eda de la Primavera, desde el municipio agradecieron &#8220;la responsabilidad de todos nuestros vecinos, que eligieron cuidarse este 21 de septiembre. Fue la mejor forma de agradecerle al personal de Salud, en su d\u00eda, y ratificar que el cuidado personal es la mejor herramienta de prevenci\u00f3n&#8221;.<\/div>\n<\/div>\n<div><\/div>\n<\/div>\n<\/div>\n<div class=\"clearfix _8u _42ef\">\n<div class=\"_6a\">\n<div class=\"_6a _6b\">\n<div class=\"fsm fwn fcg\">\n<div>\n<p>El d\u00eda 20 de septiembre desde el municipio remarcaron la gran importancia de mantener las medidas precautorias indicadas para evitar contagios por coronavirus. Solicitaron m\u00e1s que nunca, &#8220;evitar reuniones este 21 de septiembre. Este D\u00eda de la Primavera, dejalo pasar\u2026 festejemos virtualmente para que, en el reencuentro, la fiesta sea con todos&#8221;. Mientras tanto durante la jornada se registraron 2 casos positivos nuevos, totalizando 92 los activos y 45 los casos en estudio. La batalla contra el virus sigue, continuar con la guardia en alto es fundamental.<\/p>\n<div class=\"_xlr\">\n<div id=\"fbPhotoSnowliftProductMiniListHscroll\" class=\"fbCommerceProductMiniListHscroll\">El d\u00eda 18 de septiembre, consideraron desde el municipio en relaci\u00f3n al coronavirus que <em>&#8220;dado los valores diarios de casos positivos, reiteramos que se deben evitar las reuniones innecesarias. Adem\u00e1s, es de vital importancia continuar con las medidas sanitarias individuales, dado que impactan positivamente en lo colectivo&#8221;. <\/em>En tal sentido, teniendo en cuenta el D\u00eda de la Primavera, hicieron hincapi\u00e9: <em>&#8220;A pocos d\u00edas del 21 de septiembre, debemos evitar acciones que pudieran convertirse en focos de contagios. Ese d\u00eda sostengamos las reuniones virtuales como hasta ahora, porque es la mejor manera de cuidarse&#8221;.<\/em><\/div>\n<\/div>\n<\/div>\n<\/div>\n<\/div>\n<div>En cuanto a casos positivos nuevos, se produjeron 13, permanecieron 85 activos y 21 en estudio.<\/div>\n<div class=\"_6a _6b\">\n<div class=\"fsm fwn fcg\">\n<div><\/div>\n<div><\/div>\n<div><\/div>\n<div id=\"fbPhotoSnowliftOnProfile\" class=\"fbPhotosOnProfile\">El d\u00eda 17 de septiembre mostr\u00f3 que hubo de nuevo varios casos de Covid-19 de Exaltaci\u00f3n, fueron 14.\u00a0 &#8220;Si bien la cantidad de contagios es considerable, tambi\u00e9n es destacable la cantidad de vecinos recuperados. De hecho y en algunas placas anteriores, ambos valores estuvieron en equilibrio&#8221;, informaron desde el municipio e instaron a seguir &#8220;alentando el cuidado individual, como la mejor herramienta para la prevenci\u00f3n del Covid-19. Evite reuniones innecesarias. Respete las normas sanitarias vigentes&#8221;.<\/div>\n<\/div>\n<div class=\"_xlr\">\n<div id=\"fbPhotoSnowliftProductMiniListHscroll\" class=\"fbCommerceProductMiniListHscroll\">Totalizaron al momento, 76 casos activos y 32 en estudio; el dato alentador lo marc\u00f3 los 433 recuperados desde el comienzo de la pandemia.<\/div>\n<div id=\"fbPhotoSnowliftLegacyTagList\" class=\"pts fbPhotoLegacyTagList\">\n<div><\/div>\n<\/div>\n<\/div>\n<\/div>\n<\/div>\n<\/div>\n<\/div>\n<div class=\"_xlr\"><span id=\"fbPhotoSnowliftCaption\" class=\"fbPhotosPhotoCaption\" tabindex=\"0\" aria-live=\"polite\" data-ft=\"{&quot;tn&quot;:&quot;K&quot;}\"><span class=\"hasCaption\">El d\u00eda 16 de septiembre reflej\u00f3 otro ascenso en los casos detectados de coronavirus, luego de arribados los resultados de hisopados. Hubo 18 casos nuevos, permaneciendo 67 activos y totalizando 424 los recuperados. La informaci\u00f3n oficial consign\u00f3 que &#8220;luego de las \u00faltimas fechas, en que los casos positivos no se acumularon de manera considerable, el arribo de numerosos estudios de laboratorio arrojaron hoy la cifra de 18 confirmados, en distintos puntos del distrito. Insistieron desde la municipalidad, en reforzar los cuidados individuales y en cada hogar, como la mejor medida para prevenir el Covid-19<\/span><\/span><\/div>\n<\/div>\n<div><\/div>\n<div><span id=\"fbPhotoSnowliftCaption\" class=\"fbPhotosPhotoCaption\" tabindex=\"0\" aria-live=\"polite\" data-ft=\"{&quot;tn&quot;:&quot;K&quot;}\"><span class=\"hasCaption\">El d\u00eda 15 de septiembre, se registraron 2 casos nuevos, en tanto permanec\u00edan 75 activos. A su vez, el dato positivo estuvo\u00a0 dado por los 6 <\/span><\/span><span id=\"fbPhotoSnowliftCaption\" class=\"fbPhotosPhotoCaption\" tabindex=\"0\" aria-live=\"polite\" data-ft=\"{&quot;tn&quot;:&quot;K&quot;}\"><span class=\"hasCaption\">vecinos que fueron dados de alta, totalizando 414 los recuperados. Reiteraron desde el municipio, la necesidad de asumir el &#8220;compromiso individual, para que estos valores estad\u00edsticos contin\u00faen en un sentido positivo. El cuidado sanitario individual es la mejor herramienta de prevenci\u00f3n&#8221;.<\/span><\/span><\/div>\n<\/div>\n<div><\/div>\n<div class=\"_6a\">\n<div class=\"_6a _6b\"><span class=\"mrs fsm fwn fcg\"><span class=\"_3myd\" role=\"presentation\" aria-hidden=\"true\">El d\u00eda 14 de septiembre, d\u00eda de los festejos patronales de Exaltaci\u00f3n de la Cruz, que este a\u00f1o debido a la pandemia, tuvieron un car\u00e1cter muy especial, sin los eventos que\u00a0 convocan cada a\u00f1o a los vecinos, el coronavirus nos trajo a la realidad que tanto golpea, y al que se sigue enfrentando.<\/span><\/span><\/div>\n<div class=\"_6a _6b\"><span class=\"mrs fsm fwn fcg\"><span class=\"_3myd\" role=\"presentation\" aria-hidden=\"true\">Se produjeron 9 casos nuevos, y permanecieron 72 activos y 22 en estudio. La informaci\u00f3n oficial consigno que <em>&#8220;tal<\/em><\/span><\/span><em> como lo hizo el intendente Nanni durante el acto por el 285 aniversario del distrito, enviamos un c\u00e1lido abrazo a quienes transitan la enfermedad, a sus familiares, y acompa\u00f1amos el dolor de aquellos que perdieron un ser querido, sigamos cuid\u00e1ndonos y dando batalla todos juntos, como hasta ahora&#8221;.<\/em><\/div>\n<div><\/div>\n<div class=\"_6a _6b\">El d\u00eda 13 de septiembre se constataron 5 casos m\u00e1s de Covid-19 en Exaltaci\u00f3n de la Cruz, permaneciendo 76 activos y a punto de arribarse a los 400 pacientes recuperados, habi\u00e9ndose producido para gran dolor de la comunidad, al momento 10 fallecimientos.<\/div>\n<\/div>\n<\/div>\n<\/div>\n<div class=\"clearfix fbPhotoSnowliftAuthorInfo _xlu\">\n<div class=\"clearfix _8u _42ef\">\n<div class=\"_6a\">\n<div class=\"_6a _6b\">\n<div id=\"fbPhotoSnowliftAudienceSelector\">\n<div class=\"mbs fbPhotosAudienceContainerNotEditable\">\n<div class=\"_xlr\">Ante el 14 de Septiembre, d\u00eda de los tradicionales festejos patronales que este a\u00f1o, ten\u00edan un festejo in\u00e9dito, sin gente en las calles, sin actos ni atracciones, desde la comuna hicieron saber que acompa\u00f1an &#8220;<span id=\"fbPhotoSnowliftCaption\" class=\"fbPhotosPhotoCaption\" tabindex=\"0\" aria-live=\"polite\" data-ft=\"{&quot;tn&quot;:&quot;K&quot;}\"><span class=\"hasCaption\">a quienes se encuentran atravesando esta enfermedad, a sus familias, y sobretodo tambi\u00e9n a quienes sufrieron una p\u00e9rdida en estos \u00faltimos seis meses&#8221;.<br \/>\n&#8220;Hoy seamos m\u00e1s pueblo que nunca. Sigamos dando la batalla al virus todos juntos&#8221;, finaliz\u00f3 el mensaje con el que hab\u00eda que coincidir y continuar enfrentando al flagelo del virus con todas las precauciones posible, conscientizados y responsables.<\/span><\/span><\/div>\n<\/div>\n<\/div>\n<\/div>\n<\/div>\n<\/div>\n<\/div>\n<p>&nbsp;<\/p>\n<p>&nbsp;<\/p>\n<p>El d\u00eda 10 de septiembre se confirmaron 15 casos de coronavirus nuevos en el distrito. Permancieron activos 57 y 382 pacientes. en total desde el comienzo de la pandemia, se hab\u00edan recuperados. En tanto, eran 24 los casos que eran estudiados.<\/p>\n<p>El d\u00eda 9 de septiembre, la informaci\u00f3n oficial resalt\u00f3 que 39 vecinos exaltacruce\u00f1os, superaron la enfermedad originada por el coronavirus. &#8220;<em>Son 39 hogares en donde se ha ganado la batalla&#8221;,<\/em> fue mencionado para luego hacer saber que <em>&#8220;celebramos las cifras de hoy (9\/9), pero sin perder de vista a las familias que a\u00fan luchan, y a las que perdieron a sus seres queridos. A su vez,<\/em><br \/>\n<em>Reiteramos la necesidad del cuidado individual, porque cuidarse es ser socialmente responsable de la salud de todos&#8221;. <\/em>En cuanto a casos nuevos reportados, fueron 5; 60 permanecieron activos y 31 en estudio.<\/p>\n<p>&nbsp;<\/p>\n<p><span id=\"fbPhotoSnowliftCaption\" class=\"fbPhotosPhotoCaption\" tabindex=\"0\" aria-live=\"polite\" data-ft=\"{&quot;tn&quot;:&quot;K&quot;}\"><span class=\"hasCaption\">El d\u00eda 8 de septiembre registr\u00f3 5 nuevos casos, todos pobladores de Exaltaci\u00f3n de la Cruz. En tanto hab\u00eda 94 casos activos y 21 en estudio, a la vez que se han recuperado un total de 335 pacientes. El cr\u00edtico momento en el pa\u00eds, debe llevar a mantener todas las alertas encendidas. Es por eso que contin\u00faan las recomendaciones de cuidado individual. Evite reuniones y salidas innecesarias.<\/span><\/span><\/p>\n<p>El d\u00eda 7 de septiembre, fue otra jornada m\u00e1s dif\u00edcil y dolorosa, al registrarse el fallecimiento de una mujer residente en Exaltaci\u00f3n de la Cruz,totalizando 9 al momento. &#8220;Lamentamos profundamente el fallecimiento de una vecina del distrito, afectada por Covid-19. Enviamos un respetuoso abrazo a la familia y amigos, e instamos a la comunidad a continuar con los cuidados individuales, para evitar contagios por esta enfermedad&#8221;, consign\u00f3 la informaci\u00f3n oficial. Hubo 11 casos positivos nuevos y totalizaron 88 los activos mientras que 20 eran los que se encontraban en estudio.<\/p>\n<p>El d\u00eda 6 de septiembre, la informaci\u00f3n oficial relacionada con el coronavirus, fij\u00f3 que hubo 3 casos nuevos en tanto 94, acerc\u00e1ndose al centenar, permanec\u00edan activos. Por otro lado, 322 pacientes eran los recuperados en total, y 32 permanec\u00edan en estudio.<\/p>\n<p>El d\u00eda 4 de septiembre se detectaron 6 casos m\u00e1s de Covid-19, en tan los casos activos ya sumaban 90 y 28 estaban siendo estudiados. Los<span id=\"fbPhotoSnowliftCaption\" class=\"fbPhotosPhotoCaption\" tabindex=\"0\" aria-live=\"polite\" data-ft=\"{&quot;tn&quot;:&quot;K&quot;}\"><span class=\"hasCaption\"> casos positivos fueron de vecinos de diversos puntos del distrito. A su vez, remarc\u00f3 la informaci\u00f3n oficial, que el n\u00famero de personas recuperadas (311), segu\u00eda en ascenso, lo que representaba una buena noticia para el sistema de Salud.\u00a0 En <strong>esta etapa crucial<\/strong> de la pandemia en el pa\u00eds y en Exaltaci\u00f3n, reforzar el cuidado individual, y tomar las precauciones fijadas, <strong>requieren m\u00e1s importancia a\u00fan,<\/strong> y son la mejor medida preventiva.<\/span><\/span><\/p>\n<div class=\"clearfix fbPhotoSnowliftAuthorInfo _xlu\">\n<div class=\"clearfix _8u _42ef\">\n<div class=\"_6a\">\n<div class=\"_6a _6b\">El d\u00eda 3 de septiembre, result\u00f3 otro d\u00eda muy dif\u00edcil en la Argentina produci\u00e9ndose un nuevo r\u00e9cord de contagios de coronavirus, llegaron a las 12.026 personas. En Exaltaci\u00f3n de la Cruz, si bien los indicadores son positivos en comparaci\u00f3n con la regi\u00f3n, hubo 18 casos positivos, totalizando 78 los pacientes activos, 22 los casos en estudio y sumaban 8 los fallecidos. Los valores del d\u00eda ratificaron, seg\u00fan la informaci\u00f3n oficial difundida por el municipio, &#8220;ratifican que es necesario continuar con el cuidado sanitario individual. Es la mejor herramienta de prevenci\u00f3n&#8221;.<\/div>\n<div><\/div>\n<\/div>\n<\/div>\n<\/div>\n<div class=\"clearfix fbPhotoSnowliftAuthorInfo _xlu\">\n<div class=\"clearfix _8u _42ef\">\n<div class=\"_6a\">\n<div class=\"_6a _6b\">\n<div id=\"fbPhotoSnowliftAudienceSelector\">\n<div class=\"mbs fbPhotosAudienceContainerNotEditable\">\n<div class=\"_6a _29ee _3iio _43_1\" role=\"img\" data-hover=\"tooltip\" data-tooltip-content=\"Compartido con: P\u00fablico\" aria-label=\"Compartido con: P\u00fablico\">El d\u00eda 2 de septiembre depar\u00f3 una noticia que gener\u00f3 pesar, falleci\u00f3 una vecina contagiada con coronavirus; sumaban as\u00ed 8 los fallecidos en el distrito. La informaci\u00f3n oficial consign\u00f3:<em> &#8220;Lamentamos profundamente el fallecimiento de una vecina de nuestra comunidad, por Covid-19. Enviamos un respetuoso abrazo a la familia y afectos, y pedimos encarecidamente a toda la comunidad seguir reforzando las medidas individuales de cuidado sanitario&#8221;<\/em>.<\/div>\n<div role=\"img\" data-hover=\"tooltip\" data-tooltip-content=\"Compartido con: P\u00fablico\" aria-label=\"Compartido con: P\u00fablico\">En tanto, se registraron 5 casos nuevos positivos, totalizando 77 los casos activos y 43 en estudio y se han recuperado 301 pacientes.<\/div>\n<\/div>\n<\/div>\n<\/div>\n<\/div>\n<\/div>\n<\/div>\n<p>&nbsp;<\/p>\n<div class=\"_xlr\">\n<p><span class=\"fbPhotosPhotoCaption\" tabindex=\"0\" aria-live=\"polite\" data-ft=\"{&quot;tn&quot;:&quot;K&quot;}\"><span class=\"hasCaption\"><span id=\"fbPhotoSnowliftCaption\" class=\"fbPhotosPhotoCaption\" tabindex=\"0\" aria-live=\"polite\" data-ft=\"{&quot;tn&quot;:&quot;K&quot;}\">El d\u00eda 1 de septiembre, la informaci\u00f3n oficial difundida desde el municipio, indic\u00f3 <\/span><\/span><\/span><span class=\"fbPhotosPhotoCaption\" tabindex=\"0\" aria-live=\"polite\" data-ft=\"{&quot;tn&quot;:&quot;K&quot;}\"><span class=\"hasCaption\"><span id=\"fbPhotoSnowliftCaption\" class=\"fbPhotosPhotoCaption\" tabindex=\"0\" aria-live=\"polite\" data-ft=\"{&quot;tn&quot;:&quot;K&quot;}\">que la cantidad de pacientes recuperados de Covid-19, se encontraba por encima de la cantidad diaria de contagiados, lo que &#8220;para nuestro equipo de Salud esuna muy buena noticia&#8221;, fue dado a conocer a la vez que se agreg\u00f3, &#8220;una vez m\u00e1s, felicitaciones a nuestro sistema sanitario municipal, por la labor que desarrollan&#8221;.<\/span><\/span><\/span><\/p>\n<p><span id=\"fbPhotoSnowliftCaption\" class=\"fbPhotosPhotoCaption\" tabindex=\"0\" aria-live=\"polite\" data-ft=\"{&quot;tn&quot;:&quot;K&quot;}\"><span class=\"hasCaption\">El 31 de agosto, \u00faltimo d\u00eda de un mes sumamente dif\u00edcil y con crecimiento notable de casos en el\u00a0 pa\u00eds lo que ha planteado un escenario de suma complejidad 10 mil casos positivos diarios en la Argentina, en Exaltaci\u00f3n de la Cruz continuaron manteniendo valores razonablemente bajos en t\u00e9rminos comparativos.<\/span><\/span><\/p>\n<p>Si bien los 20 casos del d\u00eda, representaron un n\u00famero elevado para las cifras locales, debieron ser considerados como un llamado a reforzar las medidas sanitarias de cuidado individual.<\/p>\n<div id=\"fbPhotoSnowliftProductMiniListHscroll\" class=\"fbCommerceProductMiniListHscroll\">El d\u00eda 28 de agosto marc\u00f3 otro r\u00e9cord para la estad\u00edstica nacional, con m\u00e1s de 11 mil contagios. Exaltaci\u00f3n de la Cruz sigue manteniendo valores muy razonables de casos positivos, lo que representa un alivio para la comunidad y el sistema de Salud.<em> &#8220;Dado el anuncio presidencial de la continuidad de la cuarentena hasta el 20 de septiembre, pedimos que se respeten las medidas sanitarias vigentes&#8221;<\/em>, fue mencionado en la informaci\u00f3n oficial del municipio.<\/div>\n<\/div>\n<div role=\"img\" data-hover=\"tooltip\" data-tooltip-content=\"Compartido con: P\u00fablico\" aria-label=\"Compartido con: P\u00fablico\">\n<div>\n<p>Despu\u00e9s, desde la comuna se hizo saber que, <em>&#8220;la diferencia en la can<\/em><span class=\"text_exposed_show\"><em>tidad de casos obedece, entre otras cosas, a que un sector importante de Exaltaci\u00f3n de la Cruz entendi\u00f3 que el cuidado personal y el cumplimiento de la cuarentena es la herramienta m\u00e1s eficaz para evitar contagios&#8221;.<\/em><\/span><\/p>\n<p><em>&#8220;Sabemos del cansancio de muchos <\/em>-reconocieron desde la municipalidad-,<em> y las ganas de recuperar el ritmo de nuestras vidas, pero la estad\u00edstica local demuestra que el esfuerzo no ha sido en vano&#8221;.<\/em><\/p>\n<p>El d\u00eda 27 de agosto, en cuanto a la informaci\u00f3n oficial, indic\u00f3 que los casos registrados, varios fueron confirmados como \u201cpositivos por nexo\u201d. Se trata de personas CON S\u00cdNTOMAS COMPATIBLES AL COVID-19, que conviven con alguien que haya sido declarado como positivo despu\u00e9s de un estudio de laboratorio.<\/p>\n<p>Se considera como \u201cconviviente\u201d a toda persona que comparta habitaci\u00f3n, ba\u00f1o o cocina con un paciente confirmado como positivo por laboratorio.<\/p>\n<p>Para el caso de pe<span class=\"text_exposed_show\">rsonas de riesgo que convivan con caso positivo confirmado y que deban ser internadas, OBLIGATORIAMENTE se realiza una prueba de laboratorio para ratificar el diagn\u00f3stico.<\/span><\/p>\n<p>\u201cPositivos por nexo\u201d es una decisi\u00f3n de diagn\u00f3stico de las autoridades, que apunta a aislar r\u00e1pidamente a una persona contagiada, de tal forma de reducir la circulaci\u00f3n del virus. En torno a estudios pendientes, en Exaltaci\u00f3n de la Cruz ya se recibieron casi la totalidad de muestras enviadas, y por ello se registra una suba en la estad\u00edstica de caso.<\/p>\n<\/div>\n<div><span class=\"mrs fsm fwn fcg\"><span class=\"_3myd\" role=\"presentation\" aria-hidden=\"true\">El d\u00eda 26 de agosto, la informaci\u00f3n oficial consigno 13 nuevos casos de coronavirus nuevos. Los mismos se hizo saber, f<\/span><\/span>ueron detectados por el Sistema de Salud Municipal, y a\u00fan no hab\u00edan sido cargados a la estad\u00edstica del Sistema SISA. Si bien a\u00fan no se ven reflejados en la estad\u00edstica provincial, igualmente se decidi\u00f3 incorporarlos, dado que ya fueron confirmados como positivos.<\/div>\n<div class=\"_xlr\">\n<p>&nbsp;<\/p>\n<p><span id=\"fbPhotoSnowliftCaption\" class=\"fbPhotosPhotoCaption\" tabindex=\"0\" aria-live=\"polite\" data-ft=\"{&quot;tn&quot;:&quot;K&quot;}\"><span class=\"hasCaption\">El d\u00eda 25 de agosto, hubo 14 casos nuevos de coronavirus en Exaltaci\u00f3n de la Cruz; pertenecen a diversos puntos del distrito. De ese total, 5 de ellos fueron diagnosticados como \u201cpositivos por nexo\u201d, tal como lo indica el protocolo vigente. Se trat\u00f3 de vecinos que mantuvieron contacto estrecho con personas contagiadas, y que presentaron s\u00edntomas compatibles con Covid-19.<\/span><\/span><\/p>\n<div id=\"fbPhotoSnowliftComputerVisionAnnotation\" class=\"fbPhotosPhotoCVAnnotation\">El d\u00eda 24 de agosto, hubo un registro de 6 casos positivos nuevos, totalizando 50 los activos. En tanto 30 permanec\u00edan en estudio. Los 6 casos son vecinos residentes en distintos puntos del distrito. Como novedad, algunos de estos casos fueron incorporados como \u201cpositivos\u201d sin haber sido hisopados, dado que presentaron s\u00edntomas compatibles con Covid-19, por ser convivientes de personas confirmadas. Dicha incorporaci\u00f3n obedece a lo que indica el protocolo de Salud para este tipo de pacientes.<\/div>\n<\/div>\n<div id=\"js_u\" class=\"_5pbx userContent _3576\" data-testid=\"post_message\" data-ft=\"{&quot;tn&quot;:&quot;K&quot;}\">\n<p>Se destacaron 11 casos recuperados, para totalizar 229 desde el inicio de la pandemia. El cuidado individual, es la mejor herramienta de prevenci\u00f3n.<\/p>\n<p>&nbsp;<\/p>\n<p>El d\u00eda 23 de agosto, transcurri\u00f3 sin la aparici\u00f3n de casos nuevos de Covid-19 en el distrito. En tanto, eran 61 casos los activos y 29 en estudio. A su vez, en total hab\u00edan sumado 218 los pacientes recuperados.<\/p>\n<p>Teniendo en cuenta que desde el lunes 24, como informara EPOCA, se efectuada la reapertura, el reinicio de actividades en distintos rubros, as\u00ed como la actividad f\u00edsica y recreaci\u00f3n que tambi\u00e9n las mejoras en el clima, que a su vez favorece y promueve las salidas al aire libre, se hace m\u00e1s necesario a\u00fan, que sean extremados los cuidados personales.\u00a0En tal sentido, desde el municipio han insistido con que no se debe salir sin tapabocas, hay que respetar la distancia social, cuidar la higiene de las manos, evitar reuniones y desde ya, adoptar todos los recaudos sanitarios disponibles<\/p>\n<p>&nbsp;<\/p>\n<p>El d\u00eda 22 de agostos, fueron confirmados 12 contagios nuevos, vecinos del partido, sin especificar la informaci\u00f3n oficial, las localidades donde residen, entendi\u00e9ndose que cuanto m\u00e1s amplia y detallada sean los informes, m\u00e1s claridad y concientizaci\u00f3n deparara en los pobladores exaltacruce\u00f1os.<\/p>\n<p>Por otro lado, hay que insistir con continuar tomando muy en cuenta, y sin descuidarse, las medidas de cuidado individual, como principal herramienta para de prevenci\u00f3n. A su vez, la informaci\u00f3n difundida por la comuna, indic\u00f3 que se registraron 5 enfermos recuperados que se sumaron a los anteriormente informados.<\/p>\n<p>El d\u00eda 21 de agosto, quedaron confirmados 12 nuevos casos, todos vecinos del distrito. Una vez m\u00e1s desde el municipio, se recomend\u00f3 continuar con las medidas sanitarias individuales, y respetar los protocolos para cada actividad.<\/p>\n<p>En torno a los recuperados, 48 personas fueron dadas de alta en los \u00faltimos siete d\u00edas. Result\u00f3 &#8220;una buena noticia para nuestra comunidad, y pone en valor el trabajo hecho por el equipo de Salud de Exaltaci\u00f3n de la Cruz&#8221;, hicieron saber desde la comuna.<\/p>\n<p>El d\u00eda 20 de agosto, quedaron confirmados 11 nuevos casos de Covid-19, lo que reitera el momento \u00e1lgido por el que se atraviesa, si bien y vale resaltarlo, en cantidad de casos, el distrito con menor n\u00famero de la regi\u00f3n. Los casos registrados se vincularon a vecinos residentes en distintos puntos del distrito. Del mismo modo, igual cantidad fue dada de alta, y han superado la enfermedad.<\/p>\n<p>En un escenario nacional complejo como resulta evidente sobretodo en las \u00faltimas semanas, en el que en este d\u00eda se produjo un nuevo r\u00e9cord con 8225 casos nuevos, es necesario continuar extremando las medidas sanitarias individuales.<\/p>\n<p>El d\u00eda 19 de junio, indic\u00f3 que hubo 2 casos positivos m\u00e1s, uno es un vecino de Cardales y el restante, una persona que no reside en nuestro distrito. A su vez, permanecieron 43 casos activos, se registraba un total de 198 recuperados.<\/p>\n<p>El d\u00eda 18 de agosto, lamentablemente, qued\u00f3 confirmado el s\u00e9ptimo fallecimiento, se trat\u00f3 de un conocido vecino de Los Cardales. <span id=\"fbPhotoSnowliftCaption\" class=\"fbPhotosPhotoCaption\" tabindex=\"0\" aria-live=\"polite\" data-ft=\"{&quot;tn&quot;:&quot;K&quot;}\"><span class=\"hasCaption\">A su vez volvi\u00f3 a incrementarse la cantidad de contagiados por Covid-19 (17), manteni\u00e9ndose<\/span><\/span>\u00a0 23 casos en estudio y 29 activos. M\u00e1s que nunca, hay que apelar a la responsabilidad de cada uno y a tomas las medidas preventivas recomendadas.<\/p>\n<\/div>\n<p>El d\u00eda 17 de agosto, indic\u00f3 la presencia de 3 casos positivos y han sido vecinos de Exaltaci\u00f3n de la Cruz. Los familiares y contactos directos quedaron bajo el protocolo sanitario.<\/p>\n<div id=\"js_u\" class=\"_5pbx userContent _3576\" data-testid=\"post_message\" data-ft=\"{&quot;tn&quot;:&quot;K&quot;}\">\n<p>El d\u00eda 16 de agosto. Los casos de Covid-19 registrados en Exaltaci\u00f3n de la Cruz fueron 5. Son personas de Los Cardales, Capilla del Se\u00f1or y uno del Barrio El Remanso. Este \u00faltimo fue atendido en una cl\u00ednica privada de la zona. En cuanto a familiares y contactos directos como est\u00e1 estipulado, se encuentran bajo protocolo sanitario.<\/p>\n<p>El d\u00eda 15 de agosto, marc\u00f3 la presencia de 4 nuevos casos de coronavirus, que corresponden a vecinos de Los Cardales. A la vez, la informaci\u00f3n oficial, destac\u00f3 que hubo una notable reducci\u00f3n de casos activos que suman 22. Por otro lado, exist\u00edan 45 casos en estudio.<\/p>\n<p>El d\u00eda 13 de agosto no se produjeron casos nuevos, manteni\u00e9ndose 49 activos y 40 en estudio. La buena fue que se sumaron 5 casos recuperando,totalizando 160.<\/p>\n<\/div>\n<\/div>\n<div role=\"img\" data-hover=\"tooltip\" data-tooltip-content=\"Compartido con: P\u00fablico\" aria-label=\"Compartido con: P\u00fablico\">El d\u00eda12 de agosto, surgieron 4 nuevos casos, totalizando al momento 50 casos activos. Las personas con coronavirus son vecinos de Capilla del Se\u00f1or, Los Cardales y Parada Robles. Se destac\u00f3 -se mencion\u00f3 en la informaci\u00f3n oficial- como positivo la reducci\u00f3n de tiempos, por parte del laboratorio del Instituto Malbr\u00e1n, en la entrega de resultados de los hisopados locales. Esto permite que la estad\u00edstica se ajuste con mayor precisi\u00f3n a nuestra realidad sanitaria.<\/div>\n<div role=\"img\" data-hover=\"tooltip\" data-tooltip-content=\"Compartido con: P\u00fablico\" aria-label=\"Compartido con: P\u00fablico\"><\/div>\n<div role=\"img\" data-hover=\"tooltip\" data-tooltip-content=\"Compartido con: P\u00fablico\" aria-label=\"Compartido con: P\u00fablico\">El d\u00eda 11 de agosto se registaron en Exaltaci\u00f3n de la Cruz, 5 nuevos casos de coronavirus. Los vecinos que contagiaron corresponden a 3<span id=\"fbPhotoSnowliftCaption\" class=\"fbPhotosPhotoCaption\" tabindex=\"0\" aria-live=\"polite\" data-ft=\"{&quot;tn&quot;:&quot;K&quot;}\"><span class=\"hasCaption\"> vecinos de Los Cardales y los 2 restantes a Capilla del Se\u00f1or. En todos los casos se activ\u00f3 el protocolo vigente para los contactos estrechos.<\/span><\/span><\/div>\n<div role=\"img\" data-hover=\"tooltip\" data-tooltip-content=\"Compartido con: P\u00fablico\" aria-label=\"Compartido con: P\u00fablico\"><span id=\"fbPhotoSnowliftCaption\" class=\"fbPhotosPhotoCaption\" tabindex=\"0\" aria-live=\"polite\" data-ft=\"{&quot;tn&quot;:&quot;K&quot;}\"><span class=\"hasCaption\">Se han reiterado las recomendaciones sanitarias tan importantes, como resultan el uso de tapabocas, respetar distancias m\u00ednimas y no participar de reuniones grupales, adem\u00e1s de lavarse las manos con continuidad y utilizar alcohol en gel.<\/span><\/span><\/div>\n<div role=\"img\" data-hover=\"tooltip\" data-tooltip-content=\"Compartido con: P\u00fablico\" aria-label=\"Compartido con: P\u00fablico\"><\/div>\n<div role=\"img\" data-hover=\"tooltip\" data-tooltip-content=\"Compartido con: P\u00fablico\" aria-label=\"Compartido con: P\u00fablico\"><\/div>\n<div role=\"img\" data-hover=\"tooltip\" data-tooltip-content=\"Compartido con: P\u00fablico\" aria-label=\"Compartido con: P\u00fablico\">\n<p>El d\u00eda 10 de agosto fueron recibidos casi la totalidad de los an\u00e1lisis y muestras que aguardaban la confirmaci\u00f3n de los resultados, aunque la gran mayor\u00eda de estos pacientes ya hab\u00edan sido tratados por el sistema de Salud de Exaltaci\u00f3n de la Cruz, a partir de un resultado preliminar. As\u00ed, indic\u00f3 la informaci\u00f3n oficial que se pas\u00f3 de 72 casos en estudio a s\u00f3lo 16 en la jornada.<\/p>\n<p>Con el arribo de estos datos se han actualizado todos los resultados adeudados, incluso entre ellos los de pacientes que est\u00e1n prontos a recibir el alta m\u00e9dica. De hecho, en la jornada se registraron 11 nuevos casos recuperados. La noticia ha sido alentadora, no s\u00f3lo para quienes vuelven a su hogar, sino para todo el equipo sanitario de Exaltaci\u00f3n de la Cruz.<\/p>\n<\/div>\n<div role=\"img\" data-hover=\"tooltip\" data-tooltip-content=\"Compartido con: P\u00fablico\" aria-label=\"Compartido con: P\u00fablico\"><\/div>\n<div role=\"img\" data-hover=\"tooltip\" data-tooltip-content=\"Compartido con: P\u00fablico\" aria-label=\"Compartido con: P\u00fablico\"><\/div>\n<div role=\"img\" data-hover=\"tooltip\" data-tooltip-content=\"Compartido con: P\u00fablico\" aria-label=\"Compartido con: P\u00fablico\">El d\u00eda 9 de agosto, no se produjeron casos nuevos de Covid-19, en tanto permanec\u00edan 45 casos activos, 72 en estudio y 132 recuperados. A no olvidar que el lunes 10, Exaltaci\u00f3n de la Cruz ingresaba en Fase 4. De ah\u00ed que, se produc\u00edan reaperturas de actividades.<\/div>\n<div role=\"img\" data-hover=\"tooltip\" data-tooltip-content=\"Compartido con: P\u00fablico\" aria-label=\"Compartido con: P\u00fablico\"><\/div>\n<div role=\"img\" data-hover=\"tooltip\" data-tooltip-content=\"Compartido con: P\u00fablico\" aria-label=\"Compartido con: P\u00fablico\">El d\u00eda 8 de agosto, la informaci\u00f3n oficial brindada estableci\u00f3 que surgieron 5 nuevos casos positivos.<span id=\"fbPhotoSnowliftCaption\" class=\"fbPhotosPhotoCaption\" tabindex=\"0\" aria-live=\"polite\" data-ft=\"{&quot;tn&quot;:&quot;K&quot;}\"><span class=\"hasCaption\">Los mismos corresponden a vecinos de las tres principales localidades de Exaltaci\u00f3n de la Cruz: Capilla del Se\u00f1or, Los Cardales y Robles. A su vez, fue resaltado que se registraron 4 nuevas altas m\u00e9dicas, elevando el n\u00famero de la semana que culmina a 49 recuperados.<\/span><\/span><\/div>\n<div role=\"img\" data-hover=\"tooltip\" data-tooltip-content=\"Compartido con: P\u00fablico\" aria-label=\"Compartido con: P\u00fablico\"><\/div>\n<div role=\"img\" data-hover=\"tooltip\" data-tooltip-content=\"Compartido con: P\u00fablico\" aria-label=\"Compartido con: P\u00fablico\"><\/div>\n<div role=\"img\" data-hover=\"tooltip\" data-tooltip-content=\"Compartido con: P\u00fablico\" aria-label=\"Compartido con: P\u00fablico\">\n<p>El d\u00eda 6 de agosto indic\u00f3 el informe del municipio que, si bien el informe reflej\u00f3 un caso positivo, el dato altamente positivo fue n\u00famero de 38 personas recuperadas desde el inicio de la semana en curso. Cabe aclarar que en la sala de situaci\u00f3n de la Provincia, figuran dos casos asignados err\u00f3neamente a Exaltaci\u00f3n de la Cruz, los que corresponden a la localidad de Campana, por lo que se iba a corregir.<\/p>\n<p>El dato de 38 vecinos dados de alta es la consecuencia del trabajo del equipo m\u00e9dico de Salud, de la tecnolog\u00eda de nuestro Hospital para el caso de los que estuvieron internados, pero, sobre todo, el esfuerzo de quienes pudieron recuperarse. A todos, \u00a1gracias!<\/p>\n<\/div>\n<div role=\"img\" data-hover=\"tooltip\" data-tooltip-content=\"Compartido con: P\u00fablico\" aria-label=\"Compartido con: P\u00fablico\"><\/div>\n<div role=\"img\" data-hover=\"tooltip\" data-tooltip-content=\"Compartido con: P\u00fablico\" aria-label=\"Compartido con: P\u00fablico\">El d\u00eda 5 de agosto, dio un respiro ya que no se produjeron casos positivos nuevos, manteni\u00e9ndose 47 casos activos y aument\u00f3 a 110 los recuperados mientras que hab\u00eda 58 en estudio.<\/div>\n<div role=\"img\" data-hover=\"tooltip\" data-tooltip-content=\"Compartido con: P\u00fablico\" aria-label=\"Compartido con: P\u00fablico\"><\/div>\n<div role=\"img\" data-hover=\"tooltip\" data-tooltip-content=\"Compartido con: P\u00fablico\" aria-label=\"Compartido con: P\u00fablico\">\n<p>El d\u00eda 4 de agosto reiter\u00f3 el dif\u00edcil momento que se atraviesa por la pandemia en el distrito. Se confirmaron 12 nuevos casos positivos correspondientes a vecinos de distintos puntos, incluyendo Los Cardales, Capilla del Se\u00f1or y Parada Robles. Mencionaron desde el municipio ante este hecho, la relevancia que adquiere la necesidad de extremar los cuidados sanitarios.<\/p>\n<p>Los n\u00fameros del d\u00eda, tambi\u00e9n arrojaron datos pod\u00edan ser alentadores, en primer lugar, hubo una reducci\u00f3n de 7 casos activos en 24 horas. A eso se le sum\u00f3 una ca\u00edda en los casos sospechosos de 87 a 65, tambi\u00e9n en las \u00faltima 24 horas.<\/p>\n<p>A su vez, hubo 24 nuevos recuperados, elevando el total a 104 desde el inicio de la pandemia. Entre ellos, se destacan los adultos mayores que residen en el Geri\u00e1trico Municipal que volvieron al lugar, si bien no est\u00e1n permitidas las visitas, y se estima que en los pr\u00f3ximos d\u00edas pod\u00edan ser trasladados a un albergue ubicado en Capilla del Se\u00f1or, hasta que la situaci\u00f3n general se note atenuada.<\/p>\n<\/div>\n<div role=\"img\" data-hover=\"tooltip\" data-tooltip-content=\"Compartido con: P\u00fablico\" aria-label=\"Compartido con: P\u00fablico\"><\/div>\n<div role=\"img\" data-hover=\"tooltip\" data-tooltip-content=\"Compartido con: P\u00fablico\" aria-label=\"Compartido con: P\u00fablico\">El d\u00eda 3 de agosto result\u00f3 otro d\u00eda complejo, duro, doloroso, en la batalla que se libra contra el coronavirus en el distrito. Se produjo el sexto fallecimiento, un vecino residente en Parada Robles quien se encontraba en estado muy delicado, internado en el Hospital San Jos\u00e9.<\/div>\n<div role=\"img\" data-hover=\"tooltip\" data-tooltip-content=\"Compartido con: P\u00fablico\" aria-label=\"Compartido con: P\u00fablico\">\n<div class=\"_xlr\"><span id=\"fbPhotoSnowliftCaption\" class=\"fbPhotosPhotoCaption\" tabindex=\"0\" aria-live=\"polite\" data-ft=\"{&quot;tn&quot;:&quot;K&quot;}\"><span class=\"hasCaption\">En tanto, se registr\u00f3 un nuevo r\u00e9cord de contagios, vi\u00e9ndose afectados 17 vecinos. Seis de Capilla del Se\u00f1or y seis de Los Cardales. Los restantes, uno del Barrio San Jos\u00e9, uno de Pav\u00f3n, uno del Barrio Sakura, y dos de Parada Robles. Como se sigue reiterando en la actual etapa de la pandemia que muestra un incremento en los casos, resulta fundamental, esencial, adoptar todos los cuidados necesario para prevenir contagios. Por eso tomar consciencia del duro momento que se atraviesa, adquiere a\u00fan m\u00e1s importancia.<\/span><\/span><\/div>\n<\/div>\n<div><\/div>\n<div role=\"img\" data-hover=\"tooltip\" data-tooltip-content=\"Compartido con: P\u00fablico\" aria-label=\"Compartido con: P\u00fablico\">\n<div id=\"fbPhotoSnowliftViews\" class=\"_4p3v\"><\/div>\n<\/div>\n<div role=\"img\" data-hover=\"tooltip\" data-tooltip-content=\"Compartido con: P\u00fablico\" aria-label=\"Compartido con: P\u00fablico\">El d\u00eda 2 de agosto quedaron confimados 11 nuevos casos de coronavirus, lo que indica como en las \u00faltimas semana, el momento crucial que se vive en Exaltaci\u00f3n de la Cruz, as\u00ed como puede observarse en forma mucho m\u00e1s agudizada en Capital Federal y el Gran Buenos Aires. Las personas contagiadas con coronavirus, son vecinos de Los Cardales, Capilla del Se\u00f1or y Parque Sakura. Como en anteriores ocasiones y de acuerdo a las normativas actuales, el sistema de Salud local activ\u00f3 el protocolo sanitario correspondiente para todos los contactos cercanos.<\/div>\n<div role=\"img\" data-hover=\"tooltip\" data-tooltip-content=\"Compartido con: P\u00fablico\" aria-label=\"Compartido con: P\u00fablico\"><\/div>\n<div role=\"img\" data-hover=\"tooltip\" data-tooltip-content=\"Compartido con: P\u00fablico\" aria-label=\"Compartido con: P\u00fablico\">\n<div class=\"clearfix fbPhotoSnowliftAuthorInfo _xlu\">\n<div class=\"clearfix _8u _42ef\">\n<div class=\"_6a _29ee _3iio _43_1\" role=\"img\" data-hover=\"tooltip\" data-tooltip-content=\"Compartido con: P\u00fablico\" aria-label=\"Compartido con: P\u00fablico\">El d\u00eda 31 de julio se confirmaron ocho casos positivos, corresponden tres a Capilla del Se\u00f1or, cuatro a Los Cardales, y el restante a Parada Robles. Por otro lado, se destac\u00f3 el dato de cinco recuperados en el d\u00eda, lo que elev\u00f3 el total de altas a 68 personas.<\/div>\n<\/div>\n<\/div>\n<div class=\"_xlr\"><span id=\"fbPhotoSnowliftCaption\" class=\"fbPhotosPhotoCaption\" tabindex=\"0\" aria-live=\"polite\" data-ft=\"{&quot;tn&quot;:&quot;K&quot;}\"><span class=\"hasCaption\"><br \/>\nSe sabe que se est\u00e1 dando la notable demora en la recepci\u00f3n de los resultados por hisopados por parte de los laboratorios autorizados, entre los que se encuentra el Instituto Malbr\u00e7an. Desde el municipio, fue informado que efectuaron el pertinente, al tiempo que eran analizas alternativas, dada la saturaci\u00f3n de los centros de diagn\u00f3stico. En este sentido ver nota aparte el angustioso pedido de la hija de un matrimonio en aislamiento.<\/span><\/span><\/div>\n<\/div>\n<div role=\"img\" data-hover=\"tooltip\" data-tooltip-content=\"Compartido con: P\u00fablico\" aria-label=\"Compartido con: P\u00fablico\"><\/div>\n<div role=\"img\" data-hover=\"tooltip\" data-tooltip-content=\"Compartido con: P\u00fablico\" aria-label=\"Compartido con: P\u00fablico\"><\/div>\n<div role=\"img\" data-hover=\"tooltip\" data-tooltip-content=\"Compartido con: P\u00fablico\" aria-label=\"Compartido con: P\u00fablico\">El d\u00eda 30 de julio hubo dos casos positivos m\u00e1s, mostrando como sucede en otras ciudades, que se atraviesan momentos altamente sensibles en relaci\u00f3n al n\u00famero de contagiados. Las personas cuyos hisopados indicaron positivo de coronavirus, residen en Los Cardales. Como ha venido sucediendo por parte del \u00e1rea de Salud de la comuna, todos los contactos directos fueron abordados tal como lo indica el protocolo sanitario.<\/div>\n<div role=\"img\" data-hover=\"tooltip\" data-tooltip-content=\"Compartido con: P\u00fablico\" aria-label=\"Compartido con: P\u00fablico\"><\/div>\n<div>\n<div role=\"img\" data-hover=\"tooltip\" data-tooltip-content=\"Compartido con: P\u00fablico\" aria-label=\"Compartido con: P\u00fablico\">El d\u00eda 29 de julio no hubo nuevos casos positivos, permaneciendo bajo atenci\u00f3n o seguimiento, 42 casos activos mientras hab\u00eda 60 en estudio. Cifras las m\u00e1s recientes, que fueron creciendo y que si bien distan de las observadas en otros distritos o ciudades, han marcado como la pandemia se ha agudizado.<\/div>\n<div role=\"img\" data-hover=\"tooltip\" data-tooltip-content=\"Compartido con: P\u00fablico\" aria-label=\"Compartido con: P\u00fablico\"><\/div>\n<div class=\"_6a _29ee _3iio _43_1\" role=\"img\" data-hover=\"tooltip\" data-tooltip-content=\"Compartido con: P\u00fablico\" aria-label=\"Compartido con: P\u00fablico\">El d\u00eda 28 de julio se produjo el r\u00e9cord de personas contagiadas de coronavirus en el distrito, 15. Correspondieron\u00a0 a un vecino de Arroyo de la Cruz, y el resto se dividi\u00f3 entre Capilla del Se\u00f1or y Los Cardales. Como qued\u00f3 dicho, se trat\u00f3 del d\u00eda con mayor cantidad de contagios desde el comienzo de la irrupci\u00f3n del Covid-19. Ante lo sucedido, desde el \u00e1rea de Salud del municipio, insistieron con la imprescindible necesidad del cumplimiento de las medidas de prevenci\u00f3n, como as\u00ed tambi\u00e9n evitar cualquier tipo de reuniones, utilizar el tapabocas y preservar la higiene permanente de las manos.<\/div>\n<\/div>\n<div role=\"img\" data-hover=\"tooltip\" data-tooltip-content=\"Compartido con: P\u00fablico\" aria-label=\"Compartido con: P\u00fablico\"><\/div>\n<div>\n<div class=\"clearfix fbPhotoSnowliftAuthorInfo _xlu\">\n<div class=\"clearfix _8u _42ef\">\n<div class=\"_6a\">\n<div class=\"_6a _6b\">\n<div class=\"fsm fwn fcg\">\n<div id=\"fbPhotoSnowliftOnProfile\" class=\"fbPhotosOnProfile\">El d\u00eda 27 de julio registr\u00f3 4 casos casos positivos. Correspondieron a vecinos de Los Cardales, Gobernador Andonaegui y Parada Robles. Cabe destacar que hubo 5 casos recuperados, de esa forma se elev\u00f3 a 52 personas el n\u00famero total, los que han sido dados de alta.<\/div>\n<div><\/div>\n<\/div>\n<p>El d\u00eda 26 de julio, quedaron confirmados cuatro nuevos casos de coronavirus. Corresponden a dos vecinos de nuestro distrito, una persona con domicilio en Exaltaci\u00f3n de la Cruz quien se encontrabca internada en una cl\u00ednica de Pilar, y el restante internado en la ciudad de Buenos Aires.<\/p>\n<\/div>\n<\/div>\n<\/div>\n<\/div>\n<div class=\"_xlr\">\n<div id=\"fbPhotoSnowliftProductMiniListHscroll\" class=\"fbCommerceProductMiniListHscroll\"><span class=\"_3myd\" role=\"presentation\" aria-hidden=\"true\">El d\u00eda 25 de julio, c<\/span>omo consecuencia de los contagios producidos en el Geri\u00e1trico Municipal, se aisl\u00f3 y fueron sometidos al protocolo a varios trabajadores y personal del Hospital, entre ellos, los que figuraron en la placa de informaci\u00f3n diaria.<\/div>\n<\/div>\n<div class=\"rhc photoUfiContainer\" aria-busy=\"false\">\n<div id=\"fbPhotoSnowliftDetails\" class=\"_3t09 _6iil\">\n<p>Muchos de ellos son personas que llevan 140 d\u00edas al frente de la l\u00ednea de fuego de esta lucha frente al coronavirus, poniendo por encima la salud de nuestros vecinos y relegando incluso a sus propias familias, dedicando <span class=\"text_exposed_show\">horas al funcionamiento del sistema de Salud exaltacruce\u00f1o.<\/span><\/p>\n<div class=\"_xlr\">\n<div id=\"id_5f1cca2b0e3ad7269752810\" class=\"text_exposed_root text_exposed\"><span class=\"text_exposed_show\"><em>&#8220;Desde el Municipio haremos todo el esfuerzo para cubrirlos, y desde nuestro lugar los estaremos acompa\u00f1ando. Queremos que el reencuentro con sus seres queridos, y con sus compa\u00f1eros de trabajo sea lo antes posible. Gracias por lo hecho hasta ahora, y los estaremos esperando&#8221;,<\/em> hicieron saber desde la comuna.<\/span><\/div>\n<\/div>\n<p>&nbsp;<\/p>\n<p>El d\u00eda 24 de julio se produjo el fallecimiento del quinto paciente contagiado con Covid-19. Desde el municipio lo informaron, se trat\u00f3 de uno de los pacientes internadas en el Hospital San Jos\u00e9. Al ampliar la informaci\u00f3n brindada, se hizo saber que el paciente presentaba un cuadro de enfermedades preexistentes, que agravaron su situaci\u00f3n. &#8220;A su familia y allegados, un fuerte abrazo en estos momentos, y lamentamos profundamente esta p\u00e9rdida&#8221;, comunicaron desde la municipalidad.<\/p>\n<p>En torno a los cinco casos positivos que se sumaron, correspondieron a vecinos residentes en Los Cardales, Barrio Sakura y Pav\u00f3n. Por otro lado, se detall\u00f3 que al momento, el total de casos ascendi\u00f3 a 75.<\/p>\n<div class=\"clearfix fbPhotoSnowliftAuthorInfo _xlu\">\n<div class=\"clearfix _8u _42ef\">\n<div class=\"_6a\">\n<div class=\"_6a _6b\">\n<div id=\"fbPhotoSnowliftAudienceSelector\">\n<div class=\"mbs fbPhotosAudienceContainerNotEditable\">\n<div class=\"_6a _29ee _3iio _43_1\" role=\"img\" data-hover=\"tooltip\" data-tooltip-content=\"Compartido con: P\u00fablico\" aria-label=\"Compartido con: P\u00fablico\">El d\u00eda 23 de julio. Los seis casos casos positivos correspondieron a vecinos de Los Cardales, debido a contagios estrechos. El caso restante, es un vecino de Pav\u00f3n. En todos, intervino el \u00e1rea de Salud de la municipalidad y puso en marcha el protocolo correspondiente.<\/div>\n<div role=\"img\" data-hover=\"tooltip\" data-tooltip-content=\"Compartido con: P\u00fablico\" aria-label=\"Compartido con: P\u00fablico\"><\/div>\n<\/div>\n<\/div>\n<\/div>\n<\/div>\n<\/div>\n<\/div>\n<p>El d\u00eda 22 de julio, de acuerdo a lo informado por el municipio, no se produjeron nuevos casos positivos de Covid-19, permaneciendo 54 en estudio y habi\u00e9ndose recuperado 38.<\/p>\n<p>El d\u00eda 21 de julio, marc\u00f3 la aparici\u00f3n de una persona m\u00e1s contagiada, relacionada con los casos surgidos en el Geri\u00e1trico Municipal. La persona fallecida el d\u00eda 20, fue una se\u00f1ora adulta mayor quien estaba alojada en el mismo geri\u00e1trico. Su fallecimiento fue cuantificado por el sistema SISA en el d\u00eda de la fecha. Desde el municipio y el sistema de Salud, hicieron saber en torno al fallecimiento: &#8220;acompa\u00f1amos a la familia en este momento de dolor&#8221;.<\/p>\n<div>\n<p>El d\u00eda 20 de julio se registraron cuatro casos positivos; corresponden a adultos mayores internados en el Geri\u00e1trico Municipal. Se inform\u00f3 que fue luego que se hiciera hisopado a todas las personas alojadas en el geri\u00e1trico. Del total de doce, ocho arrojaron resultado positivo. En cuanto a los cuatro vecinos restantes que se contagiaron, residen en Los Cardales. En todas las situaciones, el \u00e1rea de Salud del municipio, activ\u00f3 el protocolo correspondiente.<\/p>\n<div class=\"_xlr\">\n<div id=\"fbPhotoSnowliftComputerVisionAnnotation\" class=\"fbPhotosPhotoCVAnnotation\">El d\u00eda 19 de julio reflej\u00f3 que el coronavirus no da tregua, por lo que vale reiterar acerca de la prudencia y los cuidados preventivos recomendados que se deben adoptar. Quedaron confirmados los dos casos que se hab\u00edan registrado el d\u00eda anterior, trat\u00e1ndose de vecinos del Barrio Sakura. Pero adem\u00e1s, se agregaron cuatro casos m\u00e1s positivos. Luego de los hisopados realizados y recibidos los resultados, se han tratado de cuatro adultos mayores alojados en el Geri\u00e1trico Municipal (en el mismo predio del Hospital), quienes se mostraban asintom\u00e1ticos.<\/div>\n<\/div>\n<\/div>\n<\/div>\n<\/div>\n<\/div>\n<div>Respecto lo \u00faltimo mencionado, desde el municipio fue informado que <em>&#8220;como parte de una decisi\u00f3n de pol\u00edtica sanitaria, se pretend\u00eda iniciar el traslado de los adultos mayores del Geri\u00e1trico Municipal, al Hospedaje Don Mateo<\/em> (ubicado en Capilla del Se\u00f1or).<em> En ese proceso, y como consecuencia del protocolo que impone Salud, se inici\u00f3 el hisopado de TODAS las personas alojadas all\u00ed, detectando CUATRO CASOS ASINTOM\u00c1TICOS<\/em>.<\/div>\n<div>\n<p><em>Los cuatro casos positivos de Covid-19 se encuentran en perfecto estado de salud. No obstante, se los intern\u00f3 en el \u00e1rea destinada a ese fin, y todos los contactos cercanos ya fueron abordados&#8221;<\/em>.<br \/>\nDado este escenario, la municipalidad decidi\u00f3 NO TRASLADAR a ninguna persona de geri\u00e1trico al mencionado hospedaje, hasta que no se tengan los resultados de los estudios practicados a todas las personas internadas.<\/p>\n<\/div>\n<div>El d\u00eda 18 de julio, fue informado por el municipio de Exaltaci\u00f3n de la Cruz, que si bien no se hab\u00edan oficializado nuevos casos de Covid-19, el sistema de salud local hab\u00eda detectado dos casos positivos en el Barrio Sakura. Dicha informaci\u00f3n ibaa incluirse en el informe del d\u00eda siguiente, de tal forma de coincidir con los datos del sistema SISA.<\/div>\n<div><\/div>\n<div>\n<div class=\"rhc photoUfiContainer\" aria-busy=\"false\">\n<div id=\"fbPhotoSnowliftDetails\" class=\"_3t09 _6iil\">\n<div class=\"rhcBody _72zy\">\n<div class=\"uiScrollableArea rhcScroller _467y fade uiScrollableAreaWithShadow _72z-\">\n<div id=\"u_17_1\" class=\"uiScrollableAreaWrap\" tabindex=\"0\" role=\"group\" aria-label=\"Regi\u00f3n desplazable\">\n<div class=\"uiScrollableAreaBody\">\n<div class=\"uiScrollableAreaContent\">\n<p>El d\u00eda 17 de julio fue, desde que irrumpi\u00f3 el coronavirus en nuestro pa\u00eds, el que m\u00e1s casos positivos se registraron en Exaltaci\u00f3n de la Cruz, 6 en total. De acuerdo a lo informado, 4 de los contagios se dieron en forma id\u00e9ntica, fue por estar en contacto con un familiar con Covid-19. En tanto, los otros 2 casos, tuvieron su origen en el \u00e1mbito laboral. Desde el municipio se hizo saber que hab\u00edan sido identificados los contactos cercanos en todos los casos de las personas contagiadas, las que debieron ingresar a la etapa de aislamiento. Tambi\u00e9n se hizo saber s\u00f3lo uno de los infectados, debi\u00f3 quedar internado en el Hospital San Jos\u00e9.<\/p>\n<div class=\"clearfix fbPhotoSnowliftAuthorInfo _xlu\">\n<div class=\"clearfix _8u _42ef\">\n<div id=\"fbPhotoSnowliftChevron\" class=\"_5ob5 rfloat _ohf\">\n<div id=\"u_jsonp_13_o\" class=\"_6a uiPopover _5pbi _cmw _1wbl _b1e\">El d\u00eda 16 de julio, hubo un caso positivo de Covid-19, se trat\u00f3 de un hombre, vecino de Parada Robles. La persona se encontraba internada en una cl\u00ednica privada ubicada en un distrito cercano a Exaltaci\u00f3n de la Cruz.<\/div>\n<\/div>\n<\/div>\n<\/div>\n<\/div>\n<\/div>\n<\/div>\n<\/div>\n<\/div>\n<\/div>\n<\/div>\n<\/div>\n<div><\/div>\n<div class=\"_xlr\"><span id=\"fbPhotoSnowliftCaption\" class=\"fbPhotosPhotoCaption\" tabindex=\"0\" aria-live=\"polite\" data-ft=\"{&quot;tn&quot;:&quot;K&quot;}\"><span class=\"hasCaption\">El d\u00eda 15 de julio se confirmaron dos casos m\u00e1s de personas contagiadas con coronavirus. Se trata de vecinos de Los Cardales y Pav\u00f3n. Ante estos hechos, familiares, amigos y contactos, fueron sometidos al protocolo que indica Salud para estas situaciones. El momento en torno al coronavirus es sin dudas complejo, acentuado por las bajas temperaturas invernales. Resulta esencial el cuidado que adoptemos en la comunidad de Exaltaci\u00f3n de la Cruz, siguiendo las recomendaciones de las autoridades las que, por su parte entre otros aspectos, deben continuar con controles estrictos en los ingresos a las localidades del distrito, donde se observa importante movimiento de veh\u00edculos.<\/span><\/span><\/div>\n<div><\/div>\n<div class=\"_xlr\">El d\u00eda 14 de julio, reflej\u00f3 que no se registraron casos nuevos. En tanto, permanec\u00edan 12 casos activos y 20 en estudio.<\/div>\n<div><\/div>\n<p>El d\u00eda 13 de julio no marc\u00f3 la aparici\u00f3n de casos nuevos\u00a0 de Covid-19, en tanto eran 16 los que se encontraban en estudio y 14 casos activos.<\/p>\n<div class=\"clearfix fbPhotoSnowliftAuthorInfo _xlu\">\n<div class=\"clearfix _8u _42ef\">\n<div class=\"_6a\">\n<div class=\"_6a _6b\">\n<div id=\"fbPhotoSnowliftAudienceSelector\">\n<div class=\"mbs fbPhotosAudienceContainerNotEditable\">\n<div role=\"img\" data-hover=\"tooltip\" data-tooltip-content=\"Compartido con: P\u00fablico\" aria-label=\"Compartido con: P\u00fablico\">El d\u00eda 12 de julio, fue en el que se registraron m\u00e1s casos de coronavirus en el distrito, desde el inicio de la pandemia. Fueron cuatro mujeres que viven en el Barrio Sakura, Parada Robles y dos en Los Cardales. Las mujeres en cuesti\u00f3n tienen 30 a\u00f1os, 39, dos entre 40 y 49 y la restante entre 50 y 59 a\u00f1os. Desde el municipio, informaron que el mayor contagio se detect\u00f3 en personal de seguridad y, generalmente, por contacto con personas que no viven el Exaltaci\u00f3n de la Cruz.<\/div>\n<\/div>\n<\/div>\n<\/div>\n<\/div>\n<\/div>\n<\/div>\n<div role=\"img\" data-hover=\"tooltip\" data-tooltip-content=\"Compartido con: P\u00fablico\" aria-label=\"Compartido con: P\u00fablico\"><\/div>\n<div class=\"clearfix fbPhotoSnowliftAuthorInfo _xlu\">\n<div class=\"clearfix _8u _42ef\">\n<div class=\"_6a\">\n<div class=\"_6a _6b\">\n<div id=\"fbPhotoSnowliftAudienceSelector\">\n<div class=\"mbs fbPhotosAudienceContainerNotEditable\">\n<div class=\"_6a _29ee _3iio _43_1\" role=\"img\" data-hover=\"tooltip\" data-tooltip-content=\"Compartido con: P\u00fablico\" aria-label=\"Compartido con: P\u00fablico\">El d\u00eda 11 de julio, ha registrado un caso m\u00e1s positivo de coronavirus. Se refiere a un vecino de Los Cardales. El hombre se contagi\u00f3 en su \u00e1mbito laboral, ubicado afuera del distrito de Exaltaci\u00f3n de la Cruz.<\/div>\n<\/div>\n<\/div>\n<\/div>\n<\/div>\n<\/div>\n<\/div>\n<div class=\"_xlr\">\n<div id=\"fbPhotoSnowliftProductMiniListHscroll\" class=\"fbCommerceProductMiniListHscroll\"><\/div>\n<div id=\"fbPhotoSnowliftLegacyTagList\" class=\"pts fbPhotoLegacyTagList\">\n<div>El d\u00eda 10 de julio, ha registro un caso positivo m\u00e1s; se trata de un<span id=\"fbPhotoSnowliftCaption\" class=\"fbPhotosPhotoCaption\" tabindex=\"0\" aria-live=\"polite\" data-ft=\"{&quot;tn&quot;:&quot;K&quot;}\"><span class=\"hasCaption\"> vecino de un barrio aleda\u00f1o a Los Cardales, ubicado sobre el distrito de Campana.<\/span><\/span><\/div>\n<\/div>\n<\/div>\n<p>El d\u00eda 8 de julio se registr\u00f3 otro caso positivo de coronavirus. La informaci\u00f3n de la municipalidad indic\u00f3, que se trata de una persona que no reside en Exaltaci\u00f3n de la Cruz, encontr\u00e1ndose internada en un centro asistencial de la ciudad de Buenos Aires.<\/p>\n<p>El d\u00eda 9 de julio se contabiliz\u00f3 un caso m\u00e1s de Covid-19 en el distrito. Co<span id=\"fbPhotoSnowliftCaption\" class=\"fbPhotosPhotoCaption\" tabindex=\"0\" aria-live=\"polite\" data-ft=\"{&quot;tn&quot;:&quot;K&quot;}\"><span class=\"hasCaption\">rresponde a un vecino de Pav\u00f3n, quien contrajo el virus por contacto laboral con personal de otro partido.<\/span><\/span><\/p>\n<p>&nbsp;<\/p>\n<p><strong>ESTAD\u00cdSTICAS<\/strong><strong>. (20-8-20)<\/strong><\/p>\n<p>11 casos confirmados<\/p>\n<p>43 casos activos.<\/p>\n<p>198 casos recuperados.<\/p>\n<p>7 casos fallecidos.<\/p>\n<p>250 casos confirmados.<\/p>\n<p>758 casos descartados.<\/p>\n<p>37 casos en estudio.<\/p>\n<p><strong>PENS\u00c1, TEN\u00c9 MUY EN CUENTA:<\/strong>\u00a0Atravesamos una <strong>etapa muy compleja en nuestro pa\u00eds,<\/strong> debido al flagelo del coronavirus, y se extiende en Exaltaci\u00f3n de la Cruz. Conscientizarse es vital, acerca de la importancia de atender a los cuidados que debemos adoptar. Y desde ya, continuar con la guardia en alto, <strong>conscientizados de la gravedad de la situaci\u00f3n.<\/strong><\/p>\n<\/div>\n<\/div>\n<\/div>\n<\/div>\n<\/div>\n<\/div>\n","protected":false},"excerpt":{"rendered":"<p>LA INFO DIARIA.<\/p>\n","protected":false},"author":3,"featured_media":13297,"comment_status":"open","ping_status":"open","sticky":false,"template":"","format":"standard","meta":{"footnotes":"","jetpack_publicize_message":"","jetpack_publicize_feature_enabled":true,"jetpack_social_post_already_shared":false,"jetpack_social_options":{"image_generator_settings":{"template":"highway","default_image_id":0,"font":"","enabled":false},"version":2}},"categories":[16],"tags":[569,688],"class_list":["post-5480","post","type-post","status-publish","format-standard","has-post-thumbnail","hentry","category-municipales","tag-coronavirus","tag-estadisticas"],"jetpack_publicize_connections":[],"jetpack_featured_media_url":"https:\/\/revistaepocadigital.com.ar\/wp-content\/uploads\/2021\/10\/247464928_4844781375574783_3989870781301713299_n-1.jpg","jetpack_likes_enabled":true,"_links":{"self":[{"href":"https:\/\/revistaepocadigital.com.ar\/index.php?rest_route=\/wp\/v2\/posts\/5480","targetHints":{"allow":["GET"]}}],"collection":[{"href":"https:\/\/revistaepocadigital.com.ar\/index.php?rest_route=\/wp\/v2\/posts"}],"about":[{"href":"https:\/\/revistaepocadigital.com.ar\/index.php?rest_route=\/wp\/v2\/types\/post"}],"author":[{"embeddable":true,"href":"https:\/\/revistaepocadigital.com.ar\/index.php?rest_route=\/wp\/v2\/users\/3"}],"replies":[{"embeddable":true,"href":"https:\/\/revistaepocadigital.com.ar\/index.php?rest_route=%2Fwp%2Fv2%2Fcomments&post=5480"}],"version-history":[{"count":0,"href":"https:\/\/revistaepocadigital.com.ar\/index.php?rest_route=\/wp\/v2\/posts\/5480\/revisions"}],"wp:featuredmedia":[{"embeddable":true,"href":"https:\/\/revistaepocadigital.com.ar\/index.php?rest_route=\/wp\/v2\/media\/13297"}],"wp:attachment":[{"href":"https:\/\/revistaepocadigital.com.ar\/index.php?rest_route=%2Fwp%2Fv2%2Fmedia&parent=5480"}],"wp:term":[{"taxonomy":"category","embeddable":true,"href":"https:\/\/revistaepocadigital.com.ar\/index.php?rest_route=%2Fwp%2Fv2%2Fcategories&post=5480"},{"taxonomy":"post_tag","embeddable":true,"href":"https:\/\/revistaepocadigital.com.ar\/index.php?rest_route=%2Fwp%2Fv2%2Ftags&post=5480"}],"curies":[{"name":"wp","href":"https:\/\/api.w.org\/{rel}","templated":true}]}}