{"id":5483,"date":"2020-07-08T21:03:31","date_gmt":"2020-07-09T00:03:31","guid":{"rendered":"https:\/\/revistaepocadigital.com.ar\/?p=5483"},"modified":"2020-07-08T21:03:31","modified_gmt":"2020-07-09T00:03:31","slug":"el-presidente-del-rotary-capilla-distinguido","status":"publish","type":"post","link":"https:\/\/revistaepocadigital.com.ar\/?p=5483","title":{"rendered":"El presidente del Rotary Capilla distinguido"},"content":{"rendered":"<div><\/div>\n<div class=\"mtm _5pco\" data-testid=\"post_message\" data-ft=\"{&quot;tn&quot;:&quot;K&quot;}\">\n<div id=\"id_5f065cf0e6f499e61761229\" class=\"text_exposed_root text_exposed\">\n<p><strong>MARCAR LA DIFERENCIA, DE ESO SE TRATA.<!--more--><\/strong><br \/>\nDesde el Rotary Club de Capilla del Se\u00f1or, informaron que el nuestro ex gobernador del Distrito 4895 al que pertenece la instituci\u00f3n, Ricardo Pedace, distingui\u00f3 al presidente del Rotary local, Luis Maidana, p<span class=\"text_exposed_show\">or su trabajo, acompa\u00f1amiento y desempe\u00f1o como presidente 19\/20 de la entidad rotaria local.<\/span><\/p>\n<p><span class=\"text_exposed_show\">&#8220;Felicitaciones Luis y a seguir adelante que se viene un gran per\u00edodo 20\/21 trabajando con y para la comunidad de Exaltaci\u00f3n de la Cruz&#8221;, comentaron desde el Rotary.<\/span><\/p>\n<p><img loading=\"lazy\" decoding=\"async\" class=\"aligncenter size-full wp-image-5485\" src=\"https:\/\/revistaepocadigital.com.ar\/wp-content\/uploads\/2020\/07\/ro.jpg\" alt=\"\" width=\"960\" height=\"960\" srcset=\"https:\/\/revistaepocadigital.com.ar\/wp-content\/uploads\/2020\/07\/ro.jpg 960w, https:\/\/revistaepocadigital.com.ar\/wp-content\/uploads\/2020\/07\/ro-150x150.jpg 150w, https:\/\/revistaepocadigital.com.ar\/wp-content\/uploads\/2020\/07\/ro-300x300.jpg 300w, https:\/\/revistaepocadigital.com.ar\/wp-content\/uploads\/2020\/07\/ro-768x768.jpg 768w, https:\/\/revistaepocadigital.com.ar\/wp-content\/uploads\/2020\/07\/ro-696x696.jpg 696w, https:\/\/revistaepocadigital.com.ar\/wp-content\/uploads\/2020\/07\/ro-420x420.jpg 420w, https:\/\/revistaepocadigital.com.ar\/wp-content\/uploads\/2020\/07\/ro-840x840.jpg 840w\" sizes=\"auto, (max-width: 960px) 100vw, 960px\" \/><\/p>\n<\/div>\n<\/div>\n<p>&nbsp;<\/p>\n","protected":false},"excerpt":{"rendered":"<p>MARCAR LA DIFERENCIA, DE ESO SE TRATA.<\/p>\n","protected":false},"author":3,"featured_media":5486,"comment_status":"open","ping_status":"open","sticky":false,"template":"","format":"standard","meta":{"footnotes":"","jetpack_publicize_message":"","jetpack_publicize_feature_enabled":true,"jetpack_social_post_already_shared":false,"jetpack_social_options":{"image_generator_settings":{"template":"highway","default_image_id":0,"font":"","enabled":false},"version":2}},"categories":[11],"tags":[37,84],"class_list":["post-5483","post","type-post","status-publish","format-standard","has-post-thumbnail","hentry","category-entidades","tag-destacada","tag-rotary"],"jetpack_publicize_connections":[],"jetpack_featured_media_url":"https:\/\/revistaepocadigital.com.ar\/wp-content\/uploads\/2020\/07\/ro1.jpg","jetpack_likes_enabled":true,"_links":{"self":[{"href":"https:\/\/revistaepocadigital.com.ar\/index.php?rest_route=\/wp\/v2\/posts\/5483","targetHints":{"allow":["GET"]}}],"collection":[{"href":"https:\/\/revistaepocadigital.com.ar\/index.php?rest_route=\/wp\/v2\/posts"}],"about":[{"href":"https:\/\/revistaepocadigital.com.ar\/index.php?rest_route=\/wp\/v2\/types\/post"}],"author":[{"embeddable":true,"href":"https:\/\/revistaepocadigital.com.ar\/index.php?rest_route=\/wp\/v2\/users\/3"}],"replies":[{"embeddable":true,"href":"https:\/\/revistaepocadigital.com.ar\/index.php?rest_route=%2Fwp%2Fv2%2Fcomments&post=5483"}],"version-history":[{"count":0,"href":"https:\/\/revistaepocadigital.com.ar\/index.php?rest_route=\/wp\/v2\/posts\/5483\/revisions"}],"wp:featuredmedia":[{"embeddable":true,"href":"https:\/\/revistaepocadigital.com.ar\/index.php?rest_route=\/wp\/v2\/media\/5486"}],"wp:attachment":[{"href":"https:\/\/revistaepocadigital.com.ar\/index.php?rest_route=%2Fwp%2Fv2%2Fmedia&parent=5483"}],"wp:term":[{"taxonomy":"category","embeddable":true,"href":"https:\/\/revistaepocadigital.com.ar\/index.php?rest_route=%2Fwp%2Fv2%2Fcategories&post=5483"},{"taxonomy":"post_tag","embeddable":true,"href":"https:\/\/revistaepocadigital.com.ar\/index.php?rest_route=%2Fwp%2Fv2%2Ftags&post=5483"}],"curies":[{"name":"wp","href":"https:\/\/api.w.org\/{rel}","templated":true}]}}