{"id":5509,"date":"2020-07-09T12:29:24","date_gmt":"2020-07-09T15:29:24","guid":{"rendered":"https:\/\/revistaepocadigital.com.ar\/?p=5509"},"modified":"2020-07-09T12:30:38","modified_gmt":"2020-07-09T15:30:38","slug":"la-independencia-y-la-libertad-es-todos-los-dias","status":"publish","type":"post","link":"https:\/\/revistaepocadigital.com.ar\/?p=5509","title":{"rendered":"La independencia y la libertad es todos los d\u00edas"},"content":{"rendered":"<p><strong>9 DE JULIO.<\/strong><!--more--><\/p>\n<p>Ya sabemos lo que cuenta la historia argentina, lo que hemos aprendido de aquella gesta de 29 pro hombres en Tucum\u00e1n. Tambi\u00e9n sabemos mucho de aquellos sue\u00f1os que aquilataron al proclamar la independencia que, con el paso de las generaciones, supieron cumplirse as\u00ed como tantos (demasiados) quedar en el camino.<\/p>\n<p>La independencia y la libertad en todo sentido dentro del marco de las normas que rigen a una sociedad son esenciales en un pa\u00eds, y se ponen en pr\u00e1ctica d\u00eda a d\u00eda. Nunca habr\u00eda que olvidarnos. <strong>Respetemos y hagamos respetarlas.<\/strong><\/p>\n<p>&nbsp;<\/p>\n<p>Foto portada: Gentileza Juan Biaggini.<\/p>\n","protected":false},"excerpt":{"rendered":"<p>9 DE JULIO.<\/p>\n","protected":false},"author":4,"featured_media":5510,"comment_status":"open","ping_status":"open","sticky":false,"template":"","format":"standard","meta":{"footnotes":"","jetpack_publicize_message":"","jetpack_publicize_feature_enabled":true,"jetpack_social_post_already_shared":false,"jetpack_social_options":{"image_generator_settings":{"template":"highway","default_image_id":0,"font":"","enabled":false},"version":2}},"categories":[13],"tags":[748],"class_list":["post-5509","post","type-post","status-publish","format-standard","has-post-thumbnail","hentry","category-interes-general","tag-dia-de-la-independencia"],"jetpack_publicize_connections":[],"jetpack_featured_media_url":"https:\/\/revistaepocadigital.com.ar\/wp-content\/uploads\/2020\/07\/Carro-bandera-biaggini.jpg","jetpack_likes_enabled":true,"_links":{"self":[{"href":"https:\/\/revistaepocadigital.com.ar\/index.php?rest_route=\/wp\/v2\/posts\/5509","targetHints":{"allow":["GET"]}}],"collection":[{"href":"https:\/\/revistaepocadigital.com.ar\/index.php?rest_route=\/wp\/v2\/posts"}],"about":[{"href":"https:\/\/revistaepocadigital.com.ar\/index.php?rest_route=\/wp\/v2\/types\/post"}],"author":[{"embeddable":true,"href":"https:\/\/revistaepocadigital.com.ar\/index.php?rest_route=\/wp\/v2\/users\/4"}],"replies":[{"embeddable":true,"href":"https:\/\/revistaepocadigital.com.ar\/index.php?rest_route=%2Fwp%2Fv2%2Fcomments&post=5509"}],"version-history":[{"count":0,"href":"https:\/\/revistaepocadigital.com.ar\/index.php?rest_route=\/wp\/v2\/posts\/5509\/revisions"}],"wp:featuredmedia":[{"embeddable":true,"href":"https:\/\/revistaepocadigital.com.ar\/index.php?rest_route=\/wp\/v2\/media\/5510"}],"wp:attachment":[{"href":"https:\/\/revistaepocadigital.com.ar\/index.php?rest_route=%2Fwp%2Fv2%2Fmedia&parent=5509"}],"wp:term":[{"taxonomy":"category","embeddable":true,"href":"https:\/\/revistaepocadigital.com.ar\/index.php?rest_route=%2Fwp%2Fv2%2Fcategories&post=5509"},{"taxonomy":"post_tag","embeddable":true,"href":"https:\/\/revistaepocadigital.com.ar\/index.php?rest_route=%2Fwp%2Fv2%2Ftags&post=5509"}],"curies":[{"name":"wp","href":"https:\/\/api.w.org\/{rel}","templated":true}]}}