{"id":5536,"date":"2020-07-10T00:45:41","date_gmt":"2020-07-10T03:45:41","guid":{"rendered":"https:\/\/revistaepocadigital.com.ar\/?p=5536"},"modified":"2020-07-10T00:45:41","modified_gmt":"2020-07-10T03:45:41","slug":"al-negro-hijos-capilla-del-senor-no-lo-va-a-olvidar","status":"publish","type":"post","link":"https:\/\/revistaepocadigital.com.ar\/?p=5536","title":{"rendered":"Al Negro Hij\u00f3s, Capilla del Se\u00f1or no lo va a olvidar"},"content":{"rendered":"<p><strong><span id=\"fbPhotoSnowliftCaption\" class=\"fbPhotosPhotoCaption\" tabindex=\"0\" aria-live=\"polite\" data-ft=\"{&quot;tn&quot;:&quot;K&quot;}\"><span class=\"hasCaption\">UNO DE ESOS PERSONAJES.<\/span><\/span><\/strong><!--more--><\/p>\n<p><span id=\"fbPhotoSnowliftCaption\" class=\"fbPhotosPhotoCaption\" tabindex=\"0\" aria-live=\"polite\" data-ft=\"{&quot;tn&quot;:&quot;K&quot;}\"><span class=\"hasCaption\">S\u00ed, uno de esos personajes que tanto han enriquecido a Capilla del Se\u00f1or que con el paso de los a\u00f1os se convirtieron en entra\u00f1ables. S\u00ed, el Negro Hij\u00f3s que a los 90 a\u00f1os y un poquito, ha fallecido.<\/span><\/span><\/p>\n<p>Trabajador incansable en toda su vida, con Alicia fallecida hace un par de a\u00f1os, form\u00f3 una familia que componen sus hijos &#8220;Lichi&#8221; y &#8220;Betin&#8221;, tambi\u00e9n vecinos muy considerados.<\/p>\n<p>Llev\u00f3 al Club de Leones en su coraz\u00f3n y sin que el paso de los a\u00f1os, pudieran doblegar esa convicci\u00f3n por ayudar a los dem\u00e1s a trav\u00e9s de los Leones. Como a tantos, la cuarentena le golpe\u00f3 el alma, sin embargo quiso que no doblegara.<\/p>\n<figure id=\"attachment_5544\" aria-describedby=\"caption-attachment-5544\" style=\"width: 551px\" class=\"wp-caption aligncenter\"><img loading=\"lazy\" decoding=\"async\" class=\"size-full wp-image-5544\" src=\"https:\/\/revistaepocadigital.com.ar\/wp-content\/uploads\/2020\/07\/hijos-negro-i11.jpg\" alt=\"\" width=\"551\" height=\"333\" srcset=\"https:\/\/revistaepocadigital.com.ar\/wp-content\/uploads\/2020\/07\/hijos-negro-i11.jpg 551w, https:\/\/revistaepocadigital.com.ar\/wp-content\/uploads\/2020\/07\/hijos-negro-i11-300x181.jpg 300w\" sizes=\"auto, (max-width: 551px) 100vw, 551px\" \/><figcaption id=\"caption-attachment-5544\" class=\"wp-caption-text\">Hij\u00f3s construy\u00f3 un v\u00ednculo indisoluble con los Leones.<\/figcaption><\/figure>\n<p>&#8220;Lo<span id=\"fbPhotoSnowliftCaption\" class=\"fbPhotosPhotoCaption\" tabindex=\"0\" aria-live=\"polite\" data-ft=\"{&quot;tn&quot;:&quot;K&quot;}\"><span class=\"hasCaption\"> vamos a extra\u00f1ar querido Negro&#8230;Vuele alto al encuentro de su amada Alicia!&#8221;, fue el mensaje en la red social Facebook, de la abogada Paula Faure, esposa de Betin y madre de los nietos que le dieron como tambi\u00e9n Lichi y su esposo.<\/span><\/span><\/p>\n<p>Un tipo querible que supo recorrer toda la vida las calles capillenses, siempre infaltable, con el &#8220;pin&#8221; de los Leones en su pecho. &#8220;<span dir=\"ltr\"><span class=\"_3l3x\">Q.E.P.D y muchas gracias Negro, por los momentos compartidos en nuestro club y por mostrarnos el verdadero amor al Leon\u00edsmo!, le escribi\u00f3 Jorge Gajo Ramos, presidente de los Leones de Capilla, club que como se ha mencionado, ocup\u00f3 un lugar muy importante en su vida y del que recibi\u00f3 varias distinciones.<\/span><\/span><\/p>\n<p>El sentido y tan emotivo homenaje de los miembros del Club de Leones, en la calle Belgrano a cada costado y guardando la distancia social, as\u00ed como sus familiares,frente a la parroquia local al paso del f\u00fanebre con sus restos, result\u00f3 una muestra de lo que represent\u00f3 el Negro Hijos, y lo mucho que lo apreciaba la gente de Capillla.<\/p>\n<p>As\u00ed lo despidi\u00f3 su querido Club de Leones:<\/p>\n<p><em>Hoy nos toca despedir a un gran amigo, referente del Leonismo y de nuestra comunidad, hoy nos deja nuestro querido Negro Hijos. Aquel que 50 a\u00f1os atr\u00e1s, formaba parte de los fundadores del Club de Leones Capilla del Se\u00f1or, aquel que vacacionaba solo en lugares pr\u00f3ximos a un club con el fin de no alejarse de su sentir leonistico. El que orgulloso nos exhib\u00eda sus innumerables pines. Seguramente no podremos reemplazarlo pero s\u00ed su ejemplo de humildad y sencillez, dejar\u00e1 encendida la esencia del servicio en cada uno de nosotros. Querido Negro permanecer\u00e1s por siempre a nuestro lado, gracias por todo lo que diste&#8221;<\/em>.<\/p>\n<p>Negro, descansa en paz.<\/p>\n","protected":false},"excerpt":{"rendered":"<p>UNO DE ESOS PERSONAJES.<\/p>\n","protected":false},"author":4,"featured_media":5537,"comment_status":"open","ping_status":"open","sticky":false,"template":"","format":"standard","meta":{"footnotes":"","jetpack_publicize_message":"","jetpack_publicize_feature_enabled":true,"jetpack_social_post_already_shared":false,"jetpack_social_options":{"image_generator_settings":{"template":"highway","default_image_id":0,"font":"","enabled":false},"version":2}},"categories":[14],"tags":[37,405,589],"class_list":["post-5536","post","type-post","status-publish","format-standard","has-post-thumbnail","hentry","category-la-gente","tag-destacada","tag-fallecimiento","tag-vecinos"],"jetpack_publicize_connections":[],"jetpack_featured_media_url":"https:\/\/revistaepocadigital.com.ar\/wp-content\/uploads\/2020\/07\/hijos-negro.jpg","jetpack_likes_enabled":true,"_links":{"self":[{"href":"https:\/\/revistaepocadigital.com.ar\/index.php?rest_route=\/wp\/v2\/posts\/5536","targetHints":{"allow":["GET"]}}],"collection":[{"href":"https:\/\/revistaepocadigital.com.ar\/index.php?rest_route=\/wp\/v2\/posts"}],"about":[{"href":"https:\/\/revistaepocadigital.com.ar\/index.php?rest_route=\/wp\/v2\/types\/post"}],"author":[{"embeddable":true,"href":"https:\/\/revistaepocadigital.com.ar\/index.php?rest_route=\/wp\/v2\/users\/4"}],"replies":[{"embeddable":true,"href":"https:\/\/revistaepocadigital.com.ar\/index.php?rest_route=%2Fwp%2Fv2%2Fcomments&post=5536"}],"version-history":[{"count":0,"href":"https:\/\/revistaepocadigital.com.ar\/index.php?rest_route=\/wp\/v2\/posts\/5536\/revisions"}],"wp:featuredmedia":[{"embeddable":true,"href":"https:\/\/revistaepocadigital.com.ar\/index.php?rest_route=\/wp\/v2\/media\/5537"}],"wp:attachment":[{"href":"https:\/\/revistaepocadigital.com.ar\/index.php?rest_route=%2Fwp%2Fv2%2Fmedia&parent=5536"}],"wp:term":[{"taxonomy":"category","embeddable":true,"href":"https:\/\/revistaepocadigital.com.ar\/index.php?rest_route=%2Fwp%2Fv2%2Fcategories&post=5536"},{"taxonomy":"post_tag","embeddable":true,"href":"https:\/\/revistaepocadigital.com.ar\/index.php?rest_route=%2Fwp%2Fv2%2Ftags&post=5536"}],"curies":[{"name":"wp","href":"https:\/\/api.w.org\/{rel}","templated":true}]}}