{"id":5549,"date":"2020-07-16T20:15:37","date_gmt":"2020-07-16T23:15:37","guid":{"rendered":"https:\/\/revistaepocadigital.com.ar\/?p=5549"},"modified":"2020-07-21T15:47:27","modified_gmt":"2020-07-21T18:47:27","slug":"4-fabulas-y-una-siesta-con-direccion-de-fabian-scovenna-en-modo-zoom","status":"publish","type":"post","link":"https:\/\/revistaepocadigital.com.ar\/?p=5549","title":{"rendered":"4 F\u00c1BULAS Y UNA SIESTA\u00bb, CON DIRECCI\u00d3N DE FABI\u00c1N SCOVENNA EN MODO VIRTUAL"},"content":{"rendered":"<p><strong>QUE LA PANDEMIA NO NOS DEJE SIN UN ESPECT\u00c1CULO QUE SE ESTRENA EL 18 DE JULIO.<\/strong><!--more--><\/p>\n<p>El actor y director teatral capillense <strong>Fabi\u00e1n Scovenna<\/strong>, concreta un nuevo espect\u00e1culo y especial por cierto, en las actuales circunstancias marcado<br \/>\npor la pandemia. Le ha contado sus sensaciones y detalles a EPOCA.<\/p>\n<p><img loading=\"lazy\" decoding=\"async\" class=\"aligncenter size-full wp-image-5552\" src=\"https:\/\/revistaepocadigital.com.ar\/wp-content\/uploads\/2020\/07\/scove-3-b.jpg\" alt=\"\" width=\"520\" height=\"472\" srcset=\"https:\/\/revistaepocadigital.com.ar\/wp-content\/uploads\/2020\/07\/scove-3-b.jpg 520w, https:\/\/revistaepocadigital.com.ar\/wp-content\/uploads\/2020\/07\/scove-3-b-300x272.jpg 300w, https:\/\/revistaepocadigital.com.ar\/wp-content\/uploads\/2020\/07\/scove-3-b-463x420.jpg 463w\" sizes=\"auto, (max-width: 520px) 100vw, 520px\" \/><\/p>\n<p><em>&#8220;La cuarentena actual producto a la pandemia mundial que estamos transitando, sin dudas ha afectado a toda la cultura hoy y a futuro. Cada semana espacios culturales independientes que integran el circulo Teatral off, han estado cerrando sus puertas y por cierto, con gran tristeza. Y no es por falta de esfuerzos, sino porque estos espacios ya no pueden sostenerse a\u00fan m\u00e1s&#8221;<\/em>, se\u00f1ala Scovenna.<\/p>\n<p>Y acerca de retomar la actividad art\u00edstica, admite que ser\u00e1 complejo, <em>&#8220;s\u00ed, a futuro aparece como dif\u00edcil retomar las riendas del espect\u00e1culo teatral. Y desde ya, sabiendo los protocolos que se deber\u00e1n respetar. Pero bueno, s\u00e9 que las energ\u00edas de todos los que hacemos y brindamos arte, son m\u00e1s fuertes que esta pandemia&#8221;,<\/em> afirma convencido y con entusiasmo.<\/p>\n<figure id=\"attachment_5756\" aria-describedby=\"caption-attachment-5756\" style=\"width: 480px\" class=\"wp-caption aligncenter\"><img loading=\"lazy\" decoding=\"async\" class=\"size-full wp-image-5756\" src=\"https:\/\/revistaepocadigital.com.ar\/wp-content\/uploads\/2020\/07\/SCOVE-ACTORE1.jpg\" alt=\"\" width=\"480\" height=\"480\" srcset=\"https:\/\/revistaepocadigital.com.ar\/wp-content\/uploads\/2020\/07\/SCOVE-ACTORE1.jpg 480w, https:\/\/revistaepocadigital.com.ar\/wp-content\/uploads\/2020\/07\/SCOVE-ACTORE1-150x150.jpg 150w, https:\/\/revistaepocadigital.com.ar\/wp-content\/uploads\/2020\/07\/SCOVE-ACTORE1-300x300.jpg 300w, https:\/\/revistaepocadigital.com.ar\/wp-content\/uploads\/2020\/07\/SCOVE-ACTORE1-420x420.jpg 420w\" sizes=\"auto, (max-width: 480px) 100vw, 480px\" \/><figcaption id=\"caption-attachment-5756\" class=\"wp-caption-text\">Los actores.<\/figcaption><\/figure>\n<p>Al momento de mencionar en que estuvo trabajando, Sconvenna cuenta, <em>&#8220;en cuanto a m\u00ed m\u00ed labor como Productor y Director General de FS PRODUCCIONES, sin dudas se nos propuesto un a\u00f1o especial, complejo; pero gracias a la realidad de Exaltaci\u00f3n de la Cruz, somos privilegiados en poder a pesar de la cuarentena actual, grabar un espect\u00e1culo que cada ni\u00f1o y familia han de disfrutaran en sus casas&#8221;.<\/em><\/p>\n<p>Con ese objetivo, Scovenna prepar\u00f3 un nuevo espect\u00e1culo y ha contado de que se trata, <em>&#8220;as\u00ed es, tiempo atr\u00e1s junto a ocho actores de Exaltaci\u00f3n de la Cruz, y tomando todos los cuidados necesarios para prevenir el coronavirus, grabamos en peque\u00f1os grupos de dos actores m\u00e1s un camar\u00f3grafo y bajo mi <\/em><em>direcci\u00f3n, un espect\u00e1culo pensado especialmente para la realidad actual&#8230;&#8221;4 F\u00c1BULAS Y UNA SIESTA&#8221;.<\/em><\/p>\n<p>Los ensayos de la nueva propuesta art\u00edstica de FS PRODUCCIONES, fueron mediante la plataforma zoom, tan utilizada en este momento, que sin dudas les<br \/>\nbrind\u00f3 un espacio de creaci\u00f3n alternativo para el futuro. <em>&#8220;Sab\u00edamos<\/em> -dice Scovenna- <em>que m\u00e1s all\u00e1 del medio que se haga, deb\u00edamos como artistas<\/em><br \/>\n<em>proponer y entretener con calidad, a todos aquellos que siempre nos siguen y nos apoyan&#8221;.<\/em><br \/>\n<img loading=\"lazy\" decoding=\"async\" class=\"aligncenter size-full wp-image-5551\" src=\"https:\/\/revistaepocadigital.com.ar\/wp-content\/uploads\/2020\/07\/scov5-a.jpg\" alt=\"\" width=\"527\" height=\"527\" srcset=\"https:\/\/revistaepocadigital.com.ar\/wp-content\/uploads\/2020\/07\/scov5-a.jpg 527w, https:\/\/revistaepocadigital.com.ar\/wp-content\/uploads\/2020\/07\/scov5-a-150x150.jpg 150w, https:\/\/revistaepocadigital.com.ar\/wp-content\/uploads\/2020\/07\/scov5-a-300x300.jpg 300w, https:\/\/revistaepocadigital.com.ar\/wp-content\/uploads\/2020\/07\/scov5-a-420x420.jpg 420w\" sizes=\"auto, (max-width: 527px) 100vw, 527px\" \/>Las <strong>entradas virtuales<\/strong> para mirar el espect\u00e1culo, pod\u00edan adquirirse solicitando un link mediante un n\u00famero telef\u00f3nico que FS PRODUCCIONES puso a<br \/>\ndisposici\u00f3n (1167667450). Y luego de abonar una entrada con un m\u00f3dico valor, la gente recibe minutos antes de la funci\u00f3n el acceso a disfrutar de &#8220;4<br \/>\nF\u00c1BULAS Y UNA SIESTA&#8221;. Adem\u00e1s, con la compra de una entrada, la familia entera disfrutaba del espect\u00e1culo <em>&#8220;que sin dudas dejar\u00e1 una ense\u00f1anza tanto<\/em><br \/>\n<em>a ellos como a nosotros&#8221;,<\/em> ha asegurado Scovenna.<em> &#8220;Sin dudas este espect\u00e1culo, muy distinto a los tradicionales que todos conocemos, no tiene aquella envergadura, sin embargo ha sido realizado con gran cari\u00f1o y esfuerzo; se trata sin dudas, de una expresi\u00f3n de nuestros artistas que a pesar de todo<\/em><br \/>\n<em>ensayan, estudian y por sobre todo se adecuan a la realidad que nos ha deparado el 2020&#8243;.<\/em><\/p>\n<p>Ac\u00e1, la s\u00edntesis del espect\u00e1culo:<\/p>\n<p><strong>&#8220;4 F\u00c1BULAS Y UNA SIESTA&#8221;<\/strong><\/p>\n<p>DIRECCI\u00d3N GENERAL: Fabi\u00e1n Scovenna<br \/>\nLETRAS: Gisela Kubricky &#8211; Fabi\u00e1n Carlevaro<br \/>\nDIRECCI\u00d3N AUDIOVISIAL: Franco Sch\u00f6der<br \/>\nM\u00daSICA: Fabi\u00e1n Scovenna<br \/>\nMAQUILLAJE: Gabriela Alegre<br \/>\nILUMINACI\u00d3N: Rodrigo Cerb\u00e1n<br \/>\nASIST: LUCAS D\u00cdAZ<br \/>\nVESTUARIO Y ESCENOGRAF\u00cdA:<br \/>\nFS producciones.<\/p>\n<p>PERSONAJES<br \/>\nLe\u00f3n: Angel Di Dom\u00e9nico<br \/>\nRat\u00f3n: Irina Conil<br \/>\nTortuga: Graciela D\u00edaz<br \/>\nLiebre: Lucila Franco<br \/>\nGrillo: Marcos Cabrera<br \/>\nHormiga: Sol Salda\u00f1a<br \/>\nCarnero: Rom\u00e1n Denis<br \/>\nOveja: Rosalia D\u00edaz de Vivar<br \/>\nNarrador: Fabi\u00e1n Scovenna<\/p>\n<p>&nbsp;<\/p>\n","protected":false},"excerpt":{"rendered":"<p>QUE LA PANDEMIA NO NOS DEJE SIN UN ESPECT\u00c1CULO QUE SE ESTRENA EL 18 DE JULIO.<\/p>\n","protected":false},"author":4,"featured_media":5550,"comment_status":"open","ping_status":"open","sticky":false,"template":"","format":"standard","meta":{"footnotes":"","jetpack_publicize_message":"","jetpack_publicize_feature_enabled":true,"jetpack_social_post_already_shared":false,"jetpack_social_options":{"image_generator_settings":{"template":"highway","default_image_id":0,"font":"","enabled":false},"version":2}},"categories":[12],"tags":[782,749],"class_list":["post-5549","post","type-post","status-publish","format-standard","has-post-thumbnail","hentry","category-espectaculos","tag-espectaculo-virtual","tag-scovena"],"jetpack_publicize_connections":[],"jetpack_featured_media_url":"https:\/\/revistaepocadigital.com.ar\/wp-content\/uploads\/2020\/07\/sco6.png","jetpack_likes_enabled":true,"_links":{"self":[{"href":"https:\/\/revistaepocadigital.com.ar\/index.php?rest_route=\/wp\/v2\/posts\/5549","targetHints":{"allow":["GET"]}}],"collection":[{"href":"https:\/\/revistaepocadigital.com.ar\/index.php?rest_route=\/wp\/v2\/posts"}],"about":[{"href":"https:\/\/revistaepocadigital.com.ar\/index.php?rest_route=\/wp\/v2\/types\/post"}],"author":[{"embeddable":true,"href":"https:\/\/revistaepocadigital.com.ar\/index.php?rest_route=\/wp\/v2\/users\/4"}],"replies":[{"embeddable":true,"href":"https:\/\/revistaepocadigital.com.ar\/index.php?rest_route=%2Fwp%2Fv2%2Fcomments&post=5549"}],"version-history":[{"count":0,"href":"https:\/\/revistaepocadigital.com.ar\/index.php?rest_route=\/wp\/v2\/posts\/5549\/revisions"}],"wp:featuredmedia":[{"embeddable":true,"href":"https:\/\/revistaepocadigital.com.ar\/index.php?rest_route=\/wp\/v2\/media\/5550"}],"wp:attachment":[{"href":"https:\/\/revistaepocadigital.com.ar\/index.php?rest_route=%2Fwp%2Fv2%2Fmedia&parent=5549"}],"wp:term":[{"taxonomy":"category","embeddable":true,"href":"https:\/\/revistaepocadigital.com.ar\/index.php?rest_route=%2Fwp%2Fv2%2Fcategories&post=5549"},{"taxonomy":"post_tag","embeddable":true,"href":"https:\/\/revistaepocadigital.com.ar\/index.php?rest_route=%2Fwp%2Fv2%2Ftags&post=5549"}],"curies":[{"name":"wp","href":"https:\/\/api.w.org\/{rel}","templated":true}]}}