{"id":5575,"date":"2020-07-11T12:45:32","date_gmt":"2020-07-11T15:45:32","guid":{"rendered":"https:\/\/revistaepocadigital.com.ar\/?p=5575"},"modified":"2020-07-11T12:45:32","modified_gmt":"2020-07-11T15:45:32","slug":"mario-ishii-para-fines-de-agosto-vamos-a-estar-en-una-situacion-como-la-del-2001","status":"publish","type":"post","link":"https:\/\/revistaepocadigital.com.ar\/?p=5575","title":{"rendered":"Mario Ishii, \u201cpara fines de agosto, vamos a estar en una situaci\u00f3n como la del 2001\u201d"},"content":{"rendered":"<p><strong>COMO JUEGAN LAS INTERNAS.<\/strong><!--more--><\/p>\n<p>Las fuertes declaraciones del intendente de Jos\u00e9 C. Paz, Mario Ishii.<\/p>\n<p>M\u00e1s all\u00e1 del ego e histrionismo del ministro de seguridad de la provincia de Buenos Aires, detr\u00e1s de la pelea de Sergio Berni con Sabina Frederic emerge como un fantasma asustador el temor al polvor\u00edn que se est\u00e1 generando en el conurbano bonaerense. Intendentes del segundo cord\u00f3n del Gran Buenos Aires vienen diciendo que <em>\u201cen 45 d\u00edas explota todo\u201d.<\/em><\/p>\n<p>El intendente de Jos\u00e9 C. Paz, Mario Ishii, el \u00fanico al que le toc\u00f3 ocupar el mismo cargo durante la crisis de diciembre 2001, donde hubo saqueos, muertes y todo tipo de hechos de violencia, coincide con los plazos del pron\u00f3stico: <em>\u201cPara fines de agosto, vamos a estar en una situaci\u00f3n como la del 2001\u201d.<\/em><\/p>\n<p>El Conurbano infinito donde se siguen creando nuevos asentamientos, aun con coronavirus, es el tal\u00f3n de Aquiles K. Jos\u00e9 C. Paz es el segundo partido m\u00e1s pobre del Conurbano despu\u00e9s de Florencia Varela, tambi\u00e9n es uno de los \u00faltimos partidos en constituirse, reci\u00e9n en 1994, cuando junto con los partidos de Malvinas Argentinas y San Miguel se dividieron el territorio que antes aglutinaba el partido de General Sarmiento. Al fundarse durante la presidencia de Menem, Jos\u00e9 C. Paz era mayormente campo y un casco urbano con calles de tierra. Como gran parte del segundo cord\u00f3n del Gran Buenos Aires, a poco de recuperar la democracia, cuando Alfons\u00edn fallidamente quiso detener su crecimiento mudando la capital al interior y premiando a las provincias m\u00e1s pobres con una Coparticipaci\u00f3n Federal mayor para que sus habitantes no emigraran al conurbano bonaerense.<\/p>\n<p>El intendente Ishii es uno de los \u00faltimos barones del Conurbano que lograron mantenerse en el cargo. Representante genuino del peronismo de \u201cpaladar negro\u201d al igual que los secretarios generales de los principales sindicatos, representa al peronismo m\u00e1s tradicional. Paradojas del destino, el nombre del municipio que comanda lleva el nombre del fundador del diario La Prensa, el que Per\u00f3n clausur\u00f3 por antiperonista.<\/p>\n<p>\u201c<em>Si no contamos con fuerzas federales, puede haber un desborde en materia de seguridad\u201d. \u201cSe nota que est\u00e1n en la calle muchos de los presos que liberaron. Y como no tienen trabajo, reinciden\u201d. \u201cHay que pensar que un preso sale y no tiene qu\u00e9 hacer. Va a su casa. Pasan uno o dos meses y sigue sin nada para hacer, y su costumbre es hacer otra cosa\u201d,<\/em> agreg\u00f3 el intendente.<\/p>\n<p><em>\u201cLos delincuentes tienen mejores motos que la polic\u00eda\u201d. \u201cCon la cuarentena la gente sale a la calle en estos veh\u00edculos a robar. A eso se suma la delincuencia que a la noche entra a domicilios\u201d.<\/em><\/p>\n<p>Ishii reconoci\u00f3 que \u201cs<em>i no hubiera llegado el coronavirus, no s\u00e9 si estar\u00edamos mucho mejor econ\u00f3micamente\u201d, y dej\u00f3 que abrieran los comercios durante todas las fases de cuarentena para que no desaparecieran m\u00e1s negocios de los que, aun pudiendo estar abiertos, dejaron de funcionar por falta de consumidores. De los 8 mil comercios de Jos\u00e9 C. Paz quedan 6.500, e Ishii cree que todav\u00eda falta lo peor. Jos\u00e9 C. Paz tiene una sola f\u00e1brica y \u201csi se funden los negocios, nos quedamos directamente sin fuentes de trabajo\u201d.<\/em><\/p>\n<p>Sobre cu\u00e1ndo aparecer\u00e1 el pico del malestar social, cree que ser\u00e1 \u201c<em>cuando empiecen a aparecer los muertos, cuando la gente vea a sus muertos, cuando haya gente que no sea atendida en los hospitales porque est\u00e1n desbordados\u201d<\/em>.<\/p>\n<p>Despu\u00e9s sobre la inseguridad reiter\u00f3: <em>\u201cLa polic\u00eda est\u00e1 desbordada. El mismo ministro Berni dice que est\u00e1 desbordada. Tiene raz\u00f3n. Tampoco cuenta con los m\u00f3viles como para poder trabajar\u201d. \u201cDeben venir las fuerzas federales. La gente va avanzando y no la van a poder parar. La gente avanza y si vos la dej\u00e1s, va a seguir as\u00ed. Si vos la par\u00e1s, pienso que se quedar\u00edan m\u00e1s tranquilos. En Jos\u00e9 C. Paz no se rob\u00f3 nunca a los bancos. Y hoy encontr\u00e1s que hay operativos de 20\/30 motos, con gente armada\u201d.<\/em><\/p>\n<p>Al intendente le preocupa tambi\u00e9n la toma de espacios menos custodiados, tambi\u00e9n por la cuarentena: <em>\u201cTengo filmado, por ejemplo, que hay zonas en las que se toman terrenos o viviendas que Mar\u00eda Eugenia Vidal dej\u00f3 sin terminar. Es una picard\u00eda. La mayor\u00eda de la gente que est\u00e1 tratando de tomar son extranjeros. En este \u00faltimo tiempo llegaron con m\u00e1s fuerza al distrito\u201d.<\/em><\/p>\n<p>El cristinismo es en cierta forma el partido del Conurbano y en su terreno puede estar su calvario. <em>\u201cCuando en 2001 explot\u00f3, fue por hambre. Salieron a saquear todos los negocios por comida. Hoy puedo asegurar que no es problema de comida\u201d. Hoy la mecha tiene otras motivaciones: \u201cLa bronca de la gente que est\u00e1 sin trabajar. Al estar mucho tiempo encerrados en casa, empiezan los conflictos. Es otro factor que aparece. Se nota que la gente se siente muy encerrada. Algunos est\u00e1n con mucha bronca y salen\u201d.<\/em><\/p>\n<p>Se difundieron versiones sobre que Macri estar\u00eda feliz viendo que la econom\u00eda va a un callej\u00f3n sin salida mejorando por comparaci\u00f3n lo que \u00e9l hizo, dijo el jefe comunal de Jos\u00e9 C. Paz, <em>&#8220;como si estuviera totalmente eximido de las causas que afectan al presente. Quienes lo conocen comentan que el desgaste de los \u00faltimos dos a\u00f1os afect\u00f3 parte de su percepci\u00f3n de la realidad. Esperemos que a Alberto Fern\u00e1ndez no le est\u00e9 pasando lo mismo ahora, cuando la Argentina atraviesa la situaci\u00f3n m\u00e1s compleja de este siglo, que ya tuvo un comienzo dif\u00edcil y del que nunca se recuper\u00f3 del todo&#8221;.<\/em><\/p>\n<p>Foto: gentileza zonanortehoy<\/p>\n","protected":false},"excerpt":{"rendered":"<p>COMO JUEGAN LAS INTERNAS.<\/p>\n","protected":false},"author":3,"featured_media":5578,"comment_status":"open","ping_status":"open","sticky":false,"template":"","format":"standard","meta":{"footnotes":"","jetpack_publicize_message":"","jetpack_publicize_feature_enabled":true,"jetpack_social_post_already_shared":false,"jetpack_social_options":{"image_generator_settings":{"template":"highway","default_image_id":0,"font":"","enabled":false},"version":2}},"categories":[17],"tags":[753],"class_list":["post-5575","post","type-post","status-publish","format-standard","has-post-thumbnail","hentry","category-politica","tag-intendente-jose-c-paz"],"jetpack_publicize_connections":[],"jetpack_featured_media_url":"https:\/\/revistaepocadigital.com.ar\/wp-content\/uploads\/2020\/07\/f800x450-69186_120632_18.jpg","jetpack_likes_enabled":true,"_links":{"self":[{"href":"https:\/\/revistaepocadigital.com.ar\/index.php?rest_route=\/wp\/v2\/posts\/5575","targetHints":{"allow":["GET"]}}],"collection":[{"href":"https:\/\/revistaepocadigital.com.ar\/index.php?rest_route=\/wp\/v2\/posts"}],"about":[{"href":"https:\/\/revistaepocadigital.com.ar\/index.php?rest_route=\/wp\/v2\/types\/post"}],"author":[{"embeddable":true,"href":"https:\/\/revistaepocadigital.com.ar\/index.php?rest_route=\/wp\/v2\/users\/3"}],"replies":[{"embeddable":true,"href":"https:\/\/revistaepocadigital.com.ar\/index.php?rest_route=%2Fwp%2Fv2%2Fcomments&post=5575"}],"version-history":[{"count":0,"href":"https:\/\/revistaepocadigital.com.ar\/index.php?rest_route=\/wp\/v2\/posts\/5575\/revisions"}],"wp:featuredmedia":[{"embeddable":true,"href":"https:\/\/revistaepocadigital.com.ar\/index.php?rest_route=\/wp\/v2\/media\/5578"}],"wp:attachment":[{"href":"https:\/\/revistaepocadigital.com.ar\/index.php?rest_route=%2Fwp%2Fv2%2Fmedia&parent=5575"}],"wp:term":[{"taxonomy":"category","embeddable":true,"href":"https:\/\/revistaepocadigital.com.ar\/index.php?rest_route=%2Fwp%2Fv2%2Fcategories&post=5575"},{"taxonomy":"post_tag","embeddable":true,"href":"https:\/\/revistaepocadigital.com.ar\/index.php?rest_route=%2Fwp%2Fv2%2Ftags&post=5575"}],"curies":[{"name":"wp","href":"https:\/\/api.w.org\/{rel}","templated":true}]}}