{"id":5584,"date":"2020-07-08T13:02:02","date_gmt":"2020-07-08T16:02:02","guid":{"rendered":"https:\/\/revistaepocadigital.com.ar\/?p=5584"},"modified":"2020-07-11T13:03:08","modified_gmt":"2020-07-11T16:03:08","slug":"pandemia-tiempos-de-acompanamiento-oportunidades-y-sufrimientos","status":"publish","type":"post","link":"https:\/\/revistaepocadigital.com.ar\/?p=5584","title":{"rendered":"Pandemia, tiempos de acompa\u00f1amiento, oportunidades y sufrimientos"},"content":{"rendered":"<p><strong>A PROP\u00d2SITO DEL A\u00d1O IN\u00c9DITO Y ANGUSTIANTE QUE ATRAVESAMOS.<\/strong><!--more--><\/p>\n<p>EPOCA dialog\u00f3 con <strong>Jos\u00e9 Luis Hermida;<\/strong> el gerente de la cooperativa<strong> Cepral,<\/strong> cuya sede central se encuentra en Parada Robles, como es sabido, repas\u00f3 lo que ha venido sucediendo, preocupado pero con una mirada que entiende que tambi\u00e9n son tiempos para avisorar un futuro con buenas perspectivas. La entidad cooperativista viene prestando desde hace mucho, un creciente n\u00famero de servicios y tambi\u00e9n desde ya, vivev los duros avatares de la realidad argentina.<\/p>\n<p>-\u00bfC\u00f3mo transita la cooperativa un tiempo tan cr\u00edtico como el que atraviesa el pa\u00eds y desde ya Exaltaci\u00f3n de la Cruz?<br \/>\n<em>-Y, no son f\u00e1ciles los d\u00edas que nos tocan transitar como sociedad, sin dudas. A su vez nos hemos encontrado con situaciones y formas que representan nuevas palabras y nuevas costumbres, que hemos tenido que incorporar a nuestra cotidianeidad tales como pandemia y aislamiento con todo lo que esto implica en una familia, en una comunidad. Jam\u00e1s hubieramos pensado en saludarnos sin darnos un beso, sin un abrazo y menos a\u00fan con un apret\u00f3n de manos. Sin embargo hemos debido modificar la forma de vida tradicional, ante los tan dif\u00edciles que vivimos todos.<\/em><\/p>\n<p>-\u00bfY en ese sentido cual ha sido la postura de la cooperativa hacia los vecinos, los clientes?<br \/>\n<em>-Desde Cepral sentimos que deb\u00edamos estar m\u00e1s cerca de nuestros vecinos y es por lo que, una vez m\u00e1s, apostamos al ACOMPA\u00d1AMIENTO, de esa forma entre otros pasos dados, modernizamos nuestra p\u00e1gina web (www.cepral.coop), para que nuestros usuarios no tengan que moverse de sus casas para comunicarse con nosotros. De esta forma desde la p\u00e1gina en internet, pueden CONTACTARSE, CONCRETAR UNA CITA SI FUERA NECESARIO, SOLICITAR TURNOS, RECIBIR SUS FACTURAS VIA MAIL Y PAGARLAS EN NUESTRA OFICINA VIRTUAL. Adem\u00e1s permite estar informados de las \u00faltimas novedades respecto de nuestro hacer y de muchas cosas m\u00e1s<\/em>.<\/p>\n<p>-\u00bfHan aumentado los costos de los servicios?<br \/>\n<em>-Primero quiero destacar que pusimos a disposici\u00f3n de los usuarios el n\u00famero telef\u00f3nico 02323-478777; exclusivo para el pago telef\u00f3nico de facturas.Y en cuantoa a los costos, este Consejo Directivo de CEPRAL, tom\u00f3 la decisi\u00f3n de no aumentar nuestros servicios de INTERNET; de esa forma hemos mantenido los mismos precios que reg\u00edan en febrero de 2019, con la salvedad que en esos momentos la cotizaci\u00f3n del d\u00f3lar apenas llegaba a 38 pesos<\/em>.<\/p>\n<p>_Acerca de lo que menciona, \u00bfque puede decir acerca de eventuales aumentos?<br \/>\n<em>-A ver, m\u00e1s que nunca sabemos que en este momento debemos mantener los planes de pago en todos nuestros servicios, y as\u00ed lo hacemos. En este aspecto, vale recordar por ejemplo, que en el caso de las tarifas de luz, la \u00faltima vez que se actualizaron fue en diciembre. El anterior gobierno hab\u00eda establecido aumentos en febrero, agosto y diciembre. Bueno, el de agosto se aplic\u00f3 en diciembre y cuando asumi\u00f3 el actual gobierno, lo dej\u00f3 sin efecto. En estos momentos, las tarifas de luz por decisi\u00f3n del gobierno nacional y provincial, contin\u00faan congeladas hasta fin de a\u00f1o cuando, habr\u00e1 un revisi\u00f3n integral de tarifas. No, as\u00ed como las tarifas est\u00e1n congeladas, tampoco se puede cortar el servicio de luz, (tampoco el de agua y desagues cloacales) por decisi\u00f3n de las autoridades de la Provincia.Tema este \u00faltimo sobre el que se menciona que a fin de junio, podr\u00edan darse algunas modificaciones.<\/em><\/p>\n<p>-\u00bfCon que perspectivas vislumbra el futuro luego de que pueda superarse semejante pandemia?<br \/>\n<em>-Cuando pienso en el tema, hablo de OPORTUNIDADES. \u00bfPor que?, porqu\u00e9 en Cepral creemos que hasta en los peores momentos, no hay que bajar los brazos y en cambio s\u00ed, seguir apostando. Apostando a tener m\u00e1s y mejores servicios. Una muestra de lo que sostengo, es que durante la cuarentena hemos terminado el tendido de la red de Fibra \u00d3ptica en Parada Robles, obra que hab\u00edamos prometido en octubre de 2019. Y esta concreci\u00f3n, lejos de ser una casualidad, habla de nuestro compromiso, y muy pronto estar\u00e1 en funcionamiento brindando un mejor servicio. Luego de arduas negociaciones, hemos aumentado la capacidad de distribuci\u00f3n de nuestro ancho de banda con nuestros proveedores, lo que nos demand\u00f3 importantes inversiones pero que ya se ve reflejado en la calidad de servicio. Por otro lado, comenzamos una negociaci\u00f3n que, si Dios quiere, muy pronto la vamos a estar anunciando. Proyecto que seguramente marcar\u00e1 una nueva era en CEPRAL.<\/em><\/p>\n<p>_\u00bfC\u00f3mo es el quehacer diario en la cooperativa, habida cuenta que estamos transitando debido al coronavirus?<br \/>\n&#8211;<em>Es innegable que atravesamos una etapa de SUFRIMIENTO, como todos. Es una etapa de aristas poco claras, donde la incertidumbre es lo \u00fanico cierto que vislumbramos. Quienes tenemos el honor y la responsabilidad de llevar a nuestra cooperativa adelante en esta tormenta, debemos agudizar todos los sentidos para poder cumplir con la mayor responsabilidad nuestra misi\u00f3n. Realmente todo resulta muy complejo para el funcionamiento de la cooperativa, como tambi\u00e9n ocurre en otros sectores. En nuestro caso, nos encontramos con un escenario donde se suman la ca\u00edda de la recaudaci\u00f3n que percibe CEPRAL en m\u00e1s del 50 %, con tarifas congeladas, cadenas de pagos cortadas, falta de cr\u00e9ditos, obligaciones con nuestros proveedores, sueldos, cargas sociales y una larga lista de etc\u00e9teras, HOY ESTAMOS OBLIGADOS A VENDER, PERO NO A COBRAR, CON TODO LO QUE ELLO NOS TRAE APAREJADO (resalt\u00f3). A\u00fan en estas tan complicadas circunstancias, no podemos perder de vista que somos una cooperativa. y es lo que nos distingue de otro tipo de organizaciones privadas. Por eso vale la pena enfatizar en consideraciones que resultan muy imporantes ante el SUFRIMIENTO DE NUESTRA COMUNIDAD, por eso PRIORIZAMOS EL ACOMPA\u00d1AMIENTO, LAS OPORTUNIDADES, Y DEJAMOS PARA LO ULTIMO LA SITUACI\u00d3N ADVERSA QUE ESTAMOS ATRAVESANDO.<\/em><\/p>\n<p>Foto: Gentileza FM Boreal.<\/p>\n","protected":false},"excerpt":{"rendered":"<p>A PROP\u00d2SITO DEL A\u00d1O IN\u00c9DITO Y ANGUSTIANTE QUE ATRAVESAMOS.<\/p>\n","protected":false},"author":4,"featured_media":5588,"comment_status":"open","ping_status":"open","sticky":false,"template":"","format":"standard","meta":{"footnotes":"","jetpack_publicize_message":"","jetpack_publicize_feature_enabled":true,"jetpack_social_post_already_shared":false,"jetpack_social_options":{"image_generator_settings":{"template":"highway","default_image_id":0,"font":"","enabled":false},"version":2}},"categories":[5,13],"tags":[],"class_list":["post-5584","post","type-post","status-publish","format-standard","has-post-thumbnail","hentry","category-aqui-parada-robles","category-interes-general"],"jetpack_publicize_connections":[],"jetpack_featured_media_url":"https:\/\/revistaepocadigital.com.ar\/wp-content\/uploads\/2020\/07\/hermida-boreal.jpg","jetpack_likes_enabled":true,"_links":{"self":[{"href":"https:\/\/revistaepocadigital.com.ar\/index.php?rest_route=\/wp\/v2\/posts\/5584","targetHints":{"allow":["GET"]}}],"collection":[{"href":"https:\/\/revistaepocadigital.com.ar\/index.php?rest_route=\/wp\/v2\/posts"}],"about":[{"href":"https:\/\/revistaepocadigital.com.ar\/index.php?rest_route=\/wp\/v2\/types\/post"}],"author":[{"embeddable":true,"href":"https:\/\/revistaepocadigital.com.ar\/index.php?rest_route=\/wp\/v2\/users\/4"}],"replies":[{"embeddable":true,"href":"https:\/\/revistaepocadigital.com.ar\/index.php?rest_route=%2Fwp%2Fv2%2Fcomments&post=5584"}],"version-history":[{"count":0,"href":"https:\/\/revistaepocadigital.com.ar\/index.php?rest_route=\/wp\/v2\/posts\/5584\/revisions"}],"wp:featuredmedia":[{"embeddable":true,"href":"https:\/\/revistaepocadigital.com.ar\/index.php?rest_route=\/wp\/v2\/media\/5588"}],"wp:attachment":[{"href":"https:\/\/revistaepocadigital.com.ar\/index.php?rest_route=%2Fwp%2Fv2%2Fmedia&parent=5584"}],"wp:term":[{"taxonomy":"category","embeddable":true,"href":"https:\/\/revistaepocadigital.com.ar\/index.php?rest_route=%2Fwp%2Fv2%2Fcategories&post=5584"},{"taxonomy":"post_tag","embeddable":true,"href":"https:\/\/revistaepocadigital.com.ar\/index.php?rest_route=%2Fwp%2Fv2%2Ftags&post=5584"}],"curies":[{"name":"wp","href":"https:\/\/api.w.org\/{rel}","templated":true}]}}