{"id":5607,"date":"2020-06-20T21:38:02","date_gmt":"2020-06-21T00:38:02","guid":{"rendered":"https:\/\/revistaepocadigital.com.ar\/?p=5607"},"modified":"2020-07-14T21:44:36","modified_gmt":"2020-07-15T00:44:36","slug":"el-coronavirus-porque-no-impulso-la-nueva-obra","status":"publish","type":"post","link":"https:\/\/revistaepocadigital.com.ar\/?p=5607","title":{"rendered":"EL CORONAVIRUS, PORQUE NO, IMPULS\u00d3 LA NUEVA OBRA."},"content":{"rendered":"<p>KKKKKK.<!--more--><\/p>\n<p>La pandemia que ha cambiado al mundo, tambi\u00e9n dio vuelta muchos planes personales, empresariales y en la funci\u00f3n p\u00fablica inclusive. Los par\u00e1metros con que comenz\u00f3 la gesti\u00f3n municipal encabezada por Diego Nanni, as\u00ed como las estrategias y posturas de la oposici\u00f3n, han visto como el coronavirus ha cambiado muchos estereotipos.<\/p>\n<p>La salud p\u00fablica es obvio, ante la situaci\u00f3n reinante, el principal foco para la administraci\u00f3n nacional, provincial y municipal, sin dejar de ocuparse de cuestiones perentorios y tambien centrales, como resultan ser la econom\u00eda y los factores sociales.<\/p>\n<p>En Exaltaci\u00f3n de la Cruz, mientras desde el municipio est\u00e1n abocados al coronavirus a diario, la pretensi\u00f3n del municipio es finalizar en un plazo breve, la nueva ampliaci\u00f3n del Hospital San Jos\u00e9. Obra que se encuentra en la fase final.<\/p>\n<p>&#8220;Es una obra que nos viene demandando un gran esfuerzo, m\u00e1s a\u00fan en los actuales momentos, pero estamos en la etapa final&#8221;, ha dicho a EPOCA el intendente Diego Nanni. La obra ha demandado una inversi\u00f3n de 1,5 millones de pesos y va a permitir, dividir al hospital en dos alas sin contacto alguno. En una se encontrar\u00e1n pacientes con afecciones respiradtorias y\/o coronavirus y, en la restante, pacientes con diferentes patolog\u00edas.<\/p>\n<p>Con la ampliaci\u00f3n del hospital, como queda dicho, se dividen a los pacientes en respectivos sectores, que adem\u00e1s no van a estar en contacto alguno. &#8220;Las patolog\u00edas respiratorias ingresar\u00e1n por la entrada nueva de la calle Urcelay, en cuyo sector adem\u00e1s se prepararon salas para aislamientos. En tanto, los dem\u00e1s pacientes ingresar\u00e1n a nuestro hospital como es habitual, por la entrada sobre la calle Ameghino donde se encuentran las guardias m\u00e9dicas&#8221;, apunt\u00f3 Nanni.<\/p>\n<p>A su vez, se supo que ha sido optimizado el sector de terapia intensiva, y han de colocarse 32 camas nuevas en el actual sector de consultorios externos que se convertir\u00e1n en habitaciones; a lo mencionado se sumar\u00e1n 24 camas al Sector C y 8 camas m\u00e1s en la unidad de terapia intensiva.<\/p>\n<p>La actividad febril en la obra del hospital, ha llevado a que distintas colaboraciones, en tal sentido se ha percibido a Guillermo Flores, ex secretario general de coordinaci\u00f3n del municipio durante la gesti\u00f3n de Adri\u00e1n S\u00e1nchez.<\/p>\n<p>Sobre su rol en el emprendimiento actual en el centro asistencial exaltacruce\u00f1o,, el intendente Nanni dicho que &#8220;Guillermo Flores no tiene cumple funci\u00f3n en la obra del hospital en estos momentos, sin dudas estuvo muy abocado a la misma durante el mandato anterior de Adri\u00e1n S\u00e1nchez, desde ya aportando sus conocimientos y experiencia. Pero en la actualidad, en lo referido a la obra en s\u00ed misma, y habida cuenta de la aparici\u00f3n del coronavirus, hemos debido cambiar varios par\u00e1metros, criterios y objetivos de la obra respecto a los que manej\u00f3 Guillermo en la gesti\u00f3n anterior y no desempe\u00f1a funciones en este sentido&#8221;, explic\u00f3 el intendente Nanni. Destac\u00f3 el intendente acerca de Flores, el rol que tuvo en la concreci\u00f3n de la donaci\u00f3n de 17 &#8220;excelentes camas para el hospital que efectuara el empresario vecino de nuestro distrito Sebasti\u00e1n Eskenazi&#8221;<\/p>\n<p>Admiti\u00f3 Nanni sin dudar que &#8220;la situaci\u00f3n que atraviesa el mundo, la Argentina, la provincia, debido al COVID-19, es realmente muy compleja. En Exaltaci\u00f3n de la Cruz obviamente, tambi\u00e9n padecemos este presente que tanto preocupa y complica a todos. De todas formas, como dije, continuamos adelante, luchando&#8221;.<\/p>\n<p>EL PAGO DE LOS SUELDOS.<\/p>\n<p>Remarc\u00f3 luego el intendente otra complicaci\u00f3n marcada a prop\u00f3sito del coronavirus y la instalaci\u00f3n imprescindible de la cuarentena, &#8220;al reducirse actividades habituales, en el caso de Exaltaci\u00f3n de la Cruz, nos ha bajado la recaudaci\u00f3n de tasas municipales en un 50%. Recibimos aporte del gobierno provincial con el que estamos trabajando en conjunto en diferentes temas, y aguardamos otros aportes m\u00e1s como para atender necesidades y el pago de los sueldos; se avecinan tiempos muy complejos&#8221;.<\/p>\n<p>Acerca de si en el municipio analizan medidas para reducir costos ante el cr\u00edtico momento, Nanni expres\u00f3, &#8220;m\u00e1s all\u00e1 que podamos fijar algunas medidas para achicar costos, los salarios de todo el personal municipal, se continuar\u00e1n abonando como hasta ahora en su totalidad&#8221;.<\/p>\n","protected":false},"excerpt":{"rendered":"<p>KKKKKK.<\/p>\n","protected":false},"author":4,"featured_media":5727,"comment_status":"open","ping_status":"open","sticky":false,"template":"","format":"standard","meta":{"footnotes":"","jetpack_publicize_message":"","jetpack_publicize_feature_enabled":true,"jetpack_social_post_already_shared":false,"jetpack_social_options":{"image_generator_settings":{"template":"highway","default_image_id":0,"font":"","enabled":false},"version":2}},"categories":[17],"tags":[66,639],"class_list":["post-5607","post","type-post","status-publish","format-standard","has-post-thumbnail","hentry","category-politica","tag-nanni","tag-pandemia"],"jetpack_publicize_connections":[],"jetpack_featured_media_url":"https:\/\/revistaepocadigital.com.ar\/wp-content\/uploads\/2020\/07\/NANNI-INAU-HOSP20.jpg","jetpack_likes_enabled":true,"_links":{"self":[{"href":"https:\/\/revistaepocadigital.com.ar\/index.php?rest_route=\/wp\/v2\/posts\/5607","targetHints":{"allow":["GET"]}}],"collection":[{"href":"https:\/\/revistaepocadigital.com.ar\/index.php?rest_route=\/wp\/v2\/posts"}],"about":[{"href":"https:\/\/revistaepocadigital.com.ar\/index.php?rest_route=\/wp\/v2\/types\/post"}],"author":[{"embeddable":true,"href":"https:\/\/revistaepocadigital.com.ar\/index.php?rest_route=\/wp\/v2\/users\/4"}],"replies":[{"embeddable":true,"href":"https:\/\/revistaepocadigital.com.ar\/index.php?rest_route=%2Fwp%2Fv2%2Fcomments&post=5607"}],"version-history":[{"count":0,"href":"https:\/\/revistaepocadigital.com.ar\/index.php?rest_route=\/wp\/v2\/posts\/5607\/revisions"}],"wp:featuredmedia":[{"embeddable":true,"href":"https:\/\/revistaepocadigital.com.ar\/index.php?rest_route=\/wp\/v2\/media\/5727"}],"wp:attachment":[{"href":"https:\/\/revistaepocadigital.com.ar\/index.php?rest_route=%2Fwp%2Fv2%2Fmedia&parent=5607"}],"wp:term":[{"taxonomy":"category","embeddable":true,"href":"https:\/\/revistaepocadigital.com.ar\/index.php?rest_route=%2Fwp%2Fv2%2Fcategories&post=5607"},{"taxonomy":"post_tag","embeddable":true,"href":"https:\/\/revistaepocadigital.com.ar\/index.php?rest_route=%2Fwp%2Fv2%2Ftags&post=5607"}],"curies":[{"name":"wp","href":"https:\/\/api.w.org\/{rel}","templated":true}]}}