{"id":5626,"date":"2020-05-14T18:41:51","date_gmt":"2020-05-14T21:41:51","guid":{"rendered":"https:\/\/revistaepocadigital.com.ar\/?p=5626"},"modified":"2020-07-14T21:47:21","modified_gmt":"2020-07-15T00:47:21","slug":"sancho-presos","status":"publish","type":"post","link":"https:\/\/revistaepocadigital.com.ar\/?p=5626","title":{"rendered":"SANCHO ANTE LOS PRESOS EN LIBERTAD"},"content":{"rendered":"<p><strong>MUY DISCONFORME, MOLESTO.<\/strong><!--more--><\/p>\n<p>As\u00ed es la forma en que se lo ha notado a <strong>Ra\u00fal Sancho<\/strong>, concejal de Juntos por el Cambio y al frente de Cambiemos en Exaltaci\u00f3n de la Cruz, luego que en Concejo Deliberante rechazara el proyecto de comunicaci\u00f3n presentado por su bancada respeto al repudio por la liberaci\u00f3n de presos que se ha venido dando en carceles de distintos puntos del pa\u00eds. Medida que provoc\u00f3 fuerte pol\u00e9mica y cr\u00edticas de gran parte de la poblaci\u00f3n.<\/p>\n<p>&#8220;Lamentable, con el voto del oficialismo el Concejo Deliberante, rechaz\u00f3 el repudio a la liberaci\u00f3n de presos!&#8221;, ha dicho Sancho. En la reciente sesi\u00f3n del HCD &#8220;gracias al voto de los 8 concejales del Frente de Todos, Unidad Ciudadana y Defensa Comunal, el HCD rechaz\u00f3 el repudio a la liberaci\u00f3n masiva de presos que se est\u00e1 llevando adelante&#8221;, afirm\u00f3 con marcada molestia Sancho.<\/p>\n<p>&#8220;Sostenemos con firmeza la posici\u00f3n a favor de las v\u00edctimas, de sus familias y de la enorme mayor\u00eda de la sociedad, que se ha manifestado en contra de esta verdadera locura que no queremos que llegue a Exaltaci\u00f3n de la Cruz&#8221;, enfatiz\u00f3 apoy\u00e1ndose en m\u00faltiples manifestaciones por distintos medios, en especial a traves de las redes sociales, de argentinos que han observado con asombro, malestar, indignaci\u00f3n y preocupaci\u00f3n, las liberaciones otorgadas a personas encarceladas en carceles, entre las que se han encontrado 176 violadores. En tal sentido, portal infobae ha publicado que una jueza de Quilmes asegur\u00f3 que ya liberaron a 176 violadores, con la excusa del coronavirus. Adem\u00e1s revel\u00f3 que que en apenas 24 horas se concedieron m\u00e1s excarcelaciones que que en todo el 2018&#8243;.<\/p>\n<p>En cuanto al tratamiento del proyecto presentado por el bloque de Juntos por el Cambio en el HCD, al momento de votar los concejales acerca del repudio a las excarcelaciones, votaron de esta manera, de acuerdo a lo informado por Sancho a EPOCA. Sin dudas, el oficialismo alineado en una postura politica, m\u00e1s all\u00e1 del pensamiento de la gran mayor\u00eda de los vecinos del distrito.<\/p>\n<p>1)-Christian Alonso (Unidad Ciudadana) negativo<br \/>\n2)-Gustavo Candia (Defensa Comunal) negativo<br \/>\n3)-Mart\u00edn David (DC) presidente del HCD. negativo<br \/>\n4)-Daniela Dichiara (DC) abstenci\u00f3n.<br \/>\n5)-Galeano (DC) abstenci\u00f3n<br \/>\n6)-Patricia Guglielmotti (DC) abstenci\u00f3n<br \/>\n7)-Gonz\u00e1lez (Juntos por el Cambio) Positivo<br \/>\n8)-Ariel Herling (JxC) positivo<br \/>\n9)-Veronica Ludwig Dreier positivo<br \/>\n10)-Emmanuel Martinez (Unidad Ciudadana) negativo<br \/>\n11)-Adriana Melo (UC) negativo<br \/>\n12)-Silvio Noriega (JxC) positivo<br \/>\n13)-Ra\u00fal Sancho (JxC) positivo<br \/>\n14)-Susana Aguilar ausente.<\/p>\n<p>&#8220;En el per\u00edodo actual, la conformaci\u00f3n del HCD luego de las elecciones del a\u00f1o pasado, ha quedado conformado por 9 concejales &#8220;oficialistas&#8221; si se suman a los de Defensa Comunal, Unidad Ciudadana y a Susana Aguilar, quien se pas\u00f3 de bando de forma expresa a fin del a\u00f1o 2019&#8243;, desliz\u00f3 Sancho a modo de &#8220;lectura pol\u00edtica&#8221; sobre el funcionamieno del HCD. Luego apunt\u00f3, &#8220;de los concejales que se abstuvieron, ni siquiera manifestaron sus motivos o razones, y en cuanto al concejal David, en primera instancia se abstuvo y luego cuando debi\u00f3 desempatar la votaci\u00f3n, lo hizo por la negativa. Y el intendente Nanni antes que se votara, sac\u00f3 un comunicado diciendo que iba hacer lo que nosotros estabamos solicitando, sin embargo se expres\u00f3 en contra y dijo que iba a pedir informaci\u00f3n a organismos&#8221;.<\/p>\n<p>&nbsp;<\/p>\n<p>Foto portada: gentileza El Lugare\u00f1o<\/p>\n","protected":false},"excerpt":{"rendered":"<p>MUY DISCONFORME, MOLESTO.<\/p>\n","protected":false},"author":4,"featured_media":5706,"comment_status":"open","ping_status":"open","sticky":false,"template":"","format":"standard","meta":{"footnotes":"","jetpack_publicize_message":"","jetpack_publicize_feature_enabled":true,"jetpack_social_post_already_shared":false,"jetpack_social_options":{"image_generator_settings":{"template":"highway","default_image_id":0,"font":"","enabled":false},"version":2}},"categories":[17],"tags":[379,724,256],"class_list":["post-5626","post","type-post","status-publish","format-standard","has-post-thumbnail","hentry","category-politica","tag-hcd","tag-presos","tag-sancho"],"jetpack_publicize_connections":[],"jetpack_featured_media_url":"https:\/\/revistaepocadigital.com.ar\/wp-content\/uploads\/2020\/07\/images.jpg","jetpack_likes_enabled":true,"_links":{"self":[{"href":"https:\/\/revistaepocadigital.com.ar\/index.php?rest_route=\/wp\/v2\/posts\/5626","targetHints":{"allow":["GET"]}}],"collection":[{"href":"https:\/\/revistaepocadigital.com.ar\/index.php?rest_route=\/wp\/v2\/posts"}],"about":[{"href":"https:\/\/revistaepocadigital.com.ar\/index.php?rest_route=\/wp\/v2\/types\/post"}],"author":[{"embeddable":true,"href":"https:\/\/revistaepocadigital.com.ar\/index.php?rest_route=\/wp\/v2\/users\/4"}],"replies":[{"embeddable":true,"href":"https:\/\/revistaepocadigital.com.ar\/index.php?rest_route=%2Fwp%2Fv2%2Fcomments&post=5626"}],"version-history":[{"count":0,"href":"https:\/\/revistaepocadigital.com.ar\/index.php?rest_route=\/wp\/v2\/posts\/5626\/revisions"}],"wp:featuredmedia":[{"embeddable":true,"href":"https:\/\/revistaepocadigital.com.ar\/index.php?rest_route=\/wp\/v2\/media\/5706"}],"wp:attachment":[{"href":"https:\/\/revistaepocadigital.com.ar\/index.php?rest_route=%2Fwp%2Fv2%2Fmedia&parent=5626"}],"wp:term":[{"taxonomy":"category","embeddable":true,"href":"https:\/\/revistaepocadigital.com.ar\/index.php?rest_route=%2Fwp%2Fv2%2Fcategories&post=5626"},{"taxonomy":"post_tag","embeddable":true,"href":"https:\/\/revistaepocadigital.com.ar\/index.php?rest_route=%2Fwp%2Fv2%2Ftags&post=5626"}],"curies":[{"name":"wp","href":"https:\/\/api.w.org\/{rel}","templated":true}]}}