{"id":5709,"date":"2020-07-14T20:51:14","date_gmt":"2020-07-14T23:51:14","guid":{"rendered":"https:\/\/revistaepocadigital.com.ar\/?p=5709"},"modified":"2020-07-14T20:51:14","modified_gmt":"2020-07-14T23:51:14","slug":"un-vecino-muestra-como-le-hacen-el-hisopado","status":"publish","type":"post","link":"https:\/\/revistaepocadigital.com.ar\/?p=5709","title":{"rendered":"UN VECINO MUESTRA COMO LE HACEN EL HISOPADO"},"content":{"rendered":"<p><strong>RODRIGO BERETTA<\/strong>.<!--more--><\/p>\n<p>Maestro pizzero, propietario de un comercio tradicional en Capilla del Se\u00f1or, Julien&#8217;s Pizza Libre. En tiempos de pandemia, se someti\u00f3 al hisopado y decidi\u00f3 en su muro en la red social Facebook, mostrarlo. as\u00ed cont\u00f3 la experiencia.<\/p>\n<p><em>&#8220;Me toc\u00f3 pasar por esta situaci\u00f3n, y decid\u00ed grabarlo ya que no se si muchos toman conciencia de lo feo y doloroso que es. Dem\u00e1s est\u00e1 decir que peor es ser <\/em>(caso) <em>positivo. A mi reci\u00e9n me llamaron desde Atenci\u00f3n Primaria para avisarme que mi hisopado dio NEGATIVO. Por eso decid\u00ed subirlo&#8221;<\/em>.<\/p>\n<p>Despu\u00e9s se\u00f1al\u00f3, <em>&#8220;s\u00f3lo tuve tos y un estado gripal, pero ante la duda se decidi\u00f3 hacer el hisopado. Espero que estos videos sirvan para que nos cuidemos un poco m\u00e1s!!!. Abrazo para todos y perd\u00f3n a los que por ah\u00ed se asustaron, y hab\u00edan estado en contacto conmigo en el d\u00eda de ayer (13-7) los cuales fueron avisados de inmediato como corresponde&#8221;.<\/em><\/p>\n<div class=\"y_15hheo24np _5eit a_15hhen-ywi clearfix\">\n<div class=\"clearfix t_15hheo23km\">\n<div class=\"_38vo\">\n<div><\/div>\n<\/div>\n<div class=\"clearfix _42ef\">\n<div class=\"rfloat _ohf\"><\/div>\n<\/div>\n<\/div>\n<\/div>\n<div class=\"fb-video\" data-allowfullscreen=\"true\" data-href=\"https:\/\/www.facebook.com\/rodrigo.beretta.90\/videos\/3395880400443422\/?t=2\" style=\"background-color: #fff; display: inline-block;\"><\/div>\n<p>&nbsp;<\/p>\n<div class=\"fb-video\" data-allowfullscreen=\"true\" data-href=\"https:\/\/www.facebook.com\/rodrigo.beretta.90\/videos\/3395886703776125\/?t=4\" style=\"background-color: #fff; display: inline-block;\"><\/div>\n","protected":false},"excerpt":{"rendered":"<p>RODRIGO BERETTA.<\/p>\n","protected":false},"author":4,"featured_media":5710,"comment_status":"open","ping_status":"open","sticky":false,"template":"","format":"standard","meta":{"footnotes":"","jetpack_publicize_message":"","jetpack_publicize_feature_enabled":true,"jetpack_social_post_already_shared":false,"jetpack_social_options":{"image_generator_settings":{"template":"highway","default_image_id":0,"font":"","enabled":false},"version":2}},"categories":[14],"tags":[37,768],"class_list":["post-5709","post","type-post","status-publish","format-standard","has-post-thumbnail","hentry","category-la-gente","tag-destacada","tag-hisopado"],"jetpack_publicize_connections":[],"jetpack_featured_media_url":"https:\/\/revistaepocadigital.com.ar\/wp-content\/uploads\/2020\/07\/beretta.jpg","jetpack_likes_enabled":true,"_links":{"self":[{"href":"https:\/\/revistaepocadigital.com.ar\/index.php?rest_route=\/wp\/v2\/posts\/5709","targetHints":{"allow":["GET"]}}],"collection":[{"href":"https:\/\/revistaepocadigital.com.ar\/index.php?rest_route=\/wp\/v2\/posts"}],"about":[{"href":"https:\/\/revistaepocadigital.com.ar\/index.php?rest_route=\/wp\/v2\/types\/post"}],"author":[{"embeddable":true,"href":"https:\/\/revistaepocadigital.com.ar\/index.php?rest_route=\/wp\/v2\/users\/4"}],"replies":[{"embeddable":true,"href":"https:\/\/revistaepocadigital.com.ar\/index.php?rest_route=%2Fwp%2Fv2%2Fcomments&post=5709"}],"version-history":[{"count":0,"href":"https:\/\/revistaepocadigital.com.ar\/index.php?rest_route=\/wp\/v2\/posts\/5709\/revisions"}],"wp:featuredmedia":[{"embeddable":true,"href":"https:\/\/revistaepocadigital.com.ar\/index.php?rest_route=\/wp\/v2\/media\/5710"}],"wp:attachment":[{"href":"https:\/\/revistaepocadigital.com.ar\/index.php?rest_route=%2Fwp%2Fv2%2Fmedia&parent=5709"}],"wp:term":[{"taxonomy":"category","embeddable":true,"href":"https:\/\/revistaepocadigital.com.ar\/index.php?rest_route=%2Fwp%2Fv2%2Fcategories&post=5709"},{"taxonomy":"post_tag","embeddable":true,"href":"https:\/\/revistaepocadigital.com.ar\/index.php?rest_route=%2Fwp%2Fv2%2Ftags&post=5709"}],"curies":[{"name":"wp","href":"https:\/\/api.w.org\/{rel}","templated":true}]}}