{"id":5718,"date":"2020-07-14T21:14:19","date_gmt":"2020-07-15T00:14:19","guid":{"rendered":"https:\/\/revistaepocadigital.com.ar\/?p=5718"},"modified":"2020-07-14T21:14:20","modified_gmt":"2020-07-15T00:14:20","slug":"delincuentes-detenidos-en-el-barrio-de-pavon-la-policia-secuestro-un-arma-de-grueso-calibre","status":"publish","type":"post","link":"https:\/\/revistaepocadigital.com.ar\/?p=5718","title":{"rendered":"Delincuentes detenidos en el Barrio de Pav\u00f3n, la polic\u00eda secuestr\u00f3 un arma de grueso calibre"},"content":{"rendered":"<p><strong>CON ALLANAMIENTOS.<\/strong><!--more--><\/p>\n<p>Los allanamientos se dieron en el contexto de un trabajo en conjunto entre las fuerzas de seguridad de Exaltaci\u00f3n y Pilar, se hall\u00f3 en el lugar una pistola Bersa 9 mil\u00edmetros, los aprehendidos ven\u00edan siendo investigados por cr\u00edmenes ocurridos en Pilar, F\u00e1tima, Capilla y Cardales, contin\u00faan las pesquisas, en breve habr\u00eda m\u00e1s detenciones.<\/p>\n<p>Las investigaciones en conjunto y los seguimientos a trav\u00e9s de las c\u00e1maras de seguridad, fueron dando la informaci\u00f3n necesaria para dar con los 3 mal vivientes, el allanamiento en Pav\u00f3n no fue del todo exitoso, el ladr\u00f3n no se encontraba en el domicilio pero se los sigue buscando, pero si se corrobor\u00f3 la l\u00ednea investigativa policial, ya que se recuperaron herramientas de un hecho en el cual fue fundamental la colaboraci\u00f3n de testigos.<\/p>\n<p>Todo esto se encadena con otros hechos delictivos en F\u00e1tima, aqu\u00ed es donde fue clave la coordinaci\u00f3n de las fuerzas policiales de ambos municipios, para determinar que el bot\u00edn mal habido de los delincuentes se encontraba en el Barrio Pav\u00f3n.<\/p>\n<p>La delincuencia dentro del distrito ha ido cambiando con la Pandemia, la situaci\u00f3n en materia de seguridad es algo que preocupa y mucho a los vecinos y vecinas, Ezequiel Iglesias, es el Comisario Mayor a cargo de la polic\u00eda de Exaltaci\u00f3n de la Cruz, nos cuenta \u201cYo tengo reuniones cada 15 d\u00edas con jefes de otras jurisdicciones, no nos podemos ni comparar con el coNnurbano, ac\u00e1 se dieron una seguidilla de 3 o 4 robos seguidos y eso produjo una sensaci\u00f3n de inseguridad\u201d, hace un a\u00f1o aproximadamente las denuncias se contaban en una por d\u00eda, hoy por hoy estamos entre 6 y 8 robos al mes, esto seguramente va de la mano en que \u201chemos activados los tres contenedores, el de Sakura, el de Cardales y el de Bifurcaci\u00f3n, tambi\u00e9n tenemos personal casi constante en la entrada de la ruta 6 de Sakura\u201d el barrio presentaba el a\u00f1o pasado el triste r\u00e9cord de tener hechos violentos a mano armada, \u201cuno de los \u00faltimos hechos calificados fueron hace casi 6 meses y se detuvieron a los autores en Derqui\u201d.<br \/>\nOtros de los temas de preocupaci\u00f3n, son los de violencia de g\u00e9nero, en un primer momento estos hechos hab\u00edan subido de manera alarmante, \u201cno es que no se sigan dando, pero tampoco han subido la cantidad de estos casos\u201d.<\/p>\n<p>Foto: gentileza Boreal Multimedia.<\/p>\n","protected":false},"excerpt":{"rendered":"<p>CON ALLANAMIENTOS.<\/p>\n","protected":false},"author":3,"featured_media":5719,"comment_status":"open","ping_status":"open","sticky":false,"template":"","format":"standard","meta":{"footnotes":"","jetpack_publicize_message":"","jetpack_publicize_feature_enabled":true,"jetpack_social_post_already_shared":false,"jetpack_social_options":{"image_generator_settings":{"template":"highway","default_image_id":0,"font":"","enabled":false},"version":2}},"categories":[6],"tags":[769],"class_list":["post-5718","post","type-post","status-publish","format-standard","has-post-thumbnail","hentry","category-barrios","tag-robos-pavon"],"jetpack_publicize_connections":[],"jetpack_featured_media_url":"https:\/\/revistaepocadigital.com.ar\/wp-content\/uploads\/2020\/07\/thumbnail_1568331381.jpg","jetpack_likes_enabled":true,"_links":{"self":[{"href":"https:\/\/revistaepocadigital.com.ar\/index.php?rest_route=\/wp\/v2\/posts\/5718","targetHints":{"allow":["GET"]}}],"collection":[{"href":"https:\/\/revistaepocadigital.com.ar\/index.php?rest_route=\/wp\/v2\/posts"}],"about":[{"href":"https:\/\/revistaepocadigital.com.ar\/index.php?rest_route=\/wp\/v2\/types\/post"}],"author":[{"embeddable":true,"href":"https:\/\/revistaepocadigital.com.ar\/index.php?rest_route=\/wp\/v2\/users\/3"}],"replies":[{"embeddable":true,"href":"https:\/\/revistaepocadigital.com.ar\/index.php?rest_route=%2Fwp%2Fv2%2Fcomments&post=5718"}],"version-history":[{"count":0,"href":"https:\/\/revistaepocadigital.com.ar\/index.php?rest_route=\/wp\/v2\/posts\/5718\/revisions"}],"wp:featuredmedia":[{"embeddable":true,"href":"https:\/\/revistaepocadigital.com.ar\/index.php?rest_route=\/wp\/v2\/media\/5719"}],"wp:attachment":[{"href":"https:\/\/revistaepocadigital.com.ar\/index.php?rest_route=%2Fwp%2Fv2%2Fmedia&parent=5718"}],"wp:term":[{"taxonomy":"category","embeddable":true,"href":"https:\/\/revistaepocadigital.com.ar\/index.php?rest_route=%2Fwp%2Fv2%2Fcategories&post=5718"},{"taxonomy":"post_tag","embeddable":true,"href":"https:\/\/revistaepocadigital.com.ar\/index.php?rest_route=%2Fwp%2Fv2%2Ftags&post=5718"}],"curies":[{"name":"wp","href":"https:\/\/api.w.org\/{rel}","templated":true}]}}