{"id":5733,"date":"2020-07-15T13:40:05","date_gmt":"2020-07-15T16:40:05","guid":{"rendered":"https:\/\/revistaepocadigital.com.ar\/?p=5733"},"modified":"2020-07-15T13:40:05","modified_gmt":"2020-07-15T16:40:05","slug":"para-detectar-el-covid-19","status":"publish","type":"post","link":"https:\/\/revistaepocadigital.com.ar\/?p=5733","title":{"rendered":"PARA DETECTAR EL COVID-19"},"content":{"rendered":"<div class=\"_1dwg _1w_m _q7o\" data-visualcompletion=\"ignore-dynamic\">\n<div class=\"_3x-2\" data-ft=\"{&quot;tn&quot;:&quot;H&quot;}\">\n<div class=\"_5r69 _sds _1hvl\">\n<div class=\"mts\">\n<div class=\"mtm _5pcm\">\n<div class=\"mtm _5pco\" data-testid=\"post_message\" data-ft=\"{&quot;tn&quot;:&quot;K&quot;}\">\n<div id=\"id_5f0f303ff242d5709955362\" class=\"text_exposed_root text_exposed\">\n<p><strong>CUIDANDO EL BARRIO.<\/strong><!--more--><br \/>\nComo parte de las tareas de detecci\u00f3n de posibles casos de Covid-19, comenz\u00f3 esta semana u<span class=\"text_exposed_show\">n trabajo territorial interdisciplinario entre la Secretar\u00eda de Salud y Calidad de vida, y la direcci\u00f3n de Producci\u00f3n y Medio Ambiente.<\/span><\/p>\n<div class=\"text_exposed_show\">\n<p>Junto a personal de la Polic\u00eda Rural, se recorrieron distintos puntos de la localidad de Parada Robles, haciendo lectura de temperatura de los trabajadores, y elaborando un detallado registro de explotaciones hort\u00edcolas en ese sector del distrito.<\/p>\n<p>La experiencia contin\u00faa durante la semana en las localidades de Pav\u00f3n y Los Cardales, como parte de un operativo tendiente a minimizar las posibilidades de contagio entre la poblaci\u00f3n rural.<\/p>\n<\/div>\n<\/div>\n<\/div>\n<\/div>\n<\/div>\n<\/div>\n<\/div>\n<\/div>\n<div>\n<form id=\"u_jsonp_7_b\" class=\"commentable_item\" action=\"\/ajax\/ufi\/modify.php\" method=\"post\" data-ft=\"{&quot;tn&quot;:&quot;]&quot;}\">\n<div class=\"_4299\">\n<div class=\"_5vsi\"><\/div>\n<\/div>\n<\/form>\n<\/div>\n","protected":false},"excerpt":{"rendered":"<p>CUIDANDO EL BARRIO.<\/p>\n","protected":false},"author":3,"featured_media":5734,"comment_status":"open","ping_status":"open","sticky":false,"template":"","format":"standard","meta":{"footnotes":"","jetpack_publicize_message":"","jetpack_publicize_feature_enabled":true,"jetpack_social_post_already_shared":false,"jetpack_social_options":{"image_generator_settings":{"template":"highway","default_image_id":0,"font":"","enabled":false},"version":2}},"categories":[4],"tags":[772],"class_list":["post-5733","post","type-post","status-publish","format-standard","has-post-thumbnail","hentry","category-aqui-los-cardales","tag-operativos-coronavirus"],"jetpack_publicize_connections":[],"jetpack_featured_media_url":"https:\/\/revistaepocadigital.com.ar\/wp-content\/uploads\/2020\/07\/opera-barios.jpg","jetpack_likes_enabled":true,"_links":{"self":[{"href":"https:\/\/revistaepocadigital.com.ar\/index.php?rest_route=\/wp\/v2\/posts\/5733","targetHints":{"allow":["GET"]}}],"collection":[{"href":"https:\/\/revistaepocadigital.com.ar\/index.php?rest_route=\/wp\/v2\/posts"}],"about":[{"href":"https:\/\/revistaepocadigital.com.ar\/index.php?rest_route=\/wp\/v2\/types\/post"}],"author":[{"embeddable":true,"href":"https:\/\/revistaepocadigital.com.ar\/index.php?rest_route=\/wp\/v2\/users\/3"}],"replies":[{"embeddable":true,"href":"https:\/\/revistaepocadigital.com.ar\/index.php?rest_route=%2Fwp%2Fv2%2Fcomments&post=5733"}],"version-history":[{"count":0,"href":"https:\/\/revistaepocadigital.com.ar\/index.php?rest_route=\/wp\/v2\/posts\/5733\/revisions"}],"wp:featuredmedia":[{"embeddable":true,"href":"https:\/\/revistaepocadigital.com.ar\/index.php?rest_route=\/wp\/v2\/media\/5734"}],"wp:attachment":[{"href":"https:\/\/revistaepocadigital.com.ar\/index.php?rest_route=%2Fwp%2Fv2%2Fmedia&parent=5733"}],"wp:term":[{"taxonomy":"category","embeddable":true,"href":"https:\/\/revistaepocadigital.com.ar\/index.php?rest_route=%2Fwp%2Fv2%2Fcategories&post=5733"},{"taxonomy":"post_tag","embeddable":true,"href":"https:\/\/revistaepocadigital.com.ar\/index.php?rest_route=%2Fwp%2Fv2%2Ftags&post=5733"}],"curies":[{"name":"wp","href":"https:\/\/api.w.org\/{rel}","templated":true}]}}