{"id":577,"date":"2018-11-08T12:14:36","date_gmt":"2018-11-08T15:14:36","guid":{"rendered":"https:\/\/revistaepocadigital.com.ar\/?p=577"},"modified":"2018-11-08T12:14:36","modified_gmt":"2018-11-08T15:14:36","slug":"ah-las-benditas-camaras-de-fotomultas","status":"publish","type":"post","link":"https:\/\/revistaepocadigital.com.ar\/?p=577","title":{"rendered":"\u00a1AH!, LAS BENDITAS C\u00c1MARAS DE FOTOMULTAS."},"content":{"rendered":"<p><strong>SE CONOCI\u00d3&#8230;<\/strong><!--more--><\/p>\n<p>el pedido de informes aprobado por el <strong>Senado bonaerense,<\/strong> para conocer el estado de las c\u00e1maras de fotomultas fijos o m\u00f3viles en las rutas de la provincia de Buenos Aires, y tambi\u00e9n en municipios como tambi\u00e9n existen en <strong>Exaltaci\u00f3n de la Cruz.<\/strong> El pedido lo impuls\u00f3 el senador <strong>Marcelo Pac\u00edfico<\/strong> (Cambiemos).<\/p>\n<p><em>\u201cQueremos evitar perjuicios a la seguridad vial, abusos recaudatorios y optimizar la normativa referida al control de tr\u00e1nsito y para eso necesitamos conocer el estado en que se encuentran las c\u00e1maras de foto multas en cada ruta\u201d<\/em>, dijo Pac\u00edfico.<\/p>\n<p><img loading=\"lazy\" decoding=\"async\" class=\"alignleft size-large wp-image-581\" src=\"https:\/\/revistaepocadigital.com.ar\/wp-content\/uploads\/2018\/11\/camaras-multas-1-1024x533.jpg\" alt=\"\" width=\"696\" height=\"362\" srcset=\"https:\/\/revistaepocadigital.com.ar\/wp-content\/uploads\/2018\/11\/camaras-multas-1.jpg 1024w, https:\/\/revistaepocadigital.com.ar\/wp-content\/uploads\/2018\/11\/camaras-multas-1-300x156.jpg 300w, https:\/\/revistaepocadigital.com.ar\/wp-content\/uploads\/2018\/11\/camaras-multas-1-768x400.jpg 768w\" sizes=\"auto, (max-width: 696px) 100vw, 696px\" \/><\/p>\n<p>&nbsp;<\/p>\n<p>&nbsp;<\/p>\n<p>&nbsp;<\/p>\n<p>&nbsp;<\/p>\n<p>&nbsp;<\/p>\n<p>En ese marco, el legislador destac\u00f3 <em>\u201cla gran cantidad de obras de infraestructura en rutas bonaerenses que lleva adelante la gesti\u00f3n de la Gobernadora Mar\u00eda Eugenia Vidal, que va en l\u00ednea con la recientemente sancionada Ley de Tolerancia Cero al alcohol en menores de 21 a\u00f1os, con el objetivo de disminuir la siniestralidad vial\u201d.<\/em><\/p>\n<p><em>\u201cPor eso, en el Senado dimos un paso m\u00e1s para combatir la siniestralidad vial, y con el pedido de informes buscamos que todos los conductores y principiantes \u2013residentes o no en suelo bonaerense- est\u00e9n guiados bajo las mismas pautas de prevenci\u00f3n para garantizar la seguridad y el correcto uso de los instrumentos de velocidad, y sacar el foco de las medidas de recaudaci\u00f3n a trav\u00e9s de las infracciones\u201d<\/em>, finaliz\u00f3 diciendo el mencionado senador.<\/p>\n<p>Fotos: gentileza La Opini\u00f3n digital (portada) y sion medios.<\/p>\n","protected":false},"excerpt":{"rendered":"<p>SE CONOCI\u00d3&#8230;<\/p>\n","protected":false},"author":3,"featured_media":580,"comment_status":"open","ping_status":"open","sticky":false,"template":"","format":"standard","meta":{"footnotes":"","jetpack_publicize_message":"","jetpack_publicize_feature_enabled":true,"jetpack_social_post_already_shared":false,"jetpack_social_options":{"image_generator_settings":{"template":"highway","default_image_id":0,"font":"","enabled":false},"version":2}},"categories":[15],"tags":[37,48],"class_list":["post-577","post","type-post","status-publish","format-standard","has-post-thumbnail","hentry","category-lo-que-tenes-que-saber","tag-destacada","tag-foto-multas"],"jetpack_publicize_connections":[],"jetpack_featured_media_url":"https:\/\/revistaepocadigital.com.ar\/wp-content\/uploads\/2018\/11\/fotomulta-la-opinion-digital-1.jpg","jetpack_likes_enabled":true,"_links":{"self":[{"href":"https:\/\/revistaepocadigital.com.ar\/index.php?rest_route=\/wp\/v2\/posts\/577","targetHints":{"allow":["GET"]}}],"collection":[{"href":"https:\/\/revistaepocadigital.com.ar\/index.php?rest_route=\/wp\/v2\/posts"}],"about":[{"href":"https:\/\/revistaepocadigital.com.ar\/index.php?rest_route=\/wp\/v2\/types\/post"}],"author":[{"embeddable":true,"href":"https:\/\/revistaepocadigital.com.ar\/index.php?rest_route=\/wp\/v2\/users\/3"}],"replies":[{"embeddable":true,"href":"https:\/\/revistaepocadigital.com.ar\/index.php?rest_route=%2Fwp%2Fv2%2Fcomments&post=577"}],"version-history":[{"count":0,"href":"https:\/\/revistaepocadigital.com.ar\/index.php?rest_route=\/wp\/v2\/posts\/577\/revisions"}],"wp:featuredmedia":[{"embeddable":true,"href":"https:\/\/revistaepocadigital.com.ar\/index.php?rest_route=\/wp\/v2\/media\/580"}],"wp:attachment":[{"href":"https:\/\/revistaepocadigital.com.ar\/index.php?rest_route=%2Fwp%2Fv2%2Fmedia&parent=577"}],"wp:term":[{"taxonomy":"category","embeddable":true,"href":"https:\/\/revistaepocadigital.com.ar\/index.php?rest_route=%2Fwp%2Fv2%2Fcategories&post=577"},{"taxonomy":"post_tag","embeddable":true,"href":"https:\/\/revistaepocadigital.com.ar\/index.php?rest_route=%2Fwp%2Fv2%2Ftags&post=577"}],"curies":[{"name":"wp","href":"https:\/\/api.w.org\/{rel}","templated":true}]}}