{"id":5778,"date":"2020-07-17T17:59:46","date_gmt":"2020-07-17T20:59:46","guid":{"rendered":"https:\/\/revistaepocadigital.com.ar\/?p=5778"},"modified":"2020-07-17T17:59:46","modified_gmt":"2020-07-17T20:59:46","slug":"nueva-etapa-del-aislamiento-social-preventivo-y-obligatorio","status":"publish","type":"post","link":"https:\/\/revistaepocadigital.com.ar\/?p=5778","title":{"rendered":"Nueva etapa del Aislamiento Social, Preventivo y Obligatorio"},"content":{"rendered":"<div class=\"D_F ek_BB H_6D6F aw_2941hk ba_10I1Qt az_oOItw ay_Z1nkUQx I_kt4zd\">\n<div id=\"app\" class=\"D_F ek_BB H_6D6F cZ1RN91d_n s_1HCsWR aw_Z22yhkg I_kt4zd az_DW ba_Z2gmOa3 ay_Z1cYiMT c2hBT4u_Zm6i39 cZTwBjO_Zdogtk\" tabindex=\"-1\" data-test-id=\"mail-app\">\n<div class=\"I_ZnwrMC D_F em_N o_h W_6D6F H_6D6F\" data-test-id=\"content-area\">\n<div class=\"D_F em_N o_h s_1HCsWR\" data-test-id=\"content-below-tabs\">\n<div id=\"mail-app-component-container\" class=\"D_F em_N ej_eUh o_h\">\n<div id=\"mail-app-component\" class=\"em_N gl_C I_52qC j_ZlOSbd o_h p_R D_F s_e5X x_Z14vXdP\" data-yaft-module=\"norrin_main\" data-test-id=\"mail-app-component\">\n<div class=\"D_F ek_BB p_a Z_0 L_0 R_0 T_0 B_0 cZ1RN91d_GG I_ZnwrMC\" data-test-id=\"message-group-view\">\n<div class=\"D_F P_3gIMd\"><strong>QUED\u00d3 RESUELTO.<!--more--><\/strong><\/div>\n<div><\/div>\n<div class=\"ab_C k_w D_F H_7bcz en_0 P_2bJhi p_R m_Z14vXdP I_52qC gl_FM\" role=\"toolbar\" data-test-id=\"message-toolbar\" aria-label=\"Grupo de navegaci\u00f3n del teclado. Usa las flechas para navegar o el tabulador para pasar al siguiente grupo.\">\n<div class=\"D_F t_r\">\n<div class=\"O_N cdPFi4_Z2aVTcY\" data-test-id=\"close-wrapper\">El gobernador de la provincia de Buenos Aires, Axel Kicillof, particip\u00f3 del anuncio encabezado por el presidente de la Naci\u00f3n Alberto Fern\u00e1ndez desde la residencia de Olivos, junto al jefe de gobierno porte\u00f1o, Horacio Rodr\u00edguez Larreta, y con la participaci\u00f3n mediante videoconferencia de la gobernadora de R\u00edo Negro, Arabela Carreras, y de sus pares de Chaco, Jorge Capitanich, y de Jujuy, Gerardo Morales.<\/div>\n<div data-test-id=\"close-wrapper\"><\/div>\n<\/div>\n<\/div>\n<div class=\"iz_A I_52qC em_0 Z_0\" role=\"main\" data-test-id=\"message-group-view-scroller\" aria-label=\"Vista de mensajes\">\n<div data-test-id=\"focus-group\" aria-label=\"Grupo de navegaci\u00f3n del teclado. Usa las flechas para navegar o el tabulador para pasar al siguiente grupo.\">\n<div class=\"p_R b_2w4l8N I_52qC em_N X_fq7 N_6LEV ir3_Z1tiXR3 it3_689y j_ZlOSbd message-view\" tabindex=\"40\" data-test-id=\"message-view\" data-test-expanded=\"true\" data-iskeynav=\"true\">\n<div data-test-id=\"message-body-container\">\n<div class=\"I_52qC D_FY W_6D6F\" data-test-id=\"message-view-body\">\n<div class=\"msg-body P_wpofO mq_AS\" data-test-id=\"message-view-body-content\">\n<div class=\"jb_0 X_6MGW N_6Fd5\">\n<div>\n<div dir=\"ltr\">En ese marco, Kicillof destac\u00f3 \u201cel esfuerzo enorme que est\u00e1n haciendo los bonaerenses. Creo que estamos mostrando en uno de los momentos m\u00e1s duros cu\u00e1l es la grandeza de un pueblo solidario\u201d. Asimismo, subray\u00f3 que \u201cla adopci\u00f3n temprana de la cuarentena salv\u00f3 vidas\u201d y \u201cesto se logr\u00f3 tambi\u00e9n gracias a la unidad, que cont\u00f3 con todos los que tienen responsabilidad de gobierno, los 24 gobernadores y en la Provincia los 135 intendentes\u201d.<\/div>\n<div dir=\"ltr\">El Gobernador detall\u00f3 que en la Provincia \u201ctenemos 65 municipios en fase 5, pero el Gran Buenos Aires tiene una situaci\u00f3n muy distinta y estamos terminando hoy 17 d\u00edas de un aislamiento m\u00e1s duro\u201d y agreg\u00f3: \u201cEl esfuerzo que se hizo dio muy buenos resultados, que se miden en las vidas que salvamos\u201d.<\/div>\n<div dir=\"ltr\"><\/div>\n<div dir=\"ltr\">En esa l\u00ednea Kicillof explic\u00f3 que \u201cvamos a pasar a una cuarentena intermitente\u201d porque \u201chemos logrado mantener las capacidades del sistema sanitario y ampliado el tiempo de duplicaci\u00f3n de contagios, entonces estamos en posibilidad de volver, de manera escalonada, a la fase 3 en el AMBA. Este avance solo se va a poder sostener en la medida en que la situaci\u00f3n epidemiol\u00f3gica acompa\u00f1e.\u201d<\/div>\n<div dir=\"ltr\"><\/div>\n<div dir=\"ltr\"><\/div>\n<div dir=\"ltr\"><strong>De esta manera, el AMBA ingresa hasta el 2 de agosto en Fase 3 con el siguiente cronograma de habilitaciones:<\/strong><\/div>\n<div dir=\"ltr\"><\/div>\n<div dir=\"ltr\">\u2022 A partir del lunes 20\/7 retomar\u00e1n sus actividades todas las industrias manufactureras, con protocolos estrictos y transporte propio para las y los trabajadores.<\/div>\n<div dir=\"ltr\">\u2022 A partir del mi\u00e9rcoles 22\/7 podr\u00e1n abrir los comercios de cercan\u00eda con estrictos protocolos.<\/div>\n<div dir=\"ltr\">\u2022 A partir del lunes 27\/7 se reincorporar\u00e1n varios servicios que incluyen las actividades profesionales.<\/div>\n<div dir=\"ltr\"><\/div>\n<div dir=\"ltr\">Finalmente, el gobernador concluy\u00f3: \u201cLes voy a pedir much\u00edsima m\u00e1s responsabilidad colectiva. Nos tenemos que seguir cuidando entre todos, ahora m\u00e1s que nunca, y de esa manera, unidos, vamos a salir de esta situaci\u00f3n\u201d.<\/div>\n<\/div>\n<\/div>\n<\/div>\n<\/div>\n<\/div>\n<\/div>\n<\/div>\n<\/div>\n<\/div>\n<\/div>\n<\/div>\n<\/div>\n<\/div>\n<div role=\"alert\"><\/div>\n<\/div>\n<\/div>\n","protected":false},"excerpt":{"rendered":"<p>QUED\u00d3 RESUELTO.<\/p>\n","protected":false},"author":3,"featured_media":5780,"comment_status":"open","ping_status":"open","sticky":false,"template":"","format":"standard","meta":{"footnotes":"","jetpack_publicize_message":"","jetpack_publicize_feature_enabled":true,"jetpack_social_post_already_shared":false,"jetpack_social_options":{"image_generator_settings":{"template":"highway","default_image_id":0,"font":"","enabled":false},"version":2}},"categories":[17],"tags":[633,776],"class_list":["post-5778","post","type-post","status-publish","format-standard","has-post-thumbnail","hentry","category-politica","tag-cuarentena","tag-gobernador"],"jetpack_publicize_connections":[],"jetpack_featured_media_url":"https:\/\/revistaepocadigital.com.ar\/wp-content\/uploads\/2020\/07\/fernan-larre-kici20.jpg","jetpack_likes_enabled":true,"_links":{"self":[{"href":"https:\/\/revistaepocadigital.com.ar\/index.php?rest_route=\/wp\/v2\/posts\/5778","targetHints":{"allow":["GET"]}}],"collection":[{"href":"https:\/\/revistaepocadigital.com.ar\/index.php?rest_route=\/wp\/v2\/posts"}],"about":[{"href":"https:\/\/revistaepocadigital.com.ar\/index.php?rest_route=\/wp\/v2\/types\/post"}],"author":[{"embeddable":true,"href":"https:\/\/revistaepocadigital.com.ar\/index.php?rest_route=\/wp\/v2\/users\/3"}],"replies":[{"embeddable":true,"href":"https:\/\/revistaepocadigital.com.ar\/index.php?rest_route=%2Fwp%2Fv2%2Fcomments&post=5778"}],"version-history":[{"count":0,"href":"https:\/\/revistaepocadigital.com.ar\/index.php?rest_route=\/wp\/v2\/posts\/5778\/revisions"}],"wp:featuredmedia":[{"embeddable":true,"href":"https:\/\/revistaepocadigital.com.ar\/index.php?rest_route=\/wp\/v2\/media\/5780"}],"wp:attachment":[{"href":"https:\/\/revistaepocadigital.com.ar\/index.php?rest_route=%2Fwp%2Fv2%2Fmedia&parent=5778"}],"wp:term":[{"taxonomy":"category","embeddable":true,"href":"https:\/\/revistaepocadigital.com.ar\/index.php?rest_route=%2Fwp%2Fv2%2Fcategories&post=5778"},{"taxonomy":"post_tag","embeddable":true,"href":"https:\/\/revistaepocadigital.com.ar\/index.php?rest_route=%2Fwp%2Fv2%2Ftags&post=5778"}],"curies":[{"name":"wp","href":"https:\/\/api.w.org\/{rel}","templated":true}]}}