{"id":5784,"date":"2020-07-18T00:48:34","date_gmt":"2020-07-18T03:48:34","guid":{"rendered":"https:\/\/revistaepocadigital.com.ar\/?p=5784"},"modified":"2020-07-18T00:48:34","modified_gmt":"2020-07-18T03:48:34","slug":"el-parque-cultural-los-cardales","status":"publish","type":"post","link":"https:\/\/revistaepocadigital.com.ar\/?p=5784","title":{"rendered":"EL PARQUE CULTURAL LOS CARDALES"},"content":{"rendered":"<p><strong>LA TRANSFORMACI\u00d3N DE LA PLAZA MITRE.<\/strong><!--more--><\/p>\n<p>Puntualmente en la zona del galp\u00f3n contiguo al Ferrocarril Mitre, epicentro de lo que ser\u00e1 el \u201cParque Cultural Los Cardales\u201d.\u00a0Se trata de la puesta en marcha de un multiespacio que incluir\u00e1 la plaza infantil, relocalizada respecto a la ubicaci\u00f3n actual, un peque\u00f1o bosque arbolado con mesas de ajedrez y ping pong, un <span class=\"text_exposed_show\">paseo de artesanos, el paseo de la Memoria, cuatro estaciones para artistas, el escenario para grandes eventos, y el Galp\u00f3n Cultural.<\/span><\/p>\n<p><img loading=\"lazy\" decoding=\"async\" class=\"aligncenter size-full wp-image-5788\" src=\"https:\/\/revistaepocadigital.com.ar\/wp-content\/uploads\/2020\/07\/carda-parq-cultura20.jpg\" alt=\"\" width=\"480\" height=\"319\" srcset=\"https:\/\/revistaepocadigital.com.ar\/wp-content\/uploads\/2020\/07\/carda-parq-cultura20.jpg 480w, https:\/\/revistaepocadigital.com.ar\/wp-content\/uploads\/2020\/07\/carda-parq-cultura20-300x199.jpg 300w\" sizes=\"auto, (max-width: 480px) 100vw, 480px\" \/><\/p>\n<p>Respecto del Galp\u00f3n, tiene una superficie cubierta de 500 metros cuadrados y all\u00ed funcionar\u00e1 el nuevo Centro Cultural Cardales, y la Biblioteca Popular. De hecho, y como parte del proyecto, ya se mont\u00f3 un contenedor que oficiar\u00e1 de ampliaci\u00f3n del sector de dicha biblioteca.<\/p>\n<p>&nbsp;<\/p>\n<p>Fotos: prensa municipalidad<\/p>\n","protected":false},"excerpt":{"rendered":"<p>LA TRANSFORMACI\u00d3N DE LA PLAZA MITRE.<\/p>\n","protected":false},"author":3,"featured_media":5786,"comment_status":"open","ping_status":"open","sticky":false,"template":"","format":"standard","meta":{"footnotes":"","jetpack_publicize_message":"","jetpack_publicize_feature_enabled":true,"jetpack_social_post_already_shared":false,"jetpack_social_options":{"image_generator_settings":{"template":"highway","default_image_id":0,"font":"","enabled":false},"version":2}},"categories":[4],"tags":[777],"class_list":["post-5784","post","type-post","status-publish","format-standard","has-post-thumbnail","hentry","category-aqui-los-cardales","tag-parque-cultural"],"jetpack_publicize_connections":[],"jetpack_featured_media_url":"https:\/\/revistaepocadigital.com.ar\/wp-content\/uploads\/2020\/07\/carda-pqe-cultura20.jpg","jetpack_likes_enabled":true,"_links":{"self":[{"href":"https:\/\/revistaepocadigital.com.ar\/index.php?rest_route=\/wp\/v2\/posts\/5784","targetHints":{"allow":["GET"]}}],"collection":[{"href":"https:\/\/revistaepocadigital.com.ar\/index.php?rest_route=\/wp\/v2\/posts"}],"about":[{"href":"https:\/\/revistaepocadigital.com.ar\/index.php?rest_route=\/wp\/v2\/types\/post"}],"author":[{"embeddable":true,"href":"https:\/\/revistaepocadigital.com.ar\/index.php?rest_route=\/wp\/v2\/users\/3"}],"replies":[{"embeddable":true,"href":"https:\/\/revistaepocadigital.com.ar\/index.php?rest_route=%2Fwp%2Fv2%2Fcomments&post=5784"}],"version-history":[{"count":0,"href":"https:\/\/revistaepocadigital.com.ar\/index.php?rest_route=\/wp\/v2\/posts\/5784\/revisions"}],"wp:featuredmedia":[{"embeddable":true,"href":"https:\/\/revistaepocadigital.com.ar\/index.php?rest_route=\/wp\/v2\/media\/5786"}],"wp:attachment":[{"href":"https:\/\/revistaepocadigital.com.ar\/index.php?rest_route=%2Fwp%2Fv2%2Fmedia&parent=5784"}],"wp:term":[{"taxonomy":"category","embeddable":true,"href":"https:\/\/revistaepocadigital.com.ar\/index.php?rest_route=%2Fwp%2Fv2%2Fcategories&post=5784"},{"taxonomy":"post_tag","embeddable":true,"href":"https:\/\/revistaepocadigital.com.ar\/index.php?rest_route=%2Fwp%2Fv2%2Ftags&post=5784"}],"curies":[{"name":"wp","href":"https:\/\/api.w.org\/{rel}","templated":true}]}}