{"id":5793,"date":"2020-07-18T12:04:29","date_gmt":"2020-07-18T15:04:29","guid":{"rendered":"https:\/\/revistaepocadigital.com.ar\/?p=5793"},"modified":"2020-07-18T12:06:24","modified_gmt":"2020-07-18T15:06:24","slug":"cinco-claves-del-ife-de-agosto-que-se-sabe-y-cuando-se-paga","status":"publish","type":"post","link":"https:\/\/revistaepocadigital.com.ar\/?p=5793","title":{"rendered":"Cinco claves del IFE de agosto: lo que se sabe y cu\u00e1ndo lo pagan"},"content":{"rendered":"<div id=\"post_877332\" class=\"complete-post actualidad active\">\n<div class=\"wrapper wrapper_post m-push-sidebar\">\n<article class=\"b-post\">\n<div class=\"row\">\n<div class=\"small-12 xlarge-8 xlarge-offset-2 large-8 large-offset-2 columns\">\n<div class=\"e-post-subtitle\"><strong>A LA ESPERA.<!--more--><\/strong><\/div>\n<div><\/div>\n<div class=\"e-post-subtitle\">Eran aguardadas precisiones acerca del pago de la tercera cuota del Ingreso Familiar de Emergencia (IFE).<\/div>\n<\/div>\n<div class=\"small-12 medium-12 large-6 columns \">\n<div class=\"e-post-text\">\n<p>Termin\u00f3 el pago de la segunda cuota del Ingreso Familiar de Emergencia y el gobierno ya anunci\u00f3 que habr\u00e1 una tercera.\u00a0<strong>Hasta ahora se conocen algunos detalles y precisiones, pero quedan algunas dudas.<\/strong>\u00a0A continuaci\u00f3n las claves de lo que vendr\u00e1:<\/p>\n<p>&#8211;<b>Ser\u00e1 para todo el pa\u00eds<br \/>\n<\/b><br \/>\nAunque se anunci\u00f3 en primera instancia que ser\u00eda para las zonas m\u00e1s afectadas, finalmente el IFE 3 se pagar\u00e1 en todo el pa\u00eds, al igual que en las dos oportunidades anteriores.<\/p>\n<p>&#8211;<b>\u00bfHay que inscribirse para cobrar el tercer IFE?<br \/>\n<\/b><br \/>\nNo. Quienes ya lo cobraron en junio y julio volver\u00e1n a percibirlo sin necesidad de hacer un nuevo tr\u00e1mite.<\/p>\n<p>&#8211;<b>AUH y AUE acceden al tercer bono del IFE<br \/>\n<\/b><br \/>\nTodos los beneficiarios de la Asignaci\u00f3n Universal por Hijo (AUH) y Asignaci\u00f3n Universal por Embarazo (AUE), acceder\u00e1n a bono, ya que el IFE es compatible con el cobro AUH, AUE y el programa Progresar.<\/p>\n<p>&#8211;<b>Cu\u00e1ndo se pagar\u00e1<br \/>\n<\/b><br \/>\nA\u00fan no est\u00e1 definido el cronograma de pago del IFE 3, pero se estima que ser\u00eda a partir del 10 de agosto.<\/p>\n<p>&#8211;<b>El \u00faltimo IFE<br \/>\n<\/b><br \/>\nEl jefe de Gabinete, Santiago Cafiero, adelant\u00f3 que el tercer pago ser\u00e1 el \u00faltimo, debido a que el pago del IFE fue una medida tomada en un momento de &#8220;emergencia&#8221;, durante la pandemia del coronavirus.<\/p>\n<p>&#8220;El IFE tuvo un impacto muy potente. Logramos que el Estado llegue a 9 millones de personas, con realidades muy distintas y diferentes impactos. En los sectores de m\u00e1s bajos recursos evit\u00f3 que cayeran en la pobreza y en la indigencia&#8221;, resalt\u00f3 el funcionario durante una entrevista con P\u00e1gina 12.<\/p>\n<\/div>\n<\/div>\n<\/div>\n<\/article>\n<\/div>\n<div class=\"wrapper wrapper_post m-push-sidebar\">\n<div class=\"b-comments\">\n<p>Fuente: Telef\u00e9 Noticias.<\/p>\n<\/div>\n<\/div>\n<\/div>\n<div class=\"wrapper e-post-banner\">\n<div id=\"dfpRenderAd_7\" data-label=\"Publicidad\"><\/div>\n<\/div>\n","protected":false},"excerpt":{"rendered":"<p>A LA ESPERA.<\/p>\n","protected":false},"author":4,"featured_media":5795,"comment_status":"open","ping_status":"open","sticky":false,"template":"","format":"standard","meta":{"footnotes":"","jetpack_publicize_message":"","jetpack_publicize_feature_enabled":true,"jetpack_social_post_already_shared":false,"jetpack_social_options":{"image_generator_settings":{"template":"highway","default_image_id":0,"font":"","enabled":false},"version":2}},"categories":[81,13],"tags":[780,779],"class_list":["post-5793","post","type-post","status-publish","format-standard","has-post-thumbnail","hentry","category-anses","category-interes-general","tag-agosto","tag-ife"],"jetpack_publicize_connections":[],"jetpack_featured_media_url":"https:\/\/revistaepocadigital.com.ar\/wp-content\/uploads\/2020\/07\/ife.jpeg","jetpack_likes_enabled":true,"_links":{"self":[{"href":"https:\/\/revistaepocadigital.com.ar\/index.php?rest_route=\/wp\/v2\/posts\/5793","targetHints":{"allow":["GET"]}}],"collection":[{"href":"https:\/\/revistaepocadigital.com.ar\/index.php?rest_route=\/wp\/v2\/posts"}],"about":[{"href":"https:\/\/revistaepocadigital.com.ar\/index.php?rest_route=\/wp\/v2\/types\/post"}],"author":[{"embeddable":true,"href":"https:\/\/revistaepocadigital.com.ar\/index.php?rest_route=\/wp\/v2\/users\/4"}],"replies":[{"embeddable":true,"href":"https:\/\/revistaepocadigital.com.ar\/index.php?rest_route=%2Fwp%2Fv2%2Fcomments&post=5793"}],"version-history":[{"count":0,"href":"https:\/\/revistaepocadigital.com.ar\/index.php?rest_route=\/wp\/v2\/posts\/5793\/revisions"}],"wp:featuredmedia":[{"embeddable":true,"href":"https:\/\/revistaepocadigital.com.ar\/index.php?rest_route=\/wp\/v2\/media\/5795"}],"wp:attachment":[{"href":"https:\/\/revistaepocadigital.com.ar\/index.php?rest_route=%2Fwp%2Fv2%2Fmedia&parent=5793"}],"wp:term":[{"taxonomy":"category","embeddable":true,"href":"https:\/\/revistaepocadigital.com.ar\/index.php?rest_route=%2Fwp%2Fv2%2Fcategories&post=5793"},{"taxonomy":"post_tag","embeddable":true,"href":"https:\/\/revistaepocadigital.com.ar\/index.php?rest_route=%2Fwp%2Fv2%2Ftags&post=5793"}],"curies":[{"name":"wp","href":"https:\/\/api.w.org\/{rel}","templated":true}]}}