{"id":5808,"date":"2020-07-21T14:04:40","date_gmt":"2020-07-21T17:04:40","guid":{"rendered":"https:\/\/revistaepocadigital.com.ar\/?p=5808"},"modified":"2020-07-21T14:04:40","modified_gmt":"2020-07-21T17:04:40","slug":"pami-la-atencion-con-turnos-programados","status":"publish","type":"post","link":"https:\/\/revistaepocadigital.com.ar\/?p=5808","title":{"rendered":"PAMI: LA ATENCI\u00d3N CON TURNOS PROGRAMADOS"},"content":{"rendered":"<p><strong>EN EXALTACION DE LA CRUZ.<\/strong><!--more--><\/p>\n<p>Ha sido informado acerca de los horarios de atenci\u00f3n de la filial de PAMI.<\/p>\n<p>Incorporada a la\u00a0modalidad general establecida por PAMI a nivel nacional, el CAP Capilla del Se\u00f1or atender\u00e1 con turnos programados exclusivamente.<\/p>\n<div class=\"text_exposed_show\">\n<p>\u00bfC\u00f3mo solicitar un turno?:<\/p>\n<p>A trav\u00e9s de la web <a href=\"https:\/\/l.facebook.com\/l.php?u=http%3A%2F%2Fwww.pami.org.ar%2F%3Ffbclid%3DIwAR03r0AHIm6aarppWzEWD4qd_t_iIsllZXGIa-FhaoED45152MRZzryGpyU&amp;h=AT3DkmNC57jpPk1cb7Fe5B68ckaWskjW9fSJC9j0YuGxFnAGiuhkzKOuFIxn87TZypV5FeGuxdeTyf0jMI-UmvHSumG_6wYEC3bpvTqAR1lC4foBH4ByP5_8eBI1YoX3zB5y7ZdAuqZ3cjgrHx_Ah49UWiQHn1Wlz3Vq7zROVv7aJ11t8OddD2Cvn9iEKxVaTa5UAFrtXRn1KTfxapJ1DPHsZFjGyQwy30Mhcp-FaO3Cxje2iN3rMEwhMTJMMPaZ56ENUUfguHhITPSK-RcpE6m7S1tu5z9F1UBB6Rhz2-I3J6FWCAOaKo_c6xHaUo-nnRj3i_lLZiNzFvZGHdQyulUbnCcSKRWLDQAOE4SQnoUTLdC71lHsy9O4teUKnMB3sDRaIUNqiTJn3jz37sHArqhUpk7uNKSuCEBoSebXwfHDVRU5cJAzy9QGhb9ig7_4BiTCuY1DH0ZKGoWSluEGcoeWrd4pL5fkhcHzGeW8wPmSX0Xtg6TEcUJjuT1ma890rHaZAhaZaLtHN13_2VCaUSdbEQm6cWFiGK9yLa2haiuoYmjjv3ri9e-QNap3bSHg8HLo6zqP2p1iTTrQzZqf85ENegVhQoCGVTko0loIE4BGnoiy5uVxTTytwcvxMHwCi1b2OBgSTGJMQvNVb68txFASI9U4Pqi5QQrTffw\" target=\"_blank\" rel=\"noopener nofollow noreferrer\" data-ft=\"{&quot;tn&quot;:&quot;-U&quot;}\" data-lynx-mode=\"async\">www.pami.org.ar<\/a>, de PAMI Escucha, tambi\u00e9n llamando al 138 o bien bajando la aplicaci\u00f3n oficial PAMI para tel\u00e9fonos m\u00f3viles.<\/p>\n<p>Esta modalidad comienza desde del lunes 27 de julio de 2020, con horario de 7:00 a 14:00 de lunes a viernes, aunque \u00fanicamente con turno.<\/p>\n<p>Y a seguir tomando las precauciones respecto al coronavirus:<\/p>\n<\/div>\n<p><img loading=\"lazy\" decoding=\"async\" class=\"aligncenter size-full wp-image-5810\" src=\"https:\/\/revistaepocadigital.com.ar\/wp-content\/uploads\/2020\/07\/safe_image.jpg\" alt=\"\" width=\"540\" height=\"282\" srcset=\"https:\/\/revistaepocadigital.com.ar\/wp-content\/uploads\/2020\/07\/safe_image.jpg 540w, https:\/\/revistaepocadigital.com.ar\/wp-content\/uploads\/2020\/07\/safe_image-300x157.jpg 300w\" sizes=\"auto, (max-width: 540px) 100vw, 540px\" \/><\/p>\n<div class=\"text_exposed_show\">\n<p>&nbsp;<\/p>\n<\/div>\n","protected":false},"excerpt":{"rendered":"<p>EN EXALTACION DE LA CRUZ.<\/p>\n","protected":false},"author":3,"featured_media":5809,"comment_status":"open","ping_status":"open","sticky":false,"template":"","format":"standard","meta":{"footnotes":"","jetpack_publicize_message":"","jetpack_publicize_feature_enabled":true,"jetpack_social_post_already_shared":false,"jetpack_social_options":{"image_generator_settings":{"template":"highway","default_image_id":0,"font":"","enabled":false},"version":2}},"categories":[13],"tags":[69,771],"class_list":["post-5808","post","type-post","status-publish","format-standard","has-post-thumbnail","hentry","category-interes-general","tag-pami","tag-turnos"],"jetpack_publicize_connections":[],"jetpack_featured_media_url":"https:\/\/revistaepocadigital.com.ar\/wp-content\/uploads\/2020\/07\/pami_logo.jpg","jetpack_likes_enabled":true,"_links":{"self":[{"href":"https:\/\/revistaepocadigital.com.ar\/index.php?rest_route=\/wp\/v2\/posts\/5808","targetHints":{"allow":["GET"]}}],"collection":[{"href":"https:\/\/revistaepocadigital.com.ar\/index.php?rest_route=\/wp\/v2\/posts"}],"about":[{"href":"https:\/\/revistaepocadigital.com.ar\/index.php?rest_route=\/wp\/v2\/types\/post"}],"author":[{"embeddable":true,"href":"https:\/\/revistaepocadigital.com.ar\/index.php?rest_route=\/wp\/v2\/users\/3"}],"replies":[{"embeddable":true,"href":"https:\/\/revistaepocadigital.com.ar\/index.php?rest_route=%2Fwp%2Fv2%2Fcomments&post=5808"}],"version-history":[{"count":0,"href":"https:\/\/revistaepocadigital.com.ar\/index.php?rest_route=\/wp\/v2\/posts\/5808\/revisions"}],"wp:featuredmedia":[{"embeddable":true,"href":"https:\/\/revistaepocadigital.com.ar\/index.php?rest_route=\/wp\/v2\/media\/5809"}],"wp:attachment":[{"href":"https:\/\/revistaepocadigital.com.ar\/index.php?rest_route=%2Fwp%2Fv2%2Fmedia&parent=5808"}],"wp:term":[{"taxonomy":"category","embeddable":true,"href":"https:\/\/revistaepocadigital.com.ar\/index.php?rest_route=%2Fwp%2Fv2%2Fcategories&post=5808"},{"taxonomy":"post_tag","embeddable":true,"href":"https:\/\/revistaepocadigital.com.ar\/index.php?rest_route=%2Fwp%2Fv2%2Ftags&post=5808"}],"curies":[{"name":"wp","href":"https:\/\/api.w.org\/{rel}","templated":true}]}}