{"id":5833,"date":"2020-07-23T12:42:39","date_gmt":"2020-07-23T15:42:39","guid":{"rendered":"https:\/\/revistaepocadigital.com.ar\/?p=5833"},"modified":"2020-07-28T23:47:10","modified_gmt":"2020-07-29T02:47:10","slug":"las-viandas-que-originaron-criticas","status":"publish","type":"post","link":"https:\/\/revistaepocadigital.com.ar\/?p=5833","title":{"rendered":"Las viandas de las cr\u00edticas"},"content":{"rendered":"<div class=\"_1dwg _1w_m _q7o\" data-visualcompletion=\"ignore-dynamic\">\n<div id=\"js_1h\" class=\"_5pbx userContent _3ds9 _3576\" data-testid=\"post_message\" data-ft=\"{&quot;tn&quot;:&quot;K&quot;}\">\n<div id=\"id_5f176a0ea2fe15753050930\" class=\"text_exposed_root text_exposed\">\n<p><strong>A TRAVES DEL MURO DE DEFENSA COMUNAL EN FACEBOOK.<!--more--><\/strong><\/p>\n<\/div>\n<p>Surgi\u00f3 la aclaraci\u00f3n acerca de una acci\u00f3n relacionada con distribuci\u00f3n de viandas sen Exaltaci\u00f3n de la Cruz, cuyos envases portaban el logotipo del partido Defensa Comunal, lo que gener\u00f3 cr\u00edticas pol\u00edticas y controversia, haci\u00e9ndose menci\u00f3n entre otros cuestionamientos, la supuesta utilizaci\u00f3n de fondos municipales, as\u00ed como de personal de la comuna.<\/p>\n<\/div>\n<\/div>\n<p>Los argentinos y los exaltacrucenses han asistido a lo largo de los a\u00f1os, a la puesta en pr\u00e1cticas de pol\u00edticas que escondidas detr\u00e1s de la siempre necesitada ayuda social (lamentablemente), se han escondidos otros objetivos. La solidaridad, sea desde el oficialismo como desde los sectores opositores, quiz\u00e1 alg\u00fan d\u00eda entiendan y comprueben que al pueblo no va a poder siendo manipulado. La acci\u00f3n llevada a cabo por la juventud de Defensa Comunal, en tal caso debi\u00f3 ser anunciada en forma previa y a la vez, puntualizar con transparencia el objetivo planteado. La aclaraci\u00f3n posterior, reflej\u00f3 que m\u00e1s all\u00e1 del cometido de ayudar, hubo un paso en falso.<\/p>\n<div class=\"itemFullText\">\n<p>Desde Defensa Comunal, el sector de la juventud de dicha agrupaci\u00f3n pol\u00edtica, mencion\u00f3 como hemos citado, por medio de la red social Facebook, lo que definieron como el &#8220;descargo&#8221;.<\/p>\n<\/div>\n<div class=\"_1dwg _1w_m _q7o\" data-visualcompletion=\"ignore-dynamic\">\n<div id=\"js_1h\" class=\"_5pbx userContent _3ds9 _3576\" data-testid=\"post_message\" data-ft=\"{&quot;tn&quot;:&quot;K&quot;}\">\n<p>Este es el texto completo:<\/p>\n<div id=\"id_5f176a0ea2fe15753050930\" class=\"text_exposed_root text_exposed\">\n<p><em>Por medio de la presente, los miembros de la juventud de Defensa Comunal que participaron del evento de ayer, en la distribuci\u00f3n de viandas con el logo de nuestra agrupaci\u00f3n, comparten el siguiente descargo.<\/em><\/p>\n<p><em>En primer lugar, se hacen p\u00fablicas las disculpas hacia todo aquel vecino, que se<\/em> h<em>aya podido sentir disconforme con el hecho de colocar nuestra insignia pol\u00edtica en las viandas. Reconocemos que un plato de comida no debe llevar ning\u00fan tipo de distintivo.<\/em><\/p>\n<p><em>Por nuestra inexp<span class=\"text_exposed_show\">eriencia y juventud, en el af\u00e1n de potenciar el sentido de pertenencia, cometimos un error producto de nuestras ganas de participar. Dicha cuesti\u00f3n termin\u00f3 sobrepasandonos.<\/span><\/em><\/p>\n<div class=\"text_exposed_show\">\n<p><em>A su vez, agradecemos al grupo \u201cGordis con Barbijo\u201d por su colaboraci\u00f3n a la hora de cocinar. Aportaron su experiencia durante la preparaci\u00f3n de las raciones, para asistir a m\u00e1s familias.<\/em><\/p>\n<p><em>Pedimos nuevamente disculpas a todos aquellos que se sintieron molestos con el episodio de este fin de semana. Sin embargo, desde nuestro lugar, seguiremos colaborando y trabajando por nuestro distrito<\/em>.<\/p>\n<\/div>\n<\/div>\n<\/div>\n<div class=\"_3x-2\" data-ft=\"{&quot;tn&quot;:&quot;H&quot;}\">\n<div data-ft=\"{&quot;tn&quot;:&quot;H&quot;}\">Fotos:<\/div>\n<\/div>\n<\/div>\n","protected":false},"excerpt":{"rendered":"<p>A TRAVES DEL MURO DE DEFENSA COMUNAL EN FACEBOOK.<\/p>\n","protected":false},"author":4,"featured_media":5836,"comment_status":"open","ping_status":"open","sticky":false,"template":"","format":"standard","meta":{"footnotes":"","jetpack_publicize_message":"","jetpack_publicize_feature_enabled":true,"jetpack_social_post_already_shared":false,"jetpack_social_options":{"image_generator_settings":{"template":"highway","default_image_id":0,"font":"","enabled":false},"version":2}},"categories":[17],"tags":[786,508,179,787],"class_list":["post-5833","post","type-post","status-publish","format-standard","has-post-thumbnail","hentry","category-politica","tag-defensa-comunal","tag-polemica","tag-politica","tag-viandas"],"jetpack_publicize_connections":[],"jetpack_featured_media_url":"https:\/\/revistaepocadigital.com.ar\/wp-content\/uploads\/2020\/07\/def-comunal-viandas20.jpg","jetpack_likes_enabled":true,"_links":{"self":[{"href":"https:\/\/revistaepocadigital.com.ar\/index.php?rest_route=\/wp\/v2\/posts\/5833","targetHints":{"allow":["GET"]}}],"collection":[{"href":"https:\/\/revistaepocadigital.com.ar\/index.php?rest_route=\/wp\/v2\/posts"}],"about":[{"href":"https:\/\/revistaepocadigital.com.ar\/index.php?rest_route=\/wp\/v2\/types\/post"}],"author":[{"embeddable":true,"href":"https:\/\/revistaepocadigital.com.ar\/index.php?rest_route=\/wp\/v2\/users\/4"}],"replies":[{"embeddable":true,"href":"https:\/\/revistaepocadigital.com.ar\/index.php?rest_route=%2Fwp%2Fv2%2Fcomments&post=5833"}],"version-history":[{"count":0,"href":"https:\/\/revistaepocadigital.com.ar\/index.php?rest_route=\/wp\/v2\/posts\/5833\/revisions"}],"wp:featuredmedia":[{"embeddable":true,"href":"https:\/\/revistaepocadigital.com.ar\/index.php?rest_route=\/wp\/v2\/media\/5836"}],"wp:attachment":[{"href":"https:\/\/revistaepocadigital.com.ar\/index.php?rest_route=%2Fwp%2Fv2%2Fmedia&parent=5833"}],"wp:term":[{"taxonomy":"category","embeddable":true,"href":"https:\/\/revistaepocadigital.com.ar\/index.php?rest_route=%2Fwp%2Fv2%2Fcategories&post=5833"},{"taxonomy":"post_tag","embeddable":true,"href":"https:\/\/revistaepocadigital.com.ar\/index.php?rest_route=%2Fwp%2Fv2%2Ftags&post=5833"}],"curies":[{"name":"wp","href":"https:\/\/api.w.org\/{rel}","templated":true}]}}