{"id":5843,"date":"2020-07-20T11:24:17","date_gmt":"2020-07-20T14:24:17","guid":{"rendered":"https:\/\/revistaepocadigital.com.ar\/?p=5843"},"modified":"2020-07-22T21:46:41","modified_gmt":"2020-07-23T00:46:41","slug":"calendarios-de-pago-miercoles-22-de-julio","status":"publish","type":"post","link":"https:\/\/revistaepocadigital.com.ar\/?p=5843","title":{"rendered":"CALENDARIOS DE PAGO, JUEVES 23 DE JULIO"},"content":{"rendered":"<div class=\"I_52qC D_FY W_6D6F\" data-test-id=\"message-view-body\">\n<div class=\"msg-body P_wpofO mq_AS\" data-test-id=\"message-view-body-content\">\n<div class=\"jb_0 X_6MGW N_6Fd5\">\n<div id=\"yiv4511868882\">\n<div class=\"yiv4511868882WordSection1\">\n<p style=\"text-align: left;\" align=\"center\"><b>A ANOTARLO.<!--more--><\/b><\/p>\n<p class=\"yiv4139559455MsoNormal\"><b>TITULARES DE JUBILACIONES Y PENSIONES DEL SISTEMA INTEGRADO PREVISIONAL ARGENTINO (SIPA)<\/b><\/p>\n<p class=\"yiv4139559455MsoNormal\">Las sucursales bancarias habilitadas atender\u00e1n por ventanilla solo a los\u00a0<b>jubilados y pensionados con documentos terminados en 9 y cuyos haberes NO superen la suma de $18.952<\/b>.<\/p>\n<p class=\"yiv4139559455MsoNormal\">En este sentido, si bien estas personas no tienen que solicitar turno previo para cobrar este beneficio,\u00a0<b>deben acercarse a la sucursal bancaria \u00fanicamente en la fecha asignada<\/b>. Cabe recordar que los haberes permanecer\u00e1n depositados en sus cuentas.<\/p>\n<p class=\"yiv4139559455MsoNormal\"><b>ASIGNACI\u00d3N UNIVERSAL POR HIJO Y POR EMBARAZO<\/b><\/p>\n<p class=\"yiv4139559455MsoNormal\">Los titulares de la Asignaci\u00f3n Universal por Hijo (AUH) y aquellas de la Asignaci\u00f3n Universal por Embarazo (AUE), ambos con documentos finalizados en<b>\u00a09<\/b>, ma\u00f1ana perciben su prestaci\u00f3n utilizando su tarjeta de d\u00e9bito.<\/p>\n<p class=\"yiv4139559455MsoNormal\"><b>ASIGNACIONES DE PAGO \u00daNICO<\/b><\/p>\n<p class=\"yiv4139559455MsoNormal\">Desde este jueves y hasta el 10 de agosto, se pagan las Asignaciones de Pago \u00danico (Matrimonio, Nacimiento y Adopci\u00f3n).<\/p>\n<p class=\"yiv4139559455MsoNormal\"><b>PROGRAMA ALIMENTARIO PAMI<\/b><\/p>\n<p class=\"yiv4139559455MsoNormal\">En el marco del Programa Alimentario PAMI, la ANSES abona el pago \u00fanico extraordinario equivalente al monto del bols\u00f3n de alimentos a jubilados y pensionados cuyos documentos terminan en <b>9<\/b>. El concepto ser\u00e1 incorporado al recibo de haberes y var\u00eda seg\u00fan la zona geogr\u00e1fica.<\/p>\n<p class=\"yiv4139559455MsoNormal\"><b>PROGRAMA HOGAR<\/b><\/p>\n<p class=\"yiv4139559455MsoNormal\">La ANSES y la Secretar\u00eda de Energ\u00eda impulsan en conjunto el Programa Hogar, mediante el cual se otorga un subsidio para la compra de garrafas en viviendas que no est\u00e1n conectadas a la red de gas natural. Cobran este beneficio las personas cuyos documentos finalizan en <b>9<\/b>.<\/p>\n<p class=\"yiv4139559455MsoNormal\"><b>TARJETA ALIMENTAR<\/b><\/p>\n<p class=\"yiv4139559455MsoNormal\">En el marco del Plan Argentina contra el Hambre, la ANSES acompa\u00f1a al Ministerio de Desarrollo Social en el pago de las tarjetas Alimentar.<\/p>\n<p class=\"yiv4139559455MsoNormal\">Quienes cobren la Tarjeta Alimentar a trav\u00e9s de la AUH, cuyos documentos terminen en\u00a0<b>9<\/b>, reciben el dinero.<\/p>\n<p class=\"yiv4139559455MsoNormal\">\n<\/div>\n<\/div>\n<\/div>\n<\/div>\n<\/div>\n","protected":false},"excerpt":{"rendered":"<p>A ANOTARLO.<\/p>\n","protected":false},"author":3,"featured_media":0,"comment_status":"open","ping_status":"open","sticky":false,"template":"","format":"standard","meta":{"footnotes":"","jetpack_publicize_message":"","jetpack_publicize_feature_enabled":true,"jetpack_social_post_already_shared":false,"jetpack_social_options":{"image_generator_settings":{"template":"highway","default_image_id":0,"font":"","enabled":false},"version":2}},"categories":[81,13],"tags":[21,142],"class_list":["post-5843","post","type-post","status-publish","format-standard","hentry","category-anses","category-interes-general","tag-anses","tag-pagos"],"jetpack_publicize_connections":[],"jetpack_featured_media_url":"","jetpack_likes_enabled":true,"_links":{"self":[{"href":"https:\/\/revistaepocadigital.com.ar\/index.php?rest_route=\/wp\/v2\/posts\/5843","targetHints":{"allow":["GET"]}}],"collection":[{"href":"https:\/\/revistaepocadigital.com.ar\/index.php?rest_route=\/wp\/v2\/posts"}],"about":[{"href":"https:\/\/revistaepocadigital.com.ar\/index.php?rest_route=\/wp\/v2\/types\/post"}],"author":[{"embeddable":true,"href":"https:\/\/revistaepocadigital.com.ar\/index.php?rest_route=\/wp\/v2\/users\/3"}],"replies":[{"embeddable":true,"href":"https:\/\/revistaepocadigital.com.ar\/index.php?rest_route=%2Fwp%2Fv2%2Fcomments&post=5843"}],"version-history":[{"count":0,"href":"https:\/\/revistaepocadigital.com.ar\/index.php?rest_route=\/wp\/v2\/posts\/5843\/revisions"}],"wp:attachment":[{"href":"https:\/\/revistaepocadigital.com.ar\/index.php?rest_route=%2Fwp%2Fv2%2Fmedia&parent=5843"}],"wp:term":[{"taxonomy":"category","embeddable":true,"href":"https:\/\/revistaepocadigital.com.ar\/index.php?rest_route=%2Fwp%2Fv2%2Fcategories&post=5843"},{"taxonomy":"post_tag","embeddable":true,"href":"https:\/\/revistaepocadigital.com.ar\/index.php?rest_route=%2Fwp%2Fv2%2Ftags&post=5843"}],"curies":[{"name":"wp","href":"https:\/\/api.w.org\/{rel}","templated":true}]}}