{"id":5855,"date":"2020-07-23T12:15:42","date_gmt":"2020-07-23T15:15:42","guid":{"rendered":"https:\/\/revistaepocadigital.com.ar\/?p=5855"},"modified":"2020-07-23T12:15:42","modified_gmt":"2020-07-23T15:15:42","slug":"casi-seguro-se-vuelve-a-una-etapa-de-endurecimiento-de-la-cuarentena-dijo-el-ministro-de-salud-bonaerense-daniel-gollan","status":"publish","type":"post","link":"https:\/\/revistaepocadigital.com.ar\/?p=5855","title":{"rendered":"Casi seguro se vuelve a una etapa de endurecimiento de la cuarentena, dijo el\u00a0ministro de Salud bonaerense Daniel Goll\u00e1n"},"content":{"rendered":"<article id=\"article-1\" class=\"entry-full politica \u00a0  viewed no-border gallery clearfix\" data-path=\"https:\/\/www.cronica.com.ar\/politica\/Adios-a-la-reapertura-Buenos-Aires-anticipa-que-volvera-a-la-cuarentena-estricta-20200723-0036.html\" data-title=\"Adi\u00f3s a la reapertura: Buenos Aires anticipa que volver\u00e1 a la cuarentena estricta\" data-localpath=\"\/contenidos\/2020\/07\/23\/noticia_0036.html\" data-comscore=\"sumario.politica.Adi\u00f3s-a-la-reapertura:-Buenos-Aires-anticipa-que-volver\u00e1-a-la-cuarentena-estricta\">\n<div class=\"content\">\n<div class=\"inner-container clearfix\">\n<div class=\"nota-body-container nota-970\">\n<div class=\"main-content clearfix\">\n<section>\n<div class=\"entry-body text-font\">\n<p><strong>\u00bfVOLVER?<!--more--><\/strong><\/p>\n<p>Pese a la cuarentena estricta que se vivi\u00f3 en las dos primeras semanas del mes de julio, la cantidad de contagios no baj\u00f3. Esta semana, incluso, hubo r\u00e9cords de contagios y de muertes casi todos d\u00edas. En ese marco, las autoridades sanitarias ya adelantan que si los informes diarios siguen as\u00ed, no habr\u00e1 forma de sostener la apertura iniciada este lunes.<\/p>\n<p><em>&#8220;Casi con seguridad vamos a tener que ir a otra etapa de endurecimiento <\/em>(de la cuarentena)<em> si siguen aumentando los casos&#8221;<\/em>\u00a0sostuvo el\u00a0<strong>ministro de Salud bonaerense Daniel Goll\u00e1n<\/strong>.<\/p>\n<p>En declaraciones a FutuRock, el funcionario destac\u00f3 igualmente los resultados del aislamiento total de los primeros d\u00edas del mes:\u00a0\u00a0<em>&#8220;en el\u00a0<a href=\"https:\/\/www.cronica.com.ar\/tags\/AMBA\">AMBA<\/a>\u00a0bonaerense tenemos un aumento de los casos preocupante. Sin la vuelta a fase 1 hubiese habido mucho m\u00e1s casos&#8221;<\/em>.<\/p>\n<p><em>&#8220;En el\u00a0<span style=\"color: #000000;\"><a style=\"color: #000000;\" href=\"https:\/\/www.cronica.com.ar\/tags\/AMBA\">AMBA<\/a>\u00a0<\/span>tenemos una ocupaci\u00f3n del 60 o 61 por ciento, pero var\u00eda todos los d\u00edas&#8221;<\/em>, expres\u00f3 Gollan, quien destac\u00f3 que en el resto de la provinica ese \u00edndice est\u00e1 cerca del 30%.\u00a0Adem\u00e1s, sostuvo que el gobierno bonaerense no va a esperar que en el <span style=\"color: #000000;\"><a style=\"color: #000000;\" href=\"https:\/\/www.cronica.com.ar\/tags\/AMBA\">AMBA<\/a><\/span>\u00a0haya una ocupaci\u00f3n del 90 ciento de las camas.\u00a0<em>&#8220;Con una cifra bastante menor vamos a volver a las restricciones&#8221;<\/em>, enfatiz\u00f3. D\u00edas atr\u00e1s hab\u00eda sido tajante, al establecer en el<strong>\u00a075% como tope<\/strong>\u00a0para volver al cierre total.<\/p>\n<p>En la misma l\u00ednea se expres\u00f3 el\u00a0<strong>ministro de Desarrollo de la Comunidad bonaerense, Andr\u00e9s Larroque<\/strong>, que reconoci\u00f3 que hay<em>\u00a0&#8220;un nivel de ocupaci\u00f3n de camas importantes&#8221;<\/em>\u00a0en las \u00e1reas de Terapia Intensiva, aunque aclar\u00f3 que<em>\u00a0&#8220;hay un margen&#8221;<\/em> en el sistema sanitario. <em>&#8220;Manejamos tiempos de 10 o 12 d\u00edas para los cambios de situaciones&#8221;,\u00a0<\/em>afirm\u00f3. El secretario general de La C\u00e1mpora asegur\u00f3 que el gobierno bonaerense est\u00e1<em>\u00a0&#8220;en una etapa donde hay que controlar para que no aumenten tanto los casos&#8221;<\/em>\u00a0de contagios de COVID-19.<\/p>\n<p>Ayer el Gobierno bonaerense anunci\u00f3 que otorgar\u00e1 un subsidio de 500 pesos por d\u00eda a los infectados leves de coronavirus que se a\u00edslen en los centros extrahospitalarios montados en la jurisdicci\u00f3n, como medida para mitigar la propagaci\u00f3n de contagios.<\/p>\n<p><em>&#8220;El subsidio de 500 pesos es un reconocimiento del lucro cesante y el desarraigo&#8221;<\/em>, afirm\u00f3 Gollan. Con las intervenciones en barrios carenciados como la<strong>\u00a0Villa Azul<\/strong>\u00a0e\u00a0<strong>Itat\u00ed\u00a0<\/strong>de\u00a0<strong>Quilmes<\/strong>\u00a0y\u00a0<strong>Avellaneda<\/strong>, los funcionarios notaron que las personas que ten\u00edan s\u00edntomas leves no cumpl\u00edan el aislamiento por la necesidad de salir a trabajar.\u00a0Tampoco quer\u00edan dejar sus casas, por temor a la inseguridad. De ah\u00ed el fuerte despliegue policial que se dio en algunos sectores.<\/p>\n<p>Larroque remarc\u00f3 que\u00a0la medida apunta a<em>\u00a0&#8220;la reparaci\u00f3n por el desarraigo de una persona que deja a su familia y reconocer que acepten aislarse&#8221;<\/em>.\u00a0El Estado<em>\u00a0&#8220;hace un esfuerzo, un reconocimiento para las personas que se a\u00edslan&#8221;.<\/em><\/p>\n<\/div>\n<div class=\"entry-tags  clearfix\">Fuente: Cr\u00f3nica.com.ar<\/div>\n<\/section>\n<\/div>\n<\/div>\n<\/div>\n<\/div>\n<\/article>\n<p><!--more--><\/p>\n","protected":false},"excerpt":{"rendered":"<p>\u00bfVOLVER?<\/p>\n","protected":false},"author":3,"featured_media":5856,"comment_status":"open","ping_status":"open","sticky":false,"template":"","format":"standard","meta":{"footnotes":"","jetpack_publicize_message":"","jetpack_publicize_feature_enabled":true,"jetpack_social_post_already_shared":false,"jetpack_social_options":{"image_generator_settings":{"template":"highway","default_image_id":0,"font":"","enabled":false},"version":2}},"categories":[17],"tags":[762,478,639],"class_list":["post-5855","post","type-post","status-publish","format-standard","has-post-thumbnail","hentry","category-politica","tag-fases","tag-kicillof","tag-pandemia"],"jetpack_publicize_connections":[],"jetpack_featured_media_url":"https:\/\/revistaepocadigital.com.ar\/wp-content\/uploads\/2020\/07\/prRyCBb8.jpg","jetpack_likes_enabled":true,"_links":{"self":[{"href":"https:\/\/revistaepocadigital.com.ar\/index.php?rest_route=\/wp\/v2\/posts\/5855","targetHints":{"allow":["GET"]}}],"collection":[{"href":"https:\/\/revistaepocadigital.com.ar\/index.php?rest_route=\/wp\/v2\/posts"}],"about":[{"href":"https:\/\/revistaepocadigital.com.ar\/index.php?rest_route=\/wp\/v2\/types\/post"}],"author":[{"embeddable":true,"href":"https:\/\/revistaepocadigital.com.ar\/index.php?rest_route=\/wp\/v2\/users\/3"}],"replies":[{"embeddable":true,"href":"https:\/\/revistaepocadigital.com.ar\/index.php?rest_route=%2Fwp%2Fv2%2Fcomments&post=5855"}],"version-history":[{"count":0,"href":"https:\/\/revistaepocadigital.com.ar\/index.php?rest_route=\/wp\/v2\/posts\/5855\/revisions"}],"wp:featuredmedia":[{"embeddable":true,"href":"https:\/\/revistaepocadigital.com.ar\/index.php?rest_route=\/wp\/v2\/media\/5856"}],"wp:attachment":[{"href":"https:\/\/revistaepocadigital.com.ar\/index.php?rest_route=%2Fwp%2Fv2%2Fmedia&parent=5855"}],"wp:term":[{"taxonomy":"category","embeddable":true,"href":"https:\/\/revistaepocadigital.com.ar\/index.php?rest_route=%2Fwp%2Fv2%2Fcategories&post=5855"},{"taxonomy":"post_tag","embeddable":true,"href":"https:\/\/revistaepocadigital.com.ar\/index.php?rest_route=%2Fwp%2Fv2%2Ftags&post=5855"}],"curies":[{"name":"wp","href":"https:\/\/api.w.org\/{rel}","templated":true}]}}