{"id":5870,"date":"2020-07-26T23:49:47","date_gmt":"2020-07-27T02:49:47","guid":{"rendered":"https:\/\/revistaepocadigital.com.ar\/?p=5870"},"modified":"2020-07-26T23:49:47","modified_gmt":"2020-07-27T02:49:47","slug":"bienvenidos-figaros-reabren-las-peluquerias","status":"publish","type":"post","link":"https:\/\/revistaepocadigital.com.ar\/?p=5870","title":{"rendered":"Bienvenidos f\u00edgaros, reabren las peluquer\u00edas"},"content":{"rendered":"<div class=\"_xlr\">\n<div id=\"id_5f1a3e6b467095761019242\" class=\"text_exposed_root text_exposed\">\n<p>\u00a0<strong>DESDE EL LUNES (27\/7), FUNCIONAN LAS PELUQUER\u00cdAS.<!--more--><\/strong><\/p>\n<p>Con un estricto protocolo de cumplimiento obligatorio, desde este lunes comenzaban a funcionar las peluquer\u00edas en Exaltaci\u00f3n de la Cruz, con un sistema de turnos previos.<\/p>\n<p>Entre otros requisitos, los peluqueros deben usar material protector, y el cliente tiene la obligaci\u00f3n de usar tapaboca. Se deben respetar distancias m\u00ednimas, y en cada local d<span class=\"text_exposed_show\">ebe haber elementos de desinfecci\u00f3n.<\/span><\/p>\n<p>El protocolo surgi\u00f3 luego de analizar la propuesta provincial con la colaboraci\u00f3n de <em>Mauricio Ugalde<\/em>, profesional peluquero de nuestro distrito, que enriqueci\u00f3 con su aporte las medidas con las que iba a funcionar este servicio.<\/p>\n<p>Para despejar dudas, los interesados pueden descargar desde la p\u00e1gina oficial del municipio el protocolo en cuesti\u00f3n, en donde se especifican detalles de los alcances de esta decisi\u00f3n.<\/p>\n<p>&nbsp;<\/p>\n<\/div>\n<\/div>\n","protected":false},"excerpt":{"rendered":"<p>\u00a0DESDE EL LUNES (27\/7), FUNCIONAN LAS PELUQUER\u00cdAS.<\/p>\n","protected":false},"author":4,"featured_media":5900,"comment_status":"open","ping_status":"open","sticky":false,"template":"","format":"standard","meta":{"footnotes":"","jetpack_publicize_message":"","jetpack_publicize_feature_enabled":true,"jetpack_social_post_already_shared":false,"jetpack_social_options":{"image_generator_settings":{"template":"highway","default_image_id":0,"font":"","enabled":false},"version":2}},"categories":[13],"tags":[639,790],"class_list":["post-5870","post","type-post","status-publish","format-standard","has-post-thumbnail","hentry","category-interes-general","tag-pandemia","tag-peluquerias"],"jetpack_publicize_connections":[],"jetpack_featured_media_url":"https:\/\/revistaepocadigital.com.ar\/wp-content\/uploads\/2020\/07\/pel-1.jpg","jetpack_likes_enabled":true,"_links":{"self":[{"href":"https:\/\/revistaepocadigital.com.ar\/index.php?rest_route=\/wp\/v2\/posts\/5870","targetHints":{"allow":["GET"]}}],"collection":[{"href":"https:\/\/revistaepocadigital.com.ar\/index.php?rest_route=\/wp\/v2\/posts"}],"about":[{"href":"https:\/\/revistaepocadigital.com.ar\/index.php?rest_route=\/wp\/v2\/types\/post"}],"author":[{"embeddable":true,"href":"https:\/\/revistaepocadigital.com.ar\/index.php?rest_route=\/wp\/v2\/users\/4"}],"replies":[{"embeddable":true,"href":"https:\/\/revistaepocadigital.com.ar\/index.php?rest_route=%2Fwp%2Fv2%2Fcomments&post=5870"}],"version-history":[{"count":0,"href":"https:\/\/revistaepocadigital.com.ar\/index.php?rest_route=\/wp\/v2\/posts\/5870\/revisions"}],"wp:featuredmedia":[{"embeddable":true,"href":"https:\/\/revistaepocadigital.com.ar\/index.php?rest_route=\/wp\/v2\/media\/5900"}],"wp:attachment":[{"href":"https:\/\/revistaepocadigital.com.ar\/index.php?rest_route=%2Fwp%2Fv2%2Fmedia&parent=5870"}],"wp:term":[{"taxonomy":"category","embeddable":true,"href":"https:\/\/revistaepocadigital.com.ar\/index.php?rest_route=%2Fwp%2Fv2%2Fcategories&post=5870"},{"taxonomy":"post_tag","embeddable":true,"href":"https:\/\/revistaepocadigital.com.ar\/index.php?rest_route=%2Fwp%2Fv2%2Ftags&post=5870"}],"curies":[{"name":"wp","href":"https:\/\/api.w.org\/{rel}","templated":true}]}}