{"id":5880,"date":"2020-07-24T12:52:07","date_gmt":"2020-07-24T15:52:07","guid":{"rendered":"https:\/\/revistaepocadigital.com.ar\/?p=5880"},"modified":"2020-07-24T12:52:28","modified_gmt":"2020-07-24T15:52:28","slug":"allanamiento-por-presunta-comercializacion-de-estupefacientes","status":"publish","type":"post","link":"https:\/\/revistaepocadigital.com.ar\/?p=5880","title":{"rendered":"Allanamiento por presunta comercializaci\u00f3n de estupefacientes"},"content":{"rendered":"<div dir=\"ltr\"><strong>INFORM\u00d3 LA SUPERINTENDENCIA DE SEGURIDAD REGI\u00d3N INTERIOR NORTE.<!--more--><\/strong>LA J.P.S.C EXALTACION DE LA CRUZ (23\/07\/20) hizo saber del allanamiento por por presunta infracci\u00f3n a la ley 23737.<\/div>\n<div dir=\"ltr\"><img loading=\"lazy\" decoding=\"async\" class=\"aligncenter size-medium wp-image-5884\" src=\"https:\/\/revistaepocadigital.com.ar\/wp-content\/uploads\/2020\/07\/3-300x225.jpg\" alt=\"\" width=\"300\" height=\"225\" srcset=\"https:\/\/revistaepocadigital.com.ar\/wp-content\/uploads\/2020\/07\/3-300x225.jpg 300w, https:\/\/revistaepocadigital.com.ar\/wp-content\/uploads\/2020\/07\/3-80x60.jpg 80w, https:\/\/revistaepocadigital.com.ar\/wp-content\/uploads\/2020\/07\/3-160x120.jpg 160w, https:\/\/revistaepocadigital.com.ar\/wp-content\/uploads\/2020\/07\/3-265x198.jpg 265w, https:\/\/revistaepocadigital.com.ar\/wp-content\/uploads\/2020\/07\/3.jpg 516w\" sizes=\"auto, (max-width: 300px) 100vw, 300px\" \/><\/div>\n<div dir=\"ltr\">El S.E.P.C Los Cardales luego de las tareas investigativas, testimonios, pruebas documentales y f\u00edlmicas por parte del Edgo. Gabinete Criminologico de la dependencia, suscripto con personal sulbaterno con apoyo de personal de la\u00a0 Jefatura de Policia de Seguridad Comunal de Exaltaci\u00f3n de la Cruz, personal GTO de la Estacion Policial Comunal Capilla del Se\u00f1or y de Parada Robles, movil CP. Exltacion de la Cruz, personal GAD Exaltaci\u00f3n de la Cruz y Personal Gu\u00eda y Can Rocky de la Direcci\u00f3n de Cinotecnica La Plata, dando cumplimiento a Orden de Allanamientos\u00a0 librada por Juzgado de Garantia n\u00ba 1 a cargo Dra. ADRIANA CIONE del Departamento Judicial ZARATE CAMPANA en la causa n\u00ba 14.769 caratulada PRESUNTA INFRACCION LEY 23737-VENTA DE ESTUPEFACIENTE-PP. 18-03-00610\/20 tramite AREA LEY 23737 Dptl., iniciada d\u00eda 2\/05\/2020 Preventivo 182\/20, es que llevado a cabo protocolo de estilo y bioseguridad, se procedi\u00f3 a irrumpir en *OBJETIVO 01*, la vivienda sita en Maip\u00fa n\u00ba 24 esquina Belgrano de este medio, donde habita sindicado identificado como *JONATHAN EMANUEL VALLEJOS* Arg., (22), instru\u00eddo, soltero,. delivery de comidas, ddo.en el lugar, DNI 41.085.349, nacido 14\/02\/1998 en Rosario, Santa Fe, hijo de Mar\u00eda Elena Vallejos (v), vivienda esta que efectuado el rastrillaje con can Rocky, y al tener indicios positivos personal, llev\u00f3 a cabo requisa procedi\u00e9ndose a la *INCAUTACION* de siguientes elementos: (6) plantas de cannabis sativas en maceta, (5) plantines de cannabis sativa en maceta, (3) envoltorios conteniendo clorhidrato de coca\u00edna listos para la venta, elementos de fraccionamiento: cortes de nylon, precintos de cocina azules y tijera manual, (2) tel\u00e9fonos celulares del imputado, motocicleta Yamaha Crypton color blanca domino 011-LNI (utilizado para realizar delivery de las sustancias).<\/div>\n<div dir=\"ltr\">Anoticiado el Dr. Guevara titular del \u00c1rea Ley 23737. Dptal., por parte del Dr. Fern\u00e1ndez Sebasti\u00e1n- Secretario del MPF,\u00a0 dispuso notificaci\u00f3n, formaci\u00f3n sumaria art\u00edculo 60 del CPP. y Libertad 161 CPP, continu\u00e1ndose con las investigaciones y posterior an\u00e1lisis de los equipos de telefon\u00eda. El veh\u00edculo fue incautado sin impedimentos.<\/div>\n","protected":false},"excerpt":{"rendered":"<p>INFORM\u00d3 LA SUPERINTENDENCIA DE SEGURIDAD REGI\u00d3N INTERIOR NORTE.<\/p>\n","protected":false},"author":3,"featured_media":5882,"comment_status":"open","ping_status":"open","sticky":false,"template":"","format":"standard","meta":{"footnotes":"","jetpack_publicize_message":"","jetpack_publicize_feature_enabled":true,"jetpack_social_post_already_shared":false,"jetpack_social_options":{"image_generator_settings":{"template":"highway","default_image_id":0,"font":"","enabled":false},"version":2}},"categories":[4],"tags":[789],"class_list":["post-5880","post","type-post","status-publish","format-standard","has-post-thumbnail","hentry","category-aqui-los-cardales","tag-allamiento-policial"],"jetpack_publicize_connections":[],"jetpack_featured_media_url":"https:\/\/revistaepocadigital.com.ar\/wp-content\/uploads\/2020\/07\/PHOTO-2020-07-23-18-57-11.jpg","jetpack_likes_enabled":true,"_links":{"self":[{"href":"https:\/\/revistaepocadigital.com.ar\/index.php?rest_route=\/wp\/v2\/posts\/5880","targetHints":{"allow":["GET"]}}],"collection":[{"href":"https:\/\/revistaepocadigital.com.ar\/index.php?rest_route=\/wp\/v2\/posts"}],"about":[{"href":"https:\/\/revistaepocadigital.com.ar\/index.php?rest_route=\/wp\/v2\/types\/post"}],"author":[{"embeddable":true,"href":"https:\/\/revistaepocadigital.com.ar\/index.php?rest_route=\/wp\/v2\/users\/3"}],"replies":[{"embeddable":true,"href":"https:\/\/revistaepocadigital.com.ar\/index.php?rest_route=%2Fwp%2Fv2%2Fcomments&post=5880"}],"version-history":[{"count":0,"href":"https:\/\/revistaepocadigital.com.ar\/index.php?rest_route=\/wp\/v2\/posts\/5880\/revisions"}],"wp:featuredmedia":[{"embeddable":true,"href":"https:\/\/revistaepocadigital.com.ar\/index.php?rest_route=\/wp\/v2\/media\/5882"}],"wp:attachment":[{"href":"https:\/\/revistaepocadigital.com.ar\/index.php?rest_route=%2Fwp%2Fv2%2Fmedia&parent=5880"}],"wp:term":[{"taxonomy":"category","embeddable":true,"href":"https:\/\/revistaepocadigital.com.ar\/index.php?rest_route=%2Fwp%2Fv2%2Fcategories&post=5880"},{"taxonomy":"post_tag","embeddable":true,"href":"https:\/\/revistaepocadigital.com.ar\/index.php?rest_route=%2Fwp%2Fv2%2Ftags&post=5880"}],"curies":[{"name":"wp","href":"https:\/\/api.w.org\/{rel}","templated":true}]}}