{"id":5923,"date":"2020-07-29T15:15:09","date_gmt":"2020-07-29T18:15:09","guid":{"rendered":"https:\/\/revistaepocadigital.com.ar\/?p=5923"},"modified":"2020-07-29T18:55:47","modified_gmt":"2020-07-29T21:55:47","slug":"accion-solidaria-en-hospitales","status":"publish","type":"post","link":"https:\/\/revistaepocadigital.com.ar\/?p=5923","title":{"rendered":"Acci\u00f3n solidaria en hospitales y trabajos en la red"},"content":{"rendered":"<p dir=\"ltr\"><strong>DE LA MANO DE ARTECURA, LA DESARROLLA LA EMPRESA EDEN.<\/strong><!--more--><\/p>\n<p>La acci\u00f3n solidaria #Energ\u00edaQueCura tiene el objeetivo\u00a0 de acercar color y alegr\u00eda a los pacientes y equipos de salud en toda el \u00e1rea de concesi\u00f3n de EDEN.<\/p>\n<p dir=\"ltr\">mediante una acci\u00f3n de voluntariado, los hijos de los empleados de EDEN junto a sus familias, pintan cuadros alegres y coloridos, pre dise\u00f1ados por ArteCura, para entregar a los hospitales.<\/p>\n<p dir=\"ltr\">\u201c<em>Estar presentes en nuestras comunidades es fundamental para nosotros, no s\u00f3lo trabajando para asegurar la calidad del servicio el\u00e9ctrico, sino tambi\u00e9n acompa\u00f1ando su crecimiento\u201d,<\/em> expres\u00f3 Diana Hulten, Gerente de Recursos Humanos y Relaciones Institucionales de EDEN<\/p>\n<p dir=\"ltr\">Y agreg\u00f3:<em> \u201cRealmente esperamos que esta acci\u00f3n lleve alegr\u00eda, color y buena energ\u00eda a cada rinc\u00f3n de los hospitales, sobre todo en este dif\u00edcil contexto. \u00a1Gracias a las familias de nuestros empleados por sumarse a esta actividad solidaria!\u201d.<\/em><\/p>\n<p dir=\"ltr\"><strong>EDEN trabaja en tu barrio<\/strong><\/p>\n<p dir=\"ltr\">EDEN inform\u00f3 que se iba a realizar una interrupci\u00f3n del suministro el\u00e9ctrico por un pedido puntual realizado a la distribuidora.<\/p>\n<p dir=\"ltr\">Las tareas a llevarse a cabo:<\/p>\n<ul>\n<li dir=\"ltr\">\n<p dir=\"ltr\">el d\u00eda viernes 31 de julio; de 7 a 12 hs.<\/p>\n<\/li>\n<li dir=\"ltr\">\n<p dir=\"ltr\">en Ruta 39, barrio Cielos de Capilla, Storage Compat y Granja Tres Arroyos.<\/p>\n<\/li>\n<\/ul>\n<p dir=\"ltr\">En caso de presentarse condiciones clim\u00e1ticas adversas, las actividades se reprogramaban.<\/p>\n","protected":false},"excerpt":{"rendered":"<p>DE LA MANO DE ARTECURA, LA DESARROLLA LA EMPRESA EDEN.<\/p>\n","protected":false},"author":3,"featured_media":5924,"comment_status":"open","ping_status":"open","sticky":false,"template":"","format":"standard","meta":{"footnotes":"","jetpack_publicize_message":"","jetpack_publicize_feature_enabled":true,"jetpack_social_post_already_shared":false,"jetpack_social_options":{"image_generator_settings":{"template":"highway","default_image_id":0,"font":"","enabled":false},"version":2}},"categories":[4],"tags":[795],"class_list":["post-5923","post","type-post","status-publish","format-standard","has-post-thumbnail","hentry","category-aqui-los-cardales","tag-acciones-solidarias-eden"],"jetpack_publicize_connections":[],"jetpack_featured_media_url":"https:\/\/revistaepocadigital.com.ar\/wp-content\/uploads\/2020\/07\/EDEN-Artecura.jpg","jetpack_likes_enabled":true,"_links":{"self":[{"href":"https:\/\/revistaepocadigital.com.ar\/index.php?rest_route=\/wp\/v2\/posts\/5923","targetHints":{"allow":["GET"]}}],"collection":[{"href":"https:\/\/revistaepocadigital.com.ar\/index.php?rest_route=\/wp\/v2\/posts"}],"about":[{"href":"https:\/\/revistaepocadigital.com.ar\/index.php?rest_route=\/wp\/v2\/types\/post"}],"author":[{"embeddable":true,"href":"https:\/\/revistaepocadigital.com.ar\/index.php?rest_route=\/wp\/v2\/users\/3"}],"replies":[{"embeddable":true,"href":"https:\/\/revistaepocadigital.com.ar\/index.php?rest_route=%2Fwp%2Fv2%2Fcomments&post=5923"}],"version-history":[{"count":0,"href":"https:\/\/revistaepocadigital.com.ar\/index.php?rest_route=\/wp\/v2\/posts\/5923\/revisions"}],"wp:featuredmedia":[{"embeddable":true,"href":"https:\/\/revistaepocadigital.com.ar\/index.php?rest_route=\/wp\/v2\/media\/5924"}],"wp:attachment":[{"href":"https:\/\/revistaepocadigital.com.ar\/index.php?rest_route=%2Fwp%2Fv2%2Fmedia&parent=5923"}],"wp:term":[{"taxonomy":"category","embeddable":true,"href":"https:\/\/revistaepocadigital.com.ar\/index.php?rest_route=%2Fwp%2Fv2%2Fcategories&post=5923"},{"taxonomy":"post_tag","embeddable":true,"href":"https:\/\/revistaepocadigital.com.ar\/index.php?rest_route=%2Fwp%2Fv2%2Ftags&post=5923"}],"curies":[{"name":"wp","href":"https:\/\/api.w.org\/{rel}","templated":true}]}}