{"id":5938,"date":"2020-07-29T23:49:17","date_gmt":"2020-07-30T02:49:17","guid":{"rendered":"https:\/\/revistaepocadigital.com.ar\/?p=5938"},"modified":"2020-07-29T23:49:38","modified_gmt":"2020-07-30T02:49:38","slug":"enfrentar-al-virus-y-conscientizados-aprender-a-convivir-con-el","status":"publish","type":"post","link":"https:\/\/revistaepocadigital.com.ar\/?p=5938","title":{"rendered":"Enfrentar al virus y conscientizados, aprender a convivir con el"},"content":{"rendered":"<p><strong>EL NUMERO.<\/strong><!--more--><\/p>\n<p>Los 15 contagiados por coronavirus, registrados el 28 de julio en Exaltaci\u00f3n de la Cruz, acentu\u00f3 la preocupaci\u00f3n vecinal y encendi\u00f3 a\u00fan m\u00e1s las alertas en las autoridades municipales y las del \u00e1rea de salud. Pueden existir factores o razones para explicar el crecimiento de casos en nuestro distrito, si bien los n\u00fameros distan de los que se observan en partidos vecinos o en zonas del AMBA.<\/p>\n<p>Hace poco la aparici\u00f3n de casos positivos en el Geri\u00e1trico Municipal, entre los cuales una mujer mayor que se encontr\u00f3 entre ellos lamentablemente falleci\u00f3; hizo extremar las medidas a quienes conducen la salud en el municipio, luego que como medida preventiva fueran hisopados la totalidad de los abuelos<br \/>\nresidentes en el Geri\u00e1tico, surgiendo esos casos positivos que permanec\u00edan asintom\u00e1ticos.<\/p>\n<p>El D\u00eda del Amigo (20 de julio), tambi\u00e9n ante la realizaci\u00f3n de reuniones privadas en Capilla del Se\u00f1or, Los Cardales que no est\u00e1n permitidas, en las que incluso pudieron no respetarse los cuidados exigidos, pudieron derivar en que surgieran nuevos contagiados lo que habr\u00eda ocasionado malestar en el intendente Diego Nanni y autoridades de Salud. Si bien hubo trascendidos, no se hab\u00edan confirmados aquellos que pudieran haberse reunido para festejar el D\u00eda del Amigo.<\/p>\n<p>Es evidente que, luego de una cuarentena interminable iniciada en marzo pasado, la actitud de los argentinos en muchos casos y tambi\u00e9n en cierta<br \/>\ncantidad de vecinos, se ha ido modificando ganando terreno hasta justificado hartazgo, torn\u00e1ndose menos cumplidores de los importantes recaudos a adoptar para enfrentar al Covid-19. Est\u00e1 claro que si a esta altura de semejante flagelo que golpea tan duro a la Argentina, con consecuencias tan lamentables en cuanto a las vidas humanas perdidas, no se mantiene la guardia en alto por m\u00e1s compleja que sea ese cometido, se le abren m\u00e1s puertas para que el virus continu\u00e9 flagelando a nuestro pa\u00eds.<\/p>\n<figure id=\"attachment_5942\" aria-describedby=\"caption-attachment-5942\" style=\"width: 300px\" class=\"wp-caption aligncenter\"><img loading=\"lazy\" decoding=\"async\" class=\"size-medium wp-image-5942\" src=\"https:\/\/revistaepocadigital.com.ar\/wp-content\/uploads\/2020\/07\/covid-control1-300x199.jpg\" alt=\"\" width=\"300\" height=\"199\" srcset=\"https:\/\/revistaepocadigital.com.ar\/wp-content\/uploads\/2020\/07\/covid-control1-300x199.jpg 300w, https:\/\/revistaepocadigital.com.ar\/wp-content\/uploads\/2020\/07\/covid-control1.jpg 528w\" sizes=\"auto, (max-width: 300px) 100vw, 300px\" \/><figcaption id=\"caption-attachment-5942\" class=\"wp-caption-text\">A no relajarse!, a continuar tomando todos lo recaudos posibles.<\/figcaption><\/figure>\n<p>Tambi\u00e9n la lucha la mantienen en muchos casos poniendo en riesgos sus propias vidas, m\u00e9dicos, enfermeros y el resto del personal abocado al cuidado de la salud p\u00fablica. El momento que se atraviesa se asemeja a un estrecho desfiladero, agravado incluso por las bajas temperaturas invernales y por el crecimiento en el movimiento de gente.<\/p>\n<p>Sobre el presente, la licenciada Guadalupe Bravo, sub secretaria de Salud dijo al sitio web Capilla Online:<em> \u201cCon respecto a los adultos mayores, siguen todos asintom\u00e1ticos y estables, hisopamos a todo el personal de salud que hab\u00eda estado en el Geri\u00e1trico y cuatro dieron positivo\u201d<\/em>. Despu\u00e9s acot\u00f3: <em>\u201cTambi\u00e9n hemos tenido en un sector de internaci\u00f3n a un paciente, que la familia nos avis\u00f3 que estaba con s\u00edntomas, lo trasladamos de sector, se hisop\u00f3 y dio positivo<\/em>\u201d.<\/p>\n<p>La identificaci\u00f3n de casos positivos, representa el inicio de la puesta en marcha de los protocolos y medidas estrat\u00e9gicas sanitarias vigentes. Son claves en la pelea para evitar que el virus se extienda, de ah\u00ed el aislamiento a contagiados y personas con contacto directo que son monitoreados para constatar los estados de salud. &#8220;<em>Ya sea en los casos detectados en el Geri\u00e1trico, como el paciente internado, se encuentran aislados, y tambi\u00e9n tenemos monitoreados a los contactos estrechos y a su vez, a los contactos estrechos de los anteriores, lo que hace que se haya convertido en una red bastante extensa\u201d<\/em>, ampli\u00f3 al mismo medio la licenciada Bravo quien hizo hincapi\u00e9 que ante el n\u00famero de personal de<br \/>\nsalud aislado, no se carece de personal para continuar con las tareas, <em>&#8220;el hospital sigue funcionando, entre todos estamos sosteniendo lo que le brindamos a los pacientes, nuestro sistema de salud&#8221;. Hospital precisamente donde un <\/em><span id=\"fbPhotoSnowliftCaption\" class=\"fbPhotosPhotoCaption\" tabindex=\"0\" aria-live=\"polite\" data-ft=\"{&quot;tn&quot;:&quot;K&quot;}\"><span class=\"hasCaption\">tercer paciente internado por Covid-19, fuera tratado con plasma que permite que la persona infectada, reciba una importante cantidad de anticuerpos, que su organismo tarda en elaborar.<\/span><\/span><\/p>\n<div class=\"_xlr\">\n<div id=\"fbPhotoSnowliftComputerVisionAnnotation\" class=\"fbPhotosPhotoCVAnnotation\">Ante la magnitud y los alcances de la pandemia, cuyo pico se segu\u00eda aguardando y mientras continuaban an\u00e1lisis y predicciones de especialistas algunos muy preocupantes y otros contradictorios, a la atenci\u00f3n m\u00e9dica y las recomendaciones de autoridades que se brindan, hay que apelar m\u00e1s que nunca al sentido de la responsabilidad personal y familiar que deben convertirse en un verdadero basti\u00f3n para enfrentar al virus y para tambi\u00e9n, saber convivir con el como es debido.<\/div>\n<\/div>\n<div><\/div>\n<div>Fotos: prensa municipalidad<\/div>\n","protected":false},"excerpt":{"rendered":"<p>EL NUMERO.<\/p>\n","protected":false},"author":4,"featured_media":5941,"comment_status":"open","ping_status":"open","sticky":false,"template":"","format":"standard","meta":{"footnotes":"","jetpack_publicize_message":"","jetpack_publicize_feature_enabled":true,"jetpack_social_post_already_shared":false,"jetpack_social_options":{"image_generator_settings":{"template":"highway","default_image_id":0,"font":"","enabled":false},"version":2}},"categories":[17],"tags":[798,670,639],"class_list":["post-5938","post","type-post","status-publish","format-standard","has-post-thumbnail","hentry","category-politica","tag-casos","tag-exaltacion-de-la-cruz","tag-pandemia"],"jetpack_publicize_connections":[],"jetpack_featured_media_url":"https:\/\/revistaepocadigital.com.ar\/wp-content\/uploads\/2020\/07\/covid-personal-salud.jpg","jetpack_likes_enabled":true,"_links":{"self":[{"href":"https:\/\/revistaepocadigital.com.ar\/index.php?rest_route=\/wp\/v2\/posts\/5938","targetHints":{"allow":["GET"]}}],"collection":[{"href":"https:\/\/revistaepocadigital.com.ar\/index.php?rest_route=\/wp\/v2\/posts"}],"about":[{"href":"https:\/\/revistaepocadigital.com.ar\/index.php?rest_route=\/wp\/v2\/types\/post"}],"author":[{"embeddable":true,"href":"https:\/\/revistaepocadigital.com.ar\/index.php?rest_route=\/wp\/v2\/users\/4"}],"replies":[{"embeddable":true,"href":"https:\/\/revistaepocadigital.com.ar\/index.php?rest_route=%2Fwp%2Fv2%2Fcomments&post=5938"}],"version-history":[{"count":0,"href":"https:\/\/revistaepocadigital.com.ar\/index.php?rest_route=\/wp\/v2\/posts\/5938\/revisions"}],"wp:featuredmedia":[{"embeddable":true,"href":"https:\/\/revistaepocadigital.com.ar\/index.php?rest_route=\/wp\/v2\/media\/5941"}],"wp:attachment":[{"href":"https:\/\/revistaepocadigital.com.ar\/index.php?rest_route=%2Fwp%2Fv2%2Fmedia&parent=5938"}],"wp:term":[{"taxonomy":"category","embeddable":true,"href":"https:\/\/revistaepocadigital.com.ar\/index.php?rest_route=%2Fwp%2Fv2%2Fcategories&post=5938"},{"taxonomy":"post_tag","embeddable":true,"href":"https:\/\/revistaepocadigital.com.ar\/index.php?rest_route=%2Fwp%2Fv2%2Ftags&post=5938"}],"curies":[{"name":"wp","href":"https:\/\/api.w.org\/{rel}","templated":true}]}}