{"id":5948,"date":"2020-07-30T21:01:28","date_gmt":"2020-07-31T00:01:28","guid":{"rendered":"https:\/\/revistaepocadigital.com.ar\/?p=5948"},"modified":"2020-07-30T21:01:28","modified_gmt":"2020-07-31T00:01:28","slug":"alerta-dos-accidentes-en-cruces-ferroviarios-antes-de-que-sea-tarde","status":"publish","type":"post","link":"https:\/\/revistaepocadigital.com.ar\/?p=5948","title":{"rendered":"\u00a1Alerta!, dos accidentes en cruces ferroviarios&#8230;antes de que sea tarde"},"content":{"rendered":"<p><strong>LOS PASOS A NIVEL FERROVIARIOS.<\/strong><!--more--><\/p>\n<p>Han sido desde hace d\u00e9cadas un foco potencial de accidentes, muchos ocurridos con consecuencias luctuosas, como supieron ocurrir en nuestro distrito tambi\u00e9n. Y esos cruces de veh\u00edculos sobre v\u00edas de ferrocarriles, contin\u00faan siendo muy peligrosos. Existentes en todo el pa\u00eds, si bien en algunas ciudades como Buenos Aires, se han ido reduciendo.<\/p>\n<p>Sin embargo, dos accidentes producidos localmente, vuelven a reflotar el recurrente problema. Y vecinos lo manifiestan y transmiten con entendible preocupaci\u00f3n.<\/p>\n<p>Veamos a modo de ejemplo, seguramente compartido por muchos, el posteo en la red social Facebook del vecino Marcelo Franco a prop\u00f3sito de los recientes accidentes en los que una formaci\u00f3n ferroviaria atropell\u00f3 veh\u00edculos.<\/p>\n<p><strong><em>&#8220;Solicito ayuda urgente. Un par de palos. Dos carteles de metal blanco. Pintura roja. Y un voluntario que escriba: PELIGRO. CRUCE FERROVIARIO. VECINOS. DETENERSE Y MIRAR BIEN A AMBOS LADOS PARA NO LLEVAR SE UN TREN POR DELANTE. SI NO QUIEREN CUIDAR SUS VIDAS Y SUS AUTOS POR LO MENOS CUIDEN LOS SERVICIOS FERROVIARIOS. Dos accidentes en una o dos semanas. No se puede creer. <span style=\"color: #000000;\"><a class=\"profileLink\" style=\"color: #000000;\" title=\"Diego Nanni\" href=\"https:\/\/www.facebook.com\/diego.nanni?__tn__=%2CdK-R-R&amp;eid=ARCiT73jqkNq6Q5Gm4UWGyTryOy29Yy90DaWgZQniY4Hny5lkhDIceCryLvdjJ3XKx649pxeuWqG8I0Y&amp;fref=mentions\" data-hovercard=\"\/ajax\/hovercard\/user.php?id=713003771&amp;extragetparams=%7B%22__tn__%22%3A%22%2CdK-R-R%22%2C%22eid%22%3A%22ARCiT73jqkNq6Q5Gm4UWGyTryOy29Yy90DaWgZQniY4Hny5lkhDIceCryLvdjJ3XKx649pxeuWqG8I0Y%22%2C%22fref%22%3A%22mentions%22%7D\" data-hovercard-prefer-more-content-show=\"1\">Diego Nanni<\/a>.<\/span> Pongan una se\u00f1al sonoro luminosa. Por favor, antes de que muera alguien&#8221;.<\/em><\/strong><\/p>\n<p><img loading=\"lazy\" decoding=\"async\" class=\"aligncenter size-medium wp-image-5952\" src=\"https:\/\/revistaepocadigital.com.ar\/wp-content\/uploads\/2020\/07\/tren-acci-1-fm-300x158.jpg\" alt=\"\" width=\"300\" height=\"158\" srcset=\"https:\/\/revistaepocadigital.com.ar\/wp-content\/uploads\/2020\/07\/tren-acci-1-fm-300x158.jpg 300w, https:\/\/revistaepocadigital.com.ar\/wp-content\/uploads\/2020\/07\/tren-acci-1-fm-768x406.jpg 768w, https:\/\/revistaepocadigital.com.ar\/wp-content\/uploads\/2020\/07\/tren-acci-1-fm-696x368.jpg 696w, https:\/\/revistaepocadigital.com.ar\/wp-content\/uploads\/2020\/07\/tren-acci-1-fm-795x420.jpg 795w, https:\/\/revistaepocadigital.com.ar\/wp-content\/uploads\/2020\/07\/tren-acci-1-fm.jpg 960w\" sizes=\"auto, (max-width: 300px) 100vw, 300px\" \/><\/p>\n<p>La foto de arriba muestra tambi\u00e9n el lugar del segundo accidente en pocos d\u00edas, sobre el paso a nivel del Ferrocarril Mitre en la calle Alem de Capilla del Se\u00f1or, donde una locomotora embisti\u00f3 a un autom\u00f3vil Chevrolet<\/p>\n<p>Vale reflexionar acerca de tomar medidas en ese lugar, por parte de funcionarios del Ferrocarril Mitre y de la municipalidad de Exaltaci\u00f3n de la Cruz, que a prop\u00f3sito seg\u00fan lo anunciado, recib\u00eda una importante suma de dinero destinado\u00a0 a obras. As\u00ed como se torna muy importante encontrar soluciones, tambi\u00e9n peatones y automovil\u00edstas al atravesar esa paso a nivel as\u00ed como otros en cualquier punto, deben extremar las precauciones y prestar particular atenci\u00f3n al circular por pasos a nivel. La cosa pasa por el lado de organismos y, tambi\u00e9n, de la gente. \u00bfQue pens\u00e1s?<\/p>\n<p>&nbsp;<\/p>\n<p>&nbsp;<\/p>\n<p>Fotos: gentileza FM Studio 90.5.<\/p>\n","protected":false},"excerpt":{"rendered":"<p>LOS PASOS A NIVEL FERROVIARIOS.<\/p>\n","protected":false},"author":4,"featured_media":5951,"comment_status":"open","ping_status":"open","sticky":false,"template":"","format":"standard","meta":{"footnotes":"","jetpack_publicize_message":"","jetpack_publicize_feature_enabled":true,"jetpack_social_post_already_shared":false,"jetpack_social_options":{"image_generator_settings":{"template":"highway","default_image_id":0,"font":"","enabled":false},"version":2}},"categories":[13],"tags":[107,799],"class_list":["post-5948","post","type-post","status-publish","format-standard","has-post-thumbnail","hentry","category-interes-general","tag-accidentes","tag-pasos-a-nivel"],"jetpack_publicize_connections":[],"jetpack_featured_media_url":"https:\/\/revistaepocadigital.com.ar\/wp-content\/uploads\/2020\/07\/tren-acci-fm-studo.jpg","jetpack_likes_enabled":true,"_links":{"self":[{"href":"https:\/\/revistaepocadigital.com.ar\/index.php?rest_route=\/wp\/v2\/posts\/5948","targetHints":{"allow":["GET"]}}],"collection":[{"href":"https:\/\/revistaepocadigital.com.ar\/index.php?rest_route=\/wp\/v2\/posts"}],"about":[{"href":"https:\/\/revistaepocadigital.com.ar\/index.php?rest_route=\/wp\/v2\/types\/post"}],"author":[{"embeddable":true,"href":"https:\/\/revistaepocadigital.com.ar\/index.php?rest_route=\/wp\/v2\/users\/4"}],"replies":[{"embeddable":true,"href":"https:\/\/revistaepocadigital.com.ar\/index.php?rest_route=%2Fwp%2Fv2%2Fcomments&post=5948"}],"version-history":[{"count":0,"href":"https:\/\/revistaepocadigital.com.ar\/index.php?rest_route=\/wp\/v2\/posts\/5948\/revisions"}],"wp:featuredmedia":[{"embeddable":true,"href":"https:\/\/revistaepocadigital.com.ar\/index.php?rest_route=\/wp\/v2\/media\/5951"}],"wp:attachment":[{"href":"https:\/\/revistaepocadigital.com.ar\/index.php?rest_route=%2Fwp%2Fv2%2Fmedia&parent=5948"}],"wp:term":[{"taxonomy":"category","embeddable":true,"href":"https:\/\/revistaepocadigital.com.ar\/index.php?rest_route=%2Fwp%2Fv2%2Fcategories&post=5948"},{"taxonomy":"post_tag","embeddable":true,"href":"https:\/\/revistaepocadigital.com.ar\/index.php?rest_route=%2Fwp%2Fv2%2Ftags&post=5948"}],"curies":[{"name":"wp","href":"https:\/\/api.w.org\/{rel}","templated":true}]}}