{"id":5988,"date":"2020-08-02T00:47:32","date_gmt":"2020-08-02T03:47:32","guid":{"rendered":"https:\/\/revistaepocadigital.com.ar\/?p=5988"},"modified":"2020-08-04T00:45:51","modified_gmt":"2020-08-04T03:45:51","slug":"el-pedido-desesperado-de-una-hija","status":"publish","type":"post","link":"https:\/\/revistaepocadigital.com.ar\/?p=5988","title":{"rendered":"El padre que ya no est\u00e1"},"content":{"rendered":"<p><strong>EN NOTAS ANTERIORES.<\/strong><!--more--><\/p>\n<p>Reflejamos en EPOCA, la angustia de una hija, <strong>Belu Mena<\/strong>, por sus padres internados, y la tardanza por arribar a nuestra ciudad los resultados de los hisopados efectuados por personal del \u00e1rea de Salud del municipio, y enviados a la Capital Federal para los estudios correspondientes.<\/p>\n<p>Tambi\u00e9n nos hicimos eco del testimonio de la joven, cuando cont\u00f3 en su muro de Facebook, la esperanza surgida al arribar esos resultados, pese que dieran positivo de Covid-19 en sus padres.<\/p>\n<p>Sin embargo, mientras que su madre permanec\u00eda en estado delicado internada en el Hospital, el final para su padre Mariano Mena fue el m\u00e1s doloroso y triste al conocerse su fallecimiento. Mena junto a su hermano y padres, vecinos de toda la vida de Capilla del Se\u00f1or, familia que durante a\u00f1o supo vivir en la casa de la calle Moreno en el Barrio La Boca, no pudo sobreponerse y dej\u00f3 de existir.<\/p>\n<p>Con todo su profundo dolor a cuestas, Belu Mena despidi\u00f3 a su padre con este emotivo mensaje posteado tambi\u00e9n en su muro de Facebook.<\/p>\n<p><em>&#8220;Vago hasta para irte.<\/em><br \/>\n<em>Me dejas con el coraz\u00f3n hecho pedazos, te llevaste m\u00ed alma con vos. Solo queda decirte que gracias por ense\u00f1arme a vivir libre y sin barreras. <\/em><\/p>\n<p><em>Los 23 a\u00f1os que estuviste conmigo parecen un d\u00eda, pero s\u00e9 que en cada reto, pelea, charla, siempre quise ponerte orgulloso de la hija que ten\u00edas y que siempre quise cuidarte . Me cuesta entender esta partida en estos momentos, pero alg\u00fan d\u00eda encontrar\u00e9 la paz para poder continuar sin vos f\u00edsicamente, <\/em><span class=\"text_exposed_show\"><em>porque emocionalmente siempre estar\u00e1s en m\u00ed coraz\u00f3n.<\/em><\/span><\/p>\n<figure id=\"attachment_6015\" aria-describedby=\"caption-attachment-6015\" style=\"width: 533px\" class=\"wp-caption alignleft\"><img loading=\"lazy\" decoding=\"async\" class=\"size-full wp-image-6015\" src=\"https:\/\/revistaepocadigital.com.ar\/wp-content\/uploads\/2020\/08\/mena1.jpg\" alt=\"\" width=\"533\" height=\"597\" srcset=\"https:\/\/revistaepocadigital.com.ar\/wp-content\/uploads\/2020\/08\/mena1.jpg 533w, https:\/\/revistaepocadigital.com.ar\/wp-content\/uploads\/2020\/08\/mena1-268x300.jpg 268w, https:\/\/revistaepocadigital.com.ar\/wp-content\/uploads\/2020\/08\/mena1-375x420.jpg 375w\" sizes=\"auto, (max-width: 533px) 100vw, 533px\" \/><figcaption id=\"caption-attachment-6015\" class=\"wp-caption-text\">La joven junto a su padre fallecido (Foto Facebook).<\/figcaption><\/figure>\n<p><span class=\"text_exposed_show\"><em> Intent\u00e9 darte la mejor despedida y s\u00e9 que pronto me vas a venir a buscar, me vas a dar la mano y vamos a volver a ser felices juntos . Por ahora te dejo ir por que s\u00e9 lo mucho que extra\u00f1ar\u00e9 toda tu vida a tu mam\u00e1, en cada sue\u00f1o y gritos por las noches ella te buscaba, hoy lo logr\u00f3.<\/em><\/span><\/p>\n<p><span class=\"text_exposed_show\"><em> Pero te pido por favor que aunque amaste tanto a mam<\/em>\u00e1, <em>no me la lleves por que ahora necesito de ella. Tu amor por ella era transparente y real. Gracias por hacernos tan feliz. Te amo. Y siempre t voy amar, gu\u00edame siempre por el mejor camino como siempre lo hiciste&#8221; .<\/em><\/span><\/p>\n<p style=\"text-align: center;\"><strong>&#8230;&#8230;&#8230;&#8230;&#8230;&#8230;&#8230;&#8230;&#8230;.<\/strong><\/p>\n<p><strong>ARRIBARON LOS RESULTADOS.<\/strong><!--more--><\/p>\n<p><span id=\"fbPhotoSnowliftCaption\" class=\"fbPhotosPhotoCaption\" tabindex=\"0\" aria-live=\"polite\" data-ft=\"{&quot;tn&quot;:&quot;K&quot;}\"><span class=\"hasCaption\">Los resultados de los testeos efectuados a los padres arribaron, y ambos son positivos de Covid-19.<\/span><\/span><\/p>\n<p><span id=\"fbPhotoSnowliftCaption\" class=\"fbPhotosPhotoCaption\" tabindex=\"0\" aria-live=\"polite\" data-ft=\"{&quot;tn&quot;:&quot;K&quot;}\"><span class=\"hasCaption\"><em>&#8220;A rezar para que llegue el plasma y evolucion\u00e9 ! Gracias a todos !&#8221;<\/em>, mencion\u00f3 Belu Mena en la red social Facebook y luego escribi\u00f3:<\/span><\/span><\/p>\n<p><strong><img loading=\"lazy\" decoding=\"async\" class=\"aligncenter size-medium wp-image-6001\" src=\"https:\/\/revistaepocadigital.com.ar\/wp-content\/uploads\/2020\/08\/44-300x180.jpg\" alt=\"\" width=\"300\" height=\"180\" srcset=\"https:\/\/revistaepocadigital.com.ar\/wp-content\/uploads\/2020\/08\/44-300x180.jpg 300w, https:\/\/revistaepocadigital.com.ar\/wp-content\/uploads\/2020\/08\/44-696x419.jpg 696w, https:\/\/revistaepocadigital.com.ar\/wp-content\/uploads\/2020\/08\/44-698x420.jpg 698w, https:\/\/revistaepocadigital.com.ar\/wp-content\/uploads\/2020\/08\/44.jpg 720w\" sizes=\"auto, (max-width: 300px) 100vw, 300px\" \/><\/strong><\/p>\n<p>&nbsp;<\/p>\n<p style=\"text-align: center;\"><strong>&#8230;&#8230;&#8230;&#8230;&#8230;&#8230;&#8230;&#8230;&#8230;.<\/strong><\/p>\n<p><strong>SE NECESITAN URGENTE LOS RESULTADOS DE HISOPADOS A SUS PADRES.<\/strong><!--more--><\/p>\n<p>Y mostr\u00f3 Belu Mena, una chica de Capilla del Se\u00f1or, su angustia en la red social Facebook. Se debe a la excesiva demora en recibirse resultados de hisopados por coronavirus, efectuados por personal de Salud del municipio a personas del distrito. Muestras enviadas a centros especializados en la Capital Federal, como el Instituto Malbr\u00e1n. Las muestras que se examinan en dicho centro asistencial, se han incrementado, lo que lleva a que la entrega de resultados muestren notables demoras, lo que implica una indudable preocupaci\u00f3n que se suma para las personas hisopadas y sus familiares.<\/p>\n<p><img loading=\"lazy\" decoding=\"async\" class=\"aligncenter size-medium wp-image-5989\" src=\"https:\/\/revistaepocadigital.com.ar\/wp-content\/uploads\/2020\/08\/66-244x300.jpg\" alt=\"\" width=\"244\" height=\"300\" srcset=\"https:\/\/revistaepocadigital.com.ar\/wp-content\/uploads\/2020\/08\/66-244x300.jpg 244w, https:\/\/revistaepocadigital.com.ar\/wp-content\/uploads\/2020\/08\/66-324x400.jpg 324w, https:\/\/revistaepocadigital.com.ar\/wp-content\/uploads\/2020\/08\/66-648x800.jpg 648w, https:\/\/revistaepocadigital.com.ar\/wp-content\/uploads\/2020\/08\/66-696x854.jpg 696w, https:\/\/revistaepocadigital.com.ar\/wp-content\/uploads\/2020\/08\/66-342x420.jpg 342w, https:\/\/revistaepocadigital.com.ar\/wp-content\/uploads\/2020\/08\/66-684x840.jpg 684w, https:\/\/revistaepocadigital.com.ar\/wp-content\/uploads\/2020\/08\/66.jpg 734w\" sizes=\"auto, (max-width: 244px) 100vw, 244px\" \/><\/p>\n<p>Foto: gentileza Rjacoby<\/p>\n","protected":false},"excerpt":{"rendered":"<p>EN NOTAS ANTERIORES.<\/p>\n","protected":false},"author":3,"featured_media":5992,"comment_status":"open","ping_status":"open","sticky":false,"template":"","format":"standard","meta":{"footnotes":"","jetpack_publicize_message":"","jetpack_publicize_feature_enabled":true,"jetpack_social_post_already_shared":false,"jetpack_social_options":{"image_generator_settings":{"template":"highway","default_image_id":0,"font":"","enabled":false},"version":2}},"categories":[17],"tags":[405,803],"class_list":["post-5988","post","type-post","status-publish","format-standard","has-post-thumbnail","hentry","category-politica","tag-fallecimiento","tag-hisopados"],"jetpack_publicize_connections":[],"jetpack_featured_media_url":"https:\/\/revistaepocadigital.com.ar\/wp-content\/uploads\/2020\/08\/belu.jpg","jetpack_likes_enabled":true,"_links":{"self":[{"href":"https:\/\/revistaepocadigital.com.ar\/index.php?rest_route=\/wp\/v2\/posts\/5988","targetHints":{"allow":["GET"]}}],"collection":[{"href":"https:\/\/revistaepocadigital.com.ar\/index.php?rest_route=\/wp\/v2\/posts"}],"about":[{"href":"https:\/\/revistaepocadigital.com.ar\/index.php?rest_route=\/wp\/v2\/types\/post"}],"author":[{"embeddable":true,"href":"https:\/\/revistaepocadigital.com.ar\/index.php?rest_route=\/wp\/v2\/users\/3"}],"replies":[{"embeddable":true,"href":"https:\/\/revistaepocadigital.com.ar\/index.php?rest_route=%2Fwp%2Fv2%2Fcomments&post=5988"}],"version-history":[{"count":0,"href":"https:\/\/revistaepocadigital.com.ar\/index.php?rest_route=\/wp\/v2\/posts\/5988\/revisions"}],"wp:featuredmedia":[{"embeddable":true,"href":"https:\/\/revistaepocadigital.com.ar\/index.php?rest_route=\/wp\/v2\/media\/5992"}],"wp:attachment":[{"href":"https:\/\/revistaepocadigital.com.ar\/index.php?rest_route=%2Fwp%2Fv2%2Fmedia&parent=5988"}],"wp:term":[{"taxonomy":"category","embeddable":true,"href":"https:\/\/revistaepocadigital.com.ar\/index.php?rest_route=%2Fwp%2Fv2%2Fcategories&post=5988"},{"taxonomy":"post_tag","embeddable":true,"href":"https:\/\/revistaepocadigital.com.ar\/index.php?rest_route=%2Fwp%2Fv2%2Ftags&post=5988"}],"curies":[{"name":"wp","href":"https:\/\/api.w.org\/{rel}","templated":true}]}}