{"id":6006,"date":"2020-08-03T12:54:20","date_gmt":"2020-08-03T15:54:20","guid":{"rendered":"https:\/\/revistaepocadigital.com.ar\/?p=6006"},"modified":"2020-08-03T12:54:20","modified_gmt":"2020-08-03T15:54:20","slug":"reaperturas-en-la-ciudad-de-buenos-aires-en-amba-sin-cambios","status":"publish","type":"post","link":"https:\/\/revistaepocadigital.com.ar\/?p=6006","title":{"rendered":"Reaperturas en la ciudad de Buenos Aires, en AMBA sin cambios"},"content":{"rendered":"<div id=\"main\">\n<article class=\"editorialPage\">\n<div class=\"container\">\n<div class=\"editorialPage_container cf\">\n<div class=\"main\">\n<div class=\"editorialPage_body\">\n<p><strong>COMO SIGUE LA HISTORIA.<!--more--><\/strong><\/p>\n<p>El presidente\u00a0<strong>Alberto Fern\u00e1ndez<\/strong>, el gobernador bonaerense,\u00a0<strong>Axel Kicilloff<\/strong>, y el jefe de Gobierno porte\u00f1o,\u00a0<strong>Horacio Rodr\u00edguez Larreta<\/strong>, anunciaron mediante conferencia de prensa el pasado viernes que la cuarentena en el \u00c1rea Metropolitana de Buenos Aires (AMBA)\u00a0<a href=\"https:\/\/telefe.com\/coronavirus\/en-argentina\/cuarentena-sin-cambios-hasta-el-16-de-agosto\/\">se mantendr\u00e1 igual<\/a>, debido al aumento de contagios y de la tasa de mortalidad, pero con\u00a0<strong>la reaperturtura de ciertas actividades<\/strong>.<\/p>\n<p>&#8220;Hasta el 16 de agosto vamos a mantener las cosas como est\u00e1n hoy. En los \u00faltimos d\u00edas se nota que el coronavirus est\u00e1 circulando m\u00e1s y se detecta una mayor cantidad de contagios. Y esto genera internaciones y, lamentablemente, fallecimientos&#8221;&#8221;, advirti\u00f3 Fern\u00e1ndez.<\/p>\n<p>A partir del lunes (3\/8), entonces, comienza la <strong>reapertura de comercios en las avenidas de alto tr\u00e1nsito<\/strong>\u00a0como Corrientes, Rivadavia, Santa Fe o Cabildo incluidos los de indumentaria y calzado. Eso s\u00ed, no se encuentran incluidos los Centros de Transbordo (Liniers, Retiro y Constituci\u00f3n) y la calle Avellaneda y zona Once.<\/p>\n<p>Los locales comerciales pueden abrir entre las 11:00 y las 21:00 hs, mientras que para asistir hay que tener en cuenta el n\u00famero de DNI: los finalizados en 0, 2, 4, 6 y 8 pueden abrir los d\u00edas pares; y los de terminaci\u00f3n en 1, 3, 5, 7 y 9, los d\u00edas impares.<\/p>\n<p><strong>Actividades permitidas en la Ciudad de Buenos Aies<\/strong><\/p>\n<ul>\n<li>Comercios barriales, de cercan\u00eda, galer\u00edas barriales con DNI seg\u00fan el d\u00eda (par o impar).<\/li>\n<li>Gastronom\u00eda (para llevar).<\/li>\n<li>Administrativos de instituciones educativas.<\/li>\n<li>Escribanos.<\/li>\n<li>Streaming de m\u00fasica.<\/li>\n<li>Actividad f\u00edsica individual (de 18:00 a 10:00).<\/li>\n<li>Salidas recreativas con chicos (todos los d\u00edas de 10:00 a 18:00).<\/li>\n<li>Culto.<\/li>\n<li>Lavaderos de auto.<\/li>\n<li>Paseadores de perros.<\/li>\n<li>Industria del juguete.<\/li>\n<li>Mudanzas (s\u00f3lo los fines de semana).<\/li>\n<li>Abogados.<\/li>\n<li>Contadores.<\/li>\n<li>Galer\u00edas de arte (con turno).<\/li>\n<li>Peluquer\u00edas, depilaci\u00f3n, manicur\u00eda y pedicur\u00eda.<\/li>\n<li>Psic\u00f3logos.<\/li>\n<li>Psicopedagogos.<\/li>\n<li>Terapistas ocupacionales.<\/li>\n<li>Kinesi\u00f3logos que trabajan con trastornos del neurodesarrollo y para la tercera edad.<\/li>\n<li>Fonoaudi\u00f3logos que trabajan con trastorno del espectro autista (TEA).<\/li>\n<li>Comercios de cercan\u00eda en avenidas de alta circulaci\u00f3n.<\/li>\n<\/ul>\n<p><img decoding=\"async\" src=\"https:\/\/telefe-static.akamaized.net\/media\/18215509\/ropa_afp.jpg?width=640&amp;mode=crop\" alt=\"\" data-id=\"733556\" \/><\/p>\n<\/div>\n<p><strong>PROHIBIDAS LAS REUNIONES FAMILIARES<\/strong><\/p>\n<div class=\"editorialPage_body\">\n<p>A su vez, el domingo 2 de agosto, el gobierno nacional\u00a0<a href=\"https:\/\/telefe.com\/coronavirus\/en-argentina\/se-prohiben-las-reuniones-sociales-en-todo-el-pais-por-15-dias\/\">ratific\u00f3 que quedan prohibidos<\/a>\u00a0los &#8220;eventos culturales, recreativos y religiosos en espacios p\u00fablicos o privados con concurrencia mayor a 10 personas&#8221;, adem\u00e1s de los &#8220;eventos sociales o familiares en espacios cerrados y en los domicilios de las personas, en todos los casos y cualquiera sea el n\u00famero de concurrentes, salvo el grupo conviviente&#8221;.<\/p>\n<p>La infracci\u00f3n a esa \u00faltima norma &#8220;deber\u00e1 ser denunciada por la autoridad interviniente a fin de que la autoridad competente determine si se cometieron los delitos previstos en los art\u00edculos 205 y 239 del C\u00f3digo Penal&#8221;, especifica el DNU publicado en el\u00a0<span style=\"color: #000000;\"><a style=\"color: #000000;\" href=\"https:\/\/www.boletinoficial.gob.ar\/detalleAviso\/primera\/232919\/20200802\"><strong>Bolet\u00edn Oficial<\/strong><\/a>.<\/span><\/p>\n<\/div>\n<\/div>\n<div class=\"sidebar cf\">\n<div class=\"MultiView\">\n<div class=\"banner b_300x250\">\n<div id=\"dfpAd_1\" class=\"banner_container cf\">Fuente: Nota publicada en Telefe.com<\/div>\n<\/div>\n<\/div>\n<\/div>\n<\/div>\n<\/div>\n<\/article>\n<\/div>\n<p>Foto portada: gentileza Telam<\/p>\n","protected":false},"excerpt":{"rendered":"<p>COMO SIGUE LA HISTORIA.<\/p>\n","protected":false},"author":4,"featured_media":6008,"comment_status":"open","ping_status":"open","sticky":false,"template":"","format":"standard","meta":{"footnotes":"","jetpack_publicize_message":"","jetpack_publicize_feature_enabled":true,"jetpack_social_post_already_shared":false,"jetpack_social_options":{"image_generator_settings":{"template":"highway","default_image_id":0,"font":"","enabled":false},"version":2}},"categories":[13],"tags":[804,639],"class_list":["post-6006","post","type-post","status-publish","format-standard","has-post-thumbnail","hentry","category-interes-general","tag-apertura-de-actividades-caba","tag-pandemia"],"jetpack_publicize_connections":[],"jetpack_featured_media_url":"https:\/\/revistaepocadigital.com.ar\/wp-content\/uploads\/2020\/08\/gente-coronavis-telam.jpg","jetpack_likes_enabled":true,"_links":{"self":[{"href":"https:\/\/revistaepocadigital.com.ar\/index.php?rest_route=\/wp\/v2\/posts\/6006","targetHints":{"allow":["GET"]}}],"collection":[{"href":"https:\/\/revistaepocadigital.com.ar\/index.php?rest_route=\/wp\/v2\/posts"}],"about":[{"href":"https:\/\/revistaepocadigital.com.ar\/index.php?rest_route=\/wp\/v2\/types\/post"}],"author":[{"embeddable":true,"href":"https:\/\/revistaepocadigital.com.ar\/index.php?rest_route=\/wp\/v2\/users\/4"}],"replies":[{"embeddable":true,"href":"https:\/\/revistaepocadigital.com.ar\/index.php?rest_route=%2Fwp%2Fv2%2Fcomments&post=6006"}],"version-history":[{"count":0,"href":"https:\/\/revistaepocadigital.com.ar\/index.php?rest_route=\/wp\/v2\/posts\/6006\/revisions"}],"wp:featuredmedia":[{"embeddable":true,"href":"https:\/\/revistaepocadigital.com.ar\/index.php?rest_route=\/wp\/v2\/media\/6008"}],"wp:attachment":[{"href":"https:\/\/revistaepocadigital.com.ar\/index.php?rest_route=%2Fwp%2Fv2%2Fmedia&parent=6006"}],"wp:term":[{"taxonomy":"category","embeddable":true,"href":"https:\/\/revistaepocadigital.com.ar\/index.php?rest_route=%2Fwp%2Fv2%2Fcategories&post=6006"},{"taxonomy":"post_tag","embeddable":true,"href":"https:\/\/revistaepocadigital.com.ar\/index.php?rest_route=%2Fwp%2Fv2%2Ftags&post=6006"}],"curies":[{"name":"wp","href":"https:\/\/api.w.org\/{rel}","templated":true}]}}