{"id":6017,"date":"2020-08-04T17:01:44","date_gmt":"2020-08-04T20:01:44","guid":{"rendered":"https:\/\/revistaepocadigital.com.ar\/?p=6017"},"modified":"2020-08-07T17:10:38","modified_gmt":"2020-08-07T20:10:38","slug":"paso-a-nivel-de-la-calle-alem-cerrado","status":"publish","type":"post","link":"https:\/\/revistaepocadigital.com.ar\/?p=6017","title":{"rendered":"PASO A NIVEL DE LA CALLE ALEM: CERRADO"},"content":{"rendered":"<p><strong>LOS ACCIDENTES, UNA MEDIDA.<\/strong><!--more--><\/p>\n<p>Luego de las gestiones, finalmente autorizadas por funcionarios de Ferrocarriles Argentinos, el municipio procedi\u00f3 a cerrar d\u00edas atr\u00e1s el paso a nivel ubicado sobre la calle Alem, en Capilla del Se\u00f1or. La medida fue adoptada en forma preventiva, para evitar m\u00e1s accidentes como los ocurridos, los dos \u00faltimos y afortunados para las vidas humanas, ocurridos recientemente cuando pasaban por el lugar formaciones ferroviarias.<\/p>\n<p><img loading=\"lazy\" decoding=\"async\" class=\"alignleft size-full wp-image-6019\" src=\"https:\/\/revistaepocadigital.com.ar\/wp-content\/uploads\/2020\/08\/paso-nive-mar-3.jpg\" alt=\"\" width=\"960\" height=\"720\" srcset=\"https:\/\/revistaepocadigital.com.ar\/wp-content\/uploads\/2020\/08\/paso-nive-mar-3.jpg 960w, https:\/\/revistaepocadigital.com.ar\/wp-content\/uploads\/2020\/08\/paso-nive-mar-3-300x225.jpg 300w, https:\/\/revistaepocadigital.com.ar\/wp-content\/uploads\/2020\/08\/paso-nive-mar-3-768x576.jpg 768w, https:\/\/revistaepocadigital.com.ar\/wp-content\/uploads\/2020\/08\/paso-nive-mar-3-80x60.jpg 80w, https:\/\/revistaepocadigital.com.ar\/wp-content\/uploads\/2020\/08\/paso-nive-mar-3-160x120.jpg 160w, https:\/\/revistaepocadigital.com.ar\/wp-content\/uploads\/2020\/08\/paso-nive-mar-3-265x198.jpg 265w, https:\/\/revistaepocadigital.com.ar\/wp-content\/uploads\/2020\/08\/paso-nive-mar-3-696x522.jpg 696w, https:\/\/revistaepocadigital.com.ar\/wp-content\/uploads\/2020\/08\/paso-nive-mar-3-560x420.jpg 560w\" sizes=\"auto, (max-width: 960px) 100vw, 960px\" \/><\/p>\n<p>&nbsp;<\/p>\n<p>El paso qued\u00f3 inhabilitado, y el tr\u00e1nsito debe circular por los otros dos cruces, que cuentan con todos los elementos de seguridad necesarios, como se\u00f1ales sonoras y visuales, que evitan cualquier tipo de riesgo a las personas.<\/p>\n<p>Fotos: gentileza Marchese<\/p>\n","protected":false},"excerpt":{"rendered":"<p>LOS ACCIDENTES, UNA MEDIDA.<\/p>\n","protected":false},"author":4,"featured_media":6018,"comment_status":"open","ping_status":"open","sticky":false,"template":"","format":"standard","meta":{"footnotes":"","jetpack_publicize_message":"","jetpack_publicize_feature_enabled":true,"jetpack_social_post_already_shared":false,"jetpack_social_options":{"image_generator_settings":{"template":"highway","default_image_id":0,"font":"","enabled":false},"version":2}},"categories":[13],"tags":[107,801],"class_list":["post-6017","post","type-post","status-publish","format-standard","has-post-thumbnail","hentry","category-interes-general","tag-accidentes","tag-paso-a-nivel"],"jetpack_publicize_connections":[],"jetpack_featured_media_url":"https:\/\/revistaepocadigital.com.ar\/wp-content\/uploads\/2020\/08\/paso-nivel-marche1.jpg","jetpack_likes_enabled":true,"_links":{"self":[{"href":"https:\/\/revistaepocadigital.com.ar\/index.php?rest_route=\/wp\/v2\/posts\/6017","targetHints":{"allow":["GET"]}}],"collection":[{"href":"https:\/\/revistaepocadigital.com.ar\/index.php?rest_route=\/wp\/v2\/posts"}],"about":[{"href":"https:\/\/revistaepocadigital.com.ar\/index.php?rest_route=\/wp\/v2\/types\/post"}],"author":[{"embeddable":true,"href":"https:\/\/revistaepocadigital.com.ar\/index.php?rest_route=\/wp\/v2\/users\/4"}],"replies":[{"embeddable":true,"href":"https:\/\/revistaepocadigital.com.ar\/index.php?rest_route=%2Fwp%2Fv2%2Fcomments&post=6017"}],"version-history":[{"count":0,"href":"https:\/\/revistaepocadigital.com.ar\/index.php?rest_route=\/wp\/v2\/posts\/6017\/revisions"}],"wp:featuredmedia":[{"embeddable":true,"href":"https:\/\/revistaepocadigital.com.ar\/index.php?rest_route=\/wp\/v2\/media\/6018"}],"wp:attachment":[{"href":"https:\/\/revistaepocadigital.com.ar\/index.php?rest_route=%2Fwp%2Fv2%2Fmedia&parent=6017"}],"wp:term":[{"taxonomy":"category","embeddable":true,"href":"https:\/\/revistaepocadigital.com.ar\/index.php?rest_route=%2Fwp%2Fv2%2Fcategories&post=6017"},{"taxonomy":"post_tag","embeddable":true,"href":"https:\/\/revistaepocadigital.com.ar\/index.php?rest_route=%2Fwp%2Fv2%2Ftags&post=6017"}],"curies":[{"name":"wp","href":"https:\/\/api.w.org\/{rel}","templated":true}]}}