{"id":6021,"date":"2020-08-04T13:10:14","date_gmt":"2020-08-04T16:10:14","guid":{"rendered":"https:\/\/revistaepocadigital.com.ar\/?p=6021"},"modified":"2020-08-04T13:10:14","modified_gmt":"2020-08-04T16:10:14","slug":"refuerzo-de-3-mil-pesos-para-los-que-no-recibieron-el-ife","status":"publish","type":"post","link":"https:\/\/revistaepocadigital.com.ar\/?p=6021","title":{"rendered":"Refuerzo de 3 mil pesos para los que no recibieron el IFE"},"content":{"rendered":"<p><strong>DE INTER\u00c9S.<\/strong><!--more--><\/p>\n<p>El ministro de Desarollo Social, Daniel Arroyo, record\u00f3 que este adicional, que comienza a pagarse esta semana, tambi\u00e9n se hab\u00eda abonado en abril y junio.<\/p>\n<p>El bono de 3 mil pesos est\u00e1 dirigido a beneficiarios del Potenciar Trabajo que no hayan cobrado el Ingreso Familiar de Emergencia (IFE), public\u00f3 cronica.com.ar<\/p>\n<p>Con el pago de agosto se suma el nuevo refuerzo de 3 mil pesos para 345 mil personas que forman parte del programa Potenciar Trabajo y no percibieron el IFE), creado por el Gobierno nacional para hacer frente a la pandemia de coronavirus.<\/p>\n<p>\u201cNuestro objetivo es sostener los ingresos de las familias en el contexto dif\u00edcil que genera la pandemia del COVID-19\u201d, sostuvo el ministro. A su vez, el IFE comenzar\u00e1 a pagarse a los beneficiarios de la Asignaci\u00f3n Universal por Hijo a partir del 10 de agosto.<\/p>\n<p>\u00bfQui\u00e9nes cobran este bono de 3 mil pesos?<\/p>\n<p>Los beneficiarios del programa Potenciar Trabajo, que re\u00fane a los programas Hacemos Futuro y el Salario Social Complementario, y busca avanzar en la conversi\u00f3n de planes sociales para poner el foco en la empleabilidad y las propuestas productivas, con el objetivo de promover inclusi\u00f3n social y mejorar los ingresos.<\/p>\n<p>Incluye a mujeres y hombres mayores de 18 y menores de 65 a\u00f1os.<\/p>\n<p>\u00bfC\u00f3mo y cu\u00e1ndo se deposita?<br \/>\nDesde el lunes 3 de agosto. De acuerdo a las horas y el trabajo que tenga cada beneficiario es la asignaci\u00f3n que se le otorga, que ver\u00eda entre 8500 o 16.875 pesos.<\/p>\n<p>A dicho pago, se le agrega -a ra\u00edz de la situaci\u00f3n actual por la pandemia- un bono extraordinario de 3000 pesos. Dentro de este beneficio se excluye a todos aquellos que hayan cobrado el IFE, un total de 345 mil personas.<\/p>\n<p>&nbsp;<\/p>\n<p>Foto: gentileza Diario Uno.<\/p>\n","protected":false},"excerpt":{"rendered":"<p>DE INTER\u00c9S.<\/p>\n","protected":false},"author":3,"featured_media":6022,"comment_status":"open","ping_status":"open","sticky":false,"template":"","format":"standard","meta":{"footnotes":"","jetpack_publicize_message":"","jetpack_publicize_feature_enabled":true,"jetpack_social_post_already_shared":false,"jetpack_social_options":{"image_generator_settings":{"template":"highway","default_image_id":0,"font":"","enabled":false},"version":2}},"categories":[17],"tags":[779,805],"class_list":["post-6021","post","type-post","status-publish","format-standard","has-post-thumbnail","hentry","category-politica","tag-ife","tag-nuevo-bono"],"jetpack_publicize_connections":[],"jetpack_featured_media_url":"https:\/\/revistaepocadigital.com.ar\/wp-content\/uploads\/2020\/08\/anses-ife-fecha-de-cobro-auh-jubilaciones-768x460-1.jpg","jetpack_likes_enabled":true,"_links":{"self":[{"href":"https:\/\/revistaepocadigital.com.ar\/index.php?rest_route=\/wp\/v2\/posts\/6021","targetHints":{"allow":["GET"]}}],"collection":[{"href":"https:\/\/revistaepocadigital.com.ar\/index.php?rest_route=\/wp\/v2\/posts"}],"about":[{"href":"https:\/\/revistaepocadigital.com.ar\/index.php?rest_route=\/wp\/v2\/types\/post"}],"author":[{"embeddable":true,"href":"https:\/\/revistaepocadigital.com.ar\/index.php?rest_route=\/wp\/v2\/users\/3"}],"replies":[{"embeddable":true,"href":"https:\/\/revistaepocadigital.com.ar\/index.php?rest_route=%2Fwp%2Fv2%2Fcomments&post=6021"}],"version-history":[{"count":0,"href":"https:\/\/revistaepocadigital.com.ar\/index.php?rest_route=\/wp\/v2\/posts\/6021\/revisions"}],"wp:featuredmedia":[{"embeddable":true,"href":"https:\/\/revistaepocadigital.com.ar\/index.php?rest_route=\/wp\/v2\/media\/6022"}],"wp:attachment":[{"href":"https:\/\/revistaepocadigital.com.ar\/index.php?rest_route=%2Fwp%2Fv2%2Fmedia&parent=6021"}],"wp:term":[{"taxonomy":"category","embeddable":true,"href":"https:\/\/revistaepocadigital.com.ar\/index.php?rest_route=%2Fwp%2Fv2%2Fcategories&post=6021"},{"taxonomy":"post_tag","embeddable":true,"href":"https:\/\/revistaepocadigital.com.ar\/index.php?rest_route=%2Fwp%2Fv2%2Ftags&post=6021"}],"curies":[{"name":"wp","href":"https:\/\/api.w.org\/{rel}","templated":true}]}}