{"id":6036,"date":"2020-08-05T19:38:54","date_gmt":"2020-08-05T22:38:54","guid":{"rendered":"https:\/\/revistaepocadigital.com.ar\/?p=6036"},"modified":"2020-08-05T19:38:54","modified_gmt":"2020-08-05T22:38:54","slug":"mas-diferencias-entre-frederic-y-berni-y-la-inseguridad","status":"publish","type":"post","link":"https:\/\/revistaepocadigital.com.ar\/?p=6036","title":{"rendered":"M\u00e1s diferencias entre Frederic y Berni, \u00bfy la inseguridad?"},"content":{"rendered":"<p><strong>LA INSEGURIDAD, ESE FLAGELO QUE OPRIME.<\/strong><!--more--><\/p>\n<p>Y con dos visiones y posturas diferenciadas, las de la la ministra de Seguridad, <strong>Sabrina Frederic<\/strong> y el ministro de seguridad de la provincia de Buenos Aires, <strong>Sergio Berni, <\/strong>reflejadas en la nota publicada en en <em>infobae.com. <\/em>Mientras tanto, <strong>intendentes<\/strong> del conurbano bonaerenses<span style=\"color: #000000;\"><a style=\"color: #000000;\" href=\"https:\/\/www.infobae.com\/politica\/2020\/08\/05\/el-conurbano-en-alerta-por-la-inseguridad-intendentes-ajustan-las-politicas-de-prevencion-ante-el-deterioro-social\/\" target=\"_blank\" rel=\"noopener noreferrer\">, est\u00e1n alertados por la inseguridad recrudecida y tratan de establecer o ajustar pol\u00edticas de prevenci\u00f3n ante el deterioro social.<\/a><\/span><\/p>\n<p style=\"text-align: center;\"><strong>&#8230;&#8230;&#8230;&#8230;&#8230;.<\/strong><\/p>\n<header class=\"header | col widescreen-12 desktop-12 tablet-12 width_full\">\n<div class=\"grid\">\n<div class=\"byline | font_tertiary display_flex align_items_center isText col widescreen-8 desktop-8 tablet-12 width_full\">\n<div class=\"authors | margin_horizontal_5px color_black display_inline border_2 border_right border_middlegray\">Un nuevo round de la pelea entre la ministra de Seguridad,<span style=\"color: #000000;\"> <mark class=\"hl_yellow\">Sabina Frederic y su par bonaerense, Sergio Berni, se desat\u00f3 desde anoche cuando la funcionaria nacional present\u00f3<\/mark><a style=\"color: #000000;\" href=\"https:\/\/www.infobae.com\/sociedad\/policiales\/2020\/08\/04\/por-el-aumento-del-delito-en-el-conurbano-bonaerense-la-policia-federal-desembarcara-con-una-nueva-brigada\/\" target=\"_blank\" rel=\"noopener noreferrer\"><mark class=\"hl_yellow\">\u00a0la Fuerza de Respuesta Inmediata (FRI)<\/mark><\/a><mark class=\"hl_yellow\">, un operativo policial que desembarcar\u00e1 en barrios del Conurbano y del que el jefe de la seguridad bonaerense no hab\u00eda sido informado<b>.<\/b><\/mark><\/span><\/div>\n<\/div>\n<\/div>\n<\/header>\n<article class=\"article | col widescreen-8 desktop-8 tablet-12 width_full\">\n<p class=\"font_tertiary paragraph\">\u201cMe acabo de enterar por los medios que la ministra mandar\u00e1 al Conurbano a una fuerza especial. No sab\u00eda nada de eso\u201d, expres\u00f3 Berni a\u00a0Infobaebastante molesto.\u00a0No quiso agregar m\u00e1s datos o detalles.<\/p>\n<p class=\"font_tertiary paragraph\">Los voceros de la ministra Frederic dijeron que Berni hab\u00eda sido anoticiado del operativo y adujeron que el 16 de julio ya hab\u00eda una gacetilla con el anuncio del acto de ayer.\u00a0\u201cAl menos desde all\u00ed deber\u00eda saber\u201d, dijeron allegados a la ministra en relaci\u00f3n a la reacci\u00f3n de Berni, y aclararon quela creaci\u00f3n de la FRI forma parte de una estrategia nacional.<\/p>\n<p class=\"font_tertiary paragraph\">Sin embargo, el desembarco de la FRI ordenado por Frederic, que tendr\u00e1 como principal objetivo\u00a0prevenir\u00a0y\u00a0evitar el delito en diferentes zonas calientes del pa\u00eds, cay\u00f3 muy mal en la Gobernaci\u00f3n bonaerense por la falta de coordinaci\u00f3n o aviso previo.<\/p>\n<p class=\"font_tertiary paragraph\">En el Ministerio de Seguridad que dirige Berni sostienen que\u00a0<mark class=\"hl_yellow\">la creaci\u00f3n de esta fuerza especial no tiene sentido alguno ya que ese tipo de tareas hoy las tiene la Gendarmer\u00eda con\u00a0<\/mark><a href=\"https:\/\/www.infobae.com\/politica\/2020\/07\/27\/en-medio-del-aumento-de-la-inseguridad-y-tras-los-reclamos-el-gobierno-despliega-a-gendarmes-y-prefectos-tambien-a-municipios-de-la-oposicion\/\" target=\"_blank\" rel=\"noopener noreferrer\"><mark class=\"hl_yellow\">las unidades m\u00f3viles distribuidas en diferentes municipios del Conurbano.<\/mark><\/a><\/p>\n<p class=\"font_tertiary paragraph\">A la vez, allegados a Berni calificaron de \u201crid\u00edcula\u201d la Fuerza de Respuesta Inmediata ya que, entienden, la Polic\u00eda Federal no est\u00e1 entrenada para este tipo de tareas que deben hacer los gendarmes. Y en el Ministerio de Seguridad bonaerense afirman que Berni nunca fue anoticiado del despliegue de la FRI como lo anunci\u00f3 esta ma\u00f1ana (5\/8) Frederic<b>.<\/b><\/p>\n<p class=\"font_tertiary paragraph\">La ministra de Seguridad de la Naci\u00f3n, junto con la jefa de Unidad de Gabinete de Asesores, Cecilia Rodr\u00edguez, y el jefe de la Polic\u00eda Federal, Juan Carlos Hern\u00e1ndez, participaron ayer de la presentaci\u00f3n de la Fuerza de Respuesta Inmediata.\u00a0No estuvo presente Berni en ese actoy anoche ya se hablaba de otra pelea en puerta.<\/p>\n<p class=\"font_tertiary paragraph\"><mark class=\"hl_yellow\">\u201cEl objetivo de la puesta en marcha de la FRI es fortalecer el derecho a la seguridad y brindar mejores cuidados a la poblaci\u00f3n. Vamos a trabajar en coordinaci\u00f3n con las polic\u00edas locales para optimizar la prevenci\u00f3n de los delitos\u201d<\/mark>, indic\u00f3 Frederic.<\/p>\n<p class=\"font_tertiary paragraph\">En la presentaci\u00f3n, efectuada en el Cuerpo de Polic\u00eda Montada de la PFA, se mostraron algunas particularidades de esta fuerza especial, la cual posee\u00a0m\u00f3viles, motocicletas,\u00a0camiones\u00a0y un\u00a0blindado. Estos veh\u00edculos trabajar\u00e1n en equipos y podr\u00e1n dividirse seg\u00fan la necesidad de cada zona.\u00a0<span style=\"color: #000000;\">Y ya hay directivas para ir a municipios del Conurbano\u00a0<a style=\"color: #000000;\" href=\"https:\/\/www.infobae.com\/politica\/2020\/08\/05\/el-conurbano-en-alerta-por-la-inseguridad-intendentes-ajustan-las-politicas-de-prevencion-ante-el-deterioro-social\/\" target=\"_blank\" rel=\"noopener noreferrer\">donde la inseguridad est\u00e1 en alza<\/a>.<\/span><\/p>\n<p class=\"font_tertiary paragraph\">La\u00a0Fuerza de Respuesta Inmediata\u00a0contar\u00e1, adem\u00e1s, con\u00a0<mark class=\"hl_yellow\">un vasto espectro geogr\u00e1fico para prevenir situaciones pre-delictuales, con una mayor presencia, proactividad y rendimiento de sus efectivos, quienes efectuar\u00e1n tareas de patrullaje por avenidas y calles con mayor concentraci\u00f3n de personas y paradas de colectivos.\u00a0<\/mark>El personal ser\u00e1 distribuido en seis grupos de 9 a 12 efectivos, quienes se movilizar\u00e1n por separado en distintos lugares aunque actuar\u00e1n en conjunto ante alg\u00fan hecho delictivo.<\/p>\n<p class=\"font_tertiary paragraph\">Para conformar la FRI fueron seleccionados miembros de diversas \u00e1reas de la Polic\u00eda Federal Argentina, como la Superintendencia Federal de Intervenci\u00f3n Territorial, Investigaciones Federales, Drogas Peligrosas, Seguridad y Custodia, Asuntos Internos e Inspector\u00eda General, Direcci\u00f3n General de Coordinaci\u00f3n Internacional y agencias y delegaciones federales.<\/p>\n<p class=\"font_tertiary paragraph\">\u201cCreemos que es un dispositivo muy importante que puede cumplir con la funciones que nos requieren sobre todo los gobernadores de las provincias m\u00e1s afectadas por el delito, especialmente la provincia de Buenos Aires. Para nosotros es muy importante contar con personal que est\u00e1 permanentemente comprometido en resolver problemas\u201d, dijo Frederic.<\/p>\n<p class=\"font_tertiary paragraph\">No opinan lo mismo Berni y su equipo, que creen que estas tareas ya est\u00e1n vigentes con el accionar de la Gendarmer\u00eda y\u00a0<mark class=\"hl_yellow\">entienden que este tipo de operativos se superpondr\u00e1 con lo que hacen hoy los polic\u00edas bonaerenses y los mismos gendarmes.<\/mark><\/p>\n<p class=\"font_tertiary paragraph\">Sin embargo, lo que m\u00e1s parece molestar a Berni es que una vez m\u00e1s no le avisaron con antelaci\u00f3n sobre estas tareas.\u00a0\u201cNi siquiera sabemos cu\u00e1ntos gendarmes tiene distribuidos en el Conurbano\u201d, dijeron allegados al ministro bonaerense en relaci\u00f3n a las directivas de Frederic.<\/p>\n<p class=\"font_tertiary paragraph\">En cambio, en el Gobierno creen que hay coordinaci\u00f3n de las fuerzas. De hecho, el jefe de Gabinete,\u00a0Santiago Cafiero, dijo hoy que \u201cse est\u00e1 coordinando todo el apoyo en seguridad con las provincias. Eso no solo es avanzar con coordinaci\u00f3n de operativos de controles sino tambi\u00e9n en dotar de recursos y equipamientos a las fuerzas locales de cada provincia\u201d, dijo.<\/p>\n<p class=\"font_tertiary paragraph\">Las peleas de Berni y Frederic no son nuevas pero recalientan la interna oficialista en un tema muy sensible como el combate contra la inseguridad. Ambos funcionarios tienen visiones totalmente opuestas de la estrategia para encarar la pol\u00edtica de seguridad.\u00a0Tuvieron roces por los operativos de control de movimientos en la cuarentena, difieren en el caso de la desaparici\u00f3n de Facundo Astudillo Castro y han discrepado p\u00fablicamente por la forma en que se encararon los operativos policiales en el conurbano.<\/p>\n<p class=\"font_tertiary paragraph\">Recientemente, Frederic dijo que en la Argentina\u00a0<a href=\"https:\/\/www.infobae.com\/politica\/2020\/08\/03\/sabina-frederic-no-son-muchos-los-robos-los-medios-de-comunicacion-los-hacen-visibles\/\" target=\"_blank\" rel=\"noopener noreferrer\"><span style=\"color: #000000;\">\u201cno hay muchos robos pero los medios los hacen visibles\u201d<\/span><b>.<\/b><\/a>\u00a0El tema desat\u00f3 un fuerte esc\u00e1ndalo y desde La Plata cuestionaron tambi\u00e9n esos dichos aunque optaron por no salir a responder p\u00fablicamente.<\/p>\n<p class=\"font_tertiary paragraph\">\n<\/article>\n","protected":false},"excerpt":{"rendered":"<p>LA INSEGURIDAD, ESE FLAGELO QUE OPRIME.<\/p>\n","protected":false},"author":3,"featured_media":6039,"comment_status":"open","ping_status":"open","sticky":false,"template":"","format":"standard","meta":{"footnotes":"","jetpack_publicize_message":"","jetpack_publicize_feature_enabled":true,"jetpack_social_post_already_shared":false,"jetpack_social_options":{"image_generator_settings":{"template":"highway","default_image_id":0,"font":"","enabled":false},"version":2}},"categories":[17],"tags":[806],"class_list":["post-6036","post","type-post","status-publish","format-standard","has-post-thumbnail","hentry","category-politica","tag-ministros-de-seguridad"],"jetpack_publicize_connections":[],"jetpack_featured_media_url":"https:\/\/revistaepocadigital.com.ar\/wp-content\/uploads\/2020\/08\/frederic-berni-minuto-noticias.jpg","jetpack_likes_enabled":true,"_links":{"self":[{"href":"https:\/\/revistaepocadigital.com.ar\/index.php?rest_route=\/wp\/v2\/posts\/6036","targetHints":{"allow":["GET"]}}],"collection":[{"href":"https:\/\/revistaepocadigital.com.ar\/index.php?rest_route=\/wp\/v2\/posts"}],"about":[{"href":"https:\/\/revistaepocadigital.com.ar\/index.php?rest_route=\/wp\/v2\/types\/post"}],"author":[{"embeddable":true,"href":"https:\/\/revistaepocadigital.com.ar\/index.php?rest_route=\/wp\/v2\/users\/3"}],"replies":[{"embeddable":true,"href":"https:\/\/revistaepocadigital.com.ar\/index.php?rest_route=%2Fwp%2Fv2%2Fcomments&post=6036"}],"version-history":[{"count":0,"href":"https:\/\/revistaepocadigital.com.ar\/index.php?rest_route=\/wp\/v2\/posts\/6036\/revisions"}],"wp:featuredmedia":[{"embeddable":true,"href":"https:\/\/revistaepocadigital.com.ar\/index.php?rest_route=\/wp\/v2\/media\/6039"}],"wp:attachment":[{"href":"https:\/\/revistaepocadigital.com.ar\/index.php?rest_route=%2Fwp%2Fv2%2Fmedia&parent=6036"}],"wp:term":[{"taxonomy":"category","embeddable":true,"href":"https:\/\/revistaepocadigital.com.ar\/index.php?rest_route=%2Fwp%2Fv2%2Fcategories&post=6036"},{"taxonomy":"post_tag","embeddable":true,"href":"https:\/\/revistaepocadigital.com.ar\/index.php?rest_route=%2Fwp%2Fv2%2Ftags&post=6036"}],"curies":[{"name":"wp","href":"https:\/\/api.w.org\/{rel}","templated":true}]}}