{"id":6040,"date":"2020-08-05T22:10:21","date_gmt":"2020-08-06T01:10:21","guid":{"rendered":"https:\/\/revistaepocadigital.com.ar\/?p=6040"},"modified":"2020-08-06T23:48:42","modified_gmt":"2020-08-07T02:48:42","slug":"dr-hector-nanni-en-cierta-forma-se-han-desbordado-casos-debido-a-reuniones-sociales","status":"publish","type":"post","link":"https:\/\/revistaepocadigital.com.ar\/?p=6040","title":{"rendered":"Dr. H\u00e9ctor Nanni: &#8220;En cierta forma se han desbordado casos, debido a reuniones sociales&#8221;"},"content":{"rendered":"<p><strong>LA CUESTA M\u00c1S EMPINADA.<\/strong><!--more--><\/p>\n<p>La pandemia de coronavirus que jaquea al <strong>mundo, a la Argentina <\/strong>y por ende a <strong>Exaltaci\u00f3n de la Cruz<\/strong>,\u00a0produce irreparables p\u00e9rdidas en vidas humanas<br \/>\ny graves consecuencias a la econom\u00eda y a la forma de vida de la gente. El <strong>Dr. H\u00e9ctor Nanni, responsable del \u00e1rea de salud de la Municipalidad de<\/strong><br \/>\n<strong>Exaltaci\u00f3n de la Cruz,<\/strong> ha dialogado con EPOCA. Mesurado, con vasta experiencia, m\u00e9dico reconocido, dej\u00f3 sus puntos de vista vinculados al flagelo del Covid-19 en particular en el distrito.<\/p>\n<p>Lo que dijo <strong>Nanni<\/strong> al hablar con EPOCA.<\/p>\n<p><strong>EL AUMENTO DE CASOS DE CORONAVIRUS EN EXALTACI\u00d3N.<\/strong><em> &#8220;El aumento de casos lo venimos analizando con el Comit\u00e9 de Urgencia y de la pandemia, con<\/em><br \/>\n<em>sectores de epidemi\u00f3logos, con hospitales y con organismos de atenci\u00f3n primaria. A su vez, continuamos haciendo rastreos de casos en nuestro<\/em> <em>distrito, <strong>que en cierta forma se han desbordados, debido a reuniones sociales efectuadas y sobretodo en lugares cerrados<\/strong> por las restricciones impuestas por la cuarentena; hay reuniones, asados de amigos, cenas, fiestas, incluso mateadas&#8221;.<\/em><\/p>\n<p><strong>LA GENTE A VECES MIENTE<\/strong>. <em>&#8220;Debemos analizar, hacer seguimientos de casos asintom\u00e1ticos, sospechosos, y mientras se va consultando a las personas,<\/em><br \/>\n<em>se va percibiendo que<strong> a veces la gente miente, y comprobamos que al hablar de los contactos estrechos que han tenido<\/strong>, nos damos cuenta que no dijeron la verdad. En definitiva, y esto es muy importante a esta altura de la pandemia, falta m\u00e1s responsabilidad social&#8221;.<\/em><\/p>\n<figure id=\"attachment_6049\" aria-describedby=\"caption-attachment-6049\" style=\"width: 528px\" class=\"wp-caption aligncenter\"><img loading=\"lazy\" decoding=\"async\" class=\"size-full wp-image-6049\" src=\"https:\/\/revistaepocadigital.com.ar\/wp-content\/uploads\/2020\/08\/corona-controle2o1.jpg\" alt=\"\" width=\"528\" height=\"296\" srcset=\"https:\/\/revistaepocadigital.com.ar\/wp-content\/uploads\/2020\/08\/corona-controle2o1.jpg 528w, https:\/\/revistaepocadigital.com.ar\/wp-content\/uploads\/2020\/08\/corona-controle2o1-300x168.jpg 300w\" sizes=\"auto, (max-width: 528px) 100vw, 528px\" \/><figcaption id=\"caption-attachment-6049\" class=\"wp-caption-text\">Controles sanitarios y sociales, efectuados en distintos puntos del distrito.<\/figcaption><\/figure>\n<p><strong>QUE HACER.<\/strong> <em>&#8220;Lo que planteamos desde Salud, es continuar divulgando lo que significa el virus y las precauciones que deben tomarse que son muy&lt;\/ <em>importante, y por cierto <strong>compartir con los vecinos toda la verdad de lo que sucede. Ac\u00e1 no escondemos nada, no es ocultando como se va a<\/strong><\/em> <em><strong>encontrar una salida propia al virus<\/strong>; <strong>si se ocultaran las cosas adem\u00e1s, el costo ser\u00e1 m\u00e1s alto.<\/strong> Por otro lado, hay que seguir tratando los casos <\/em><em>epidemiol\u00f3gicamente hablando, aislar a contactos estrechos, tratar de bloquear esos contactos y no dejar de apuntar a que la gente tome real <\/em><em>consciencia de lo que vivimos y por supuesto continuar haciendo hisopados&#8221;.<\/em><\/em><\/p>\n<p><strong>LOS JOVENES.<\/strong> <em>&#8220;Hay que prestarles tambi\u00e9n atenci\u00f3n, suelen decir comentarios que los hacen p\u00fablico relacionados por ejemplo a que &#8220;tuve una gripe,<\/em><br \/>\n<em>uno o dos d\u00edas de fiebre pero la pas\u00e9 bien&#8221;. Y al hablar as\u00ed, no piensan en que puedan convivir con personas mayores de su misma familia o amigos<\/em> <em>o vecinos con problemas de salud, coronarios, intestinales, diab\u00e9ticos.<strong> Y no piensan en eso, sus padres, abuelos, t\u00edos, vecinos, est\u00e1n en riesgo,<\/strong><\/em> <em><strong>cada vez se han registrado m\u00e1s casos, y eso lo deben tener muy en cuenta.<\/strong> Cuando las personas que act\u00faan as\u00ed, tomen consciencia, y que nadie se<\/em> <em>jacte de haber superado al virus o que se re\u00fanen, se sacan fotos, daremos un gran paso adelante en la situaci\u00f3n actual. Por otro lado, no hay que <\/em><em>olvidar que el presidente de la naci\u00f3n, decret\u00f3 la prohibici\u00f3n de reuniones familiares y de amigos, si cumplimos y seguimos poniendo en pr\u00e1ctica <\/em>el distanciamiento social, <em>el uso de mascarillas o cubrebocas, bueno, esto nos va a dar una gran esperanza para continuar transitando la pandemia con el menor costo posible en cuanto a la salud, algo que porque la gente no se cuida, estamos viendo que estamos pagando muchos costos&#8221;.<\/em><\/p>\n<p><strong>EL &#8220;PICO&#8221;<\/strong>. <em>&#8220;<strong>Atravesamos un momento muy delicado en el pa\u00eds<\/strong>, en el futuro inmediato pueden llegar a registrarse un pico m\u00e1ximo de hasta 6000 casos <\/em><em>diarios; en tanto en nuestro partido se pueden dar entre 15, 18, 19 casos diarios, a la vez que no se puede dejar de tener en cuenta que se han <\/em><em>ido recuperando muchos pacientes contagiados y a la vez, hemos lamentado mucho por cierto algunos fallecimientos que a nivel local ascend\u00edan a 6, <\/em><em>de los cuales 3 ocurrieron en otra jurisdicci\u00f3n sin pasar por el sistema de salud de Exaltaci\u00f3n de la Cruz, mientras que la llegada del pico se <\/em><em>prolonga&#8221;.<\/em><\/p>\n<p><strong>LAS MAYORES &#8220;LIBERTADES&#8221;.<\/strong> <em>&#8220;M\u00e1s all\u00e1 de la prolongada cuarentena, vuelvo a apelar a la responsabilidad social que nos compete a cada uno; como se<\/em><br \/>\n<em>ha visto, la curva de casos se ha incrementado, 12, 15 y no ha bajado, en este sentido considero <strong>que han tenido que ver reuniones sociales, familiares, pas\u00f3 en el D\u00eda del Amigo donde hubo muchas reuniones como hemos sabido. Insisto, la responsabilidad de cada uno es de suma importancia<\/strong>, y m\u00e1s todav\u00eda si se pudieran liberar m\u00e1s actividades; es clave, crucial, apelar a que la gente se cuide mucho en lo personal&#8221;.<\/em><\/p>\n<p><strong>MENOS ENFERMEDADES ESTACIONALES.<\/strong> <em>&#8220;Este a\u00f1o debido al coronavirus, se han producido <strong>muchos menos casos de enfermedades estacionales<\/strong> que se dan en <\/em><em>los inviernos, crisis asm\u00e1ticas, congestiones, problemas pulmonares, virus de otra \u00edndole; todas desaparecieron&#8221;.<\/em><\/p>\n<p><strong>MENOR PROPENSI\u00d3N A CUIDARSE.<\/strong> &#8220;<em>Y s\u00ed, <strong>notamos menos propensi\u00f3n para cuidarse, algo que repito es esencial. Hay m\u00e1s casos es verdad, dice la gente. Y <\/strong><\/em><em><strong>sino nos cuidamos y no respetamos las normas, en pocas semanas quiz\u00e1 haya m\u00e1s casos<\/strong> a\u00fan porque la enfermedad avanzar\u00e1, sum\u00e1ndose el riesgo de <\/em><em>agotar todas las instancias. Hay que cuidarse uno y a la familia, mantener la distancia, usar cubrebocaas, lavarse las manos, utilizar alcohol en <\/em><em>gel&#8221;.<\/em><\/p>\n<p><strong>COMO EST\u00c1 EL SISTEMA DE SALUD DE EXALTACI\u00d3N DE LA CRUZ.<\/strong>\u00a0<em>&#8220;En el <strong>Hospital Municipal San Jos\u00e9<\/strong>, disponemos de 4 camas en la sala de terapia <\/em><em>intensiva en el \u00e1rea de Covid-19, con la posibilidad de incrementarla a ocho camas. Al momento (4-8), tenemos una sola cama ocupada por un <\/em><em>paciente con respirador. A su vez, existen 14 camas en el sector del hospital para pacientes contagiados moderados, de las cuales hay 8 ocupadas. <\/em><em>Otro sector est\u00e1 dispuesto para personas sospechosas de Covid-19, las que no pueden cumplir con el aislamiento en sus propias casas por <\/em><em>determinadas dificultades o falta de espacios, comodidades, etc. En este caso se cuenta con 32 camas de las que 4 se encuentran ocupadas. Y por otra parte, contamos con 12 camas en el Geri\u00e1trico Municipal y las dispuestas en la Sociedad Espa\u00f1ola&#8221;.<\/em><\/p>\n<p><strong>LA FALTA DE PERSONAL DE SALUD.<\/strong><em> &#8220;Es un tema que tambi\u00e9n contemplamos y que seguimos con atenci\u00f3n; <strong>hay personal con licencia<\/strong> por permanecer en<\/em> <em>cuarentena; 4 enfermeros, 2 de mantenimiento, 3 de la cocina del hospital, 2 de limpieza y 4 enfermos; por suerte, algunos se van recuperando y <\/em><em>por lo tanto, reincorporando&#8221;.<\/em><\/p>\n","protected":false},"excerpt":{"rendered":"<p>LA CUESTA M\u00c1S EMPINADA.<\/p>\n","protected":false},"author":4,"featured_media":6047,"comment_status":"open","ping_status":"open","sticky":false,"template":"","format":"standard","meta":{"footnotes":"","jetpack_publicize_message":"","jetpack_publicize_feature_enabled":true,"jetpack_social_post_already_shared":false,"jetpack_social_options":{"image_generator_settings":{"template":"highway","default_image_id":0,"font":"","enabled":false},"version":2}},"categories":[17],"tags":[808,670,807],"class_list":["post-6040","post","type-post","status-publish","format-standard","has-post-thumbnail","hentry","category-politica","tag-dr-hector-nanni","tag-exaltacion-de-la-cruz","tag-sistema-de-salud"],"jetpack_publicize_connections":[],"jetpack_featured_media_url":"https:\/\/revistaepocadigital.com.ar\/wp-content\/uploads\/2020\/08\/nanni-hec.jpg","jetpack_likes_enabled":true,"_links":{"self":[{"href":"https:\/\/revistaepocadigital.com.ar\/index.php?rest_route=\/wp\/v2\/posts\/6040","targetHints":{"allow":["GET"]}}],"collection":[{"href":"https:\/\/revistaepocadigital.com.ar\/index.php?rest_route=\/wp\/v2\/posts"}],"about":[{"href":"https:\/\/revistaepocadigital.com.ar\/index.php?rest_route=\/wp\/v2\/types\/post"}],"author":[{"embeddable":true,"href":"https:\/\/revistaepocadigital.com.ar\/index.php?rest_route=\/wp\/v2\/users\/4"}],"replies":[{"embeddable":true,"href":"https:\/\/revistaepocadigital.com.ar\/index.php?rest_route=%2Fwp%2Fv2%2Fcomments&post=6040"}],"version-history":[{"count":0,"href":"https:\/\/revistaepocadigital.com.ar\/index.php?rest_route=\/wp\/v2\/posts\/6040\/revisions"}],"wp:featuredmedia":[{"embeddable":true,"href":"https:\/\/revistaepocadigital.com.ar\/index.php?rest_route=\/wp\/v2\/media\/6047"}],"wp:attachment":[{"href":"https:\/\/revistaepocadigital.com.ar\/index.php?rest_route=%2Fwp%2Fv2%2Fmedia&parent=6040"}],"wp:term":[{"taxonomy":"category","embeddable":true,"href":"https:\/\/revistaepocadigital.com.ar\/index.php?rest_route=%2Fwp%2Fv2%2Fcategories&post=6040"},{"taxonomy":"post_tag","embeddable":true,"href":"https:\/\/revistaepocadigital.com.ar\/index.php?rest_route=%2Fwp%2Fv2%2Ftags&post=6040"}],"curies":[{"name":"wp","href":"https:\/\/api.w.org\/{rel}","templated":true}]}}