{"id":6077,"date":"2020-08-07T13:35:08","date_gmt":"2020-08-07T16:35:08","guid":{"rendered":"https:\/\/revistaepocadigital.com.ar\/?p=6077"},"modified":"2020-08-07T13:35:08","modified_gmt":"2020-08-07T16:35:08","slug":"programa-de-oficios-2020-con-modalidad-virtual","status":"publish","type":"post","link":"https:\/\/revistaepocadigital.com.ar\/?p=6077","title":{"rendered":"\u00a0Programa de Oficios 2020 con modalidad virtual\u00a0"},"content":{"rendered":"<div><strong>LA EMPRESA EDEN LO HA LANZADO.<\/strong><\/div>\n<p><!--more--><\/p>\n<div>\n<p dir=\"ltr\">Con el objetivo de continuar con su programa de capacitaci\u00f3n gratuita orientado a la comunidad, EDEN lanza la 3\u00b0 Edici\u00f3n del Programa de Oficios con modalidad virtual en las localidades de Tres Lomas, General Arenales, General Villegas y Mercedes, para que los alumnos puedan cursar desde su casa y seguir cuid\u00e1ndose.<\/p>\n<\/div>\n<p dir=\"ltr\"><img loading=\"lazy\" decoding=\"async\" class=\"alignleft size-medium wp-image-6079\" src=\"https:\/\/revistaepocadigital.com.ar\/wp-content\/uploads\/2020\/08\/programa-300x145.jpg\" alt=\"\" width=\"300\" height=\"145\" srcset=\"https:\/\/revistaepocadigital.com.ar\/wp-content\/uploads\/2020\/08\/programa-300x145.jpg 300w, https:\/\/revistaepocadigital.com.ar\/wp-content\/uploads\/2020\/08\/programa.jpg 620w\" sizes=\"auto, (max-width: 300px) 100vw, 300px\" \/><\/p>\n<div>\n<p dir=\"ltr\">El eje central del Programa es aportar al crecimiento de las comunidades, ofreciendo una capacitaci\u00f3n abierta y gratuita que brindar\u00e1 herramientas para la inserci\u00f3n laboral de los participantes. Es por eso que en esta Edici\u00f3n se le dar\u00e1 prioridad a aquellos vecinos que se encuentren desempleados.<\/p>\n<p dir=\"ltr\">Se trata de un Curso B\u00e1sico de Electricidad Domiciliaria, que cuenta con certificaci\u00f3n de la Universidad Tecnol\u00f3gica Nacional (Regional San Nicol\u00e1s) y aporta los conocimientos necesarios para la realizaci\u00f3n de trabajos b\u00e1sicos de electricidad.<\/p>\n<p dir=\"ltr\">\u201cEn este momento no resulta posible realizar el curso de manera presencial, por ello, y con el fin dar continuidad al Programa que venimos realizando desde 2018 y que ya concretamos en 11 localidades, decidimos redise\u00f1arlo bajo la modalidad virtual, brindando adem\u00e1s oportunidades a ciudades donde nunca antes se hab\u00eda realizado\u201d, expres\u00f3 Diana Hulten, Gerente de Recursos Humanos y Relaciones Institucionales de EDEN.<\/p>\n<p dir=\"ltr\">El curso 2020 est\u00e1 dise\u00f1ado para 15 alumnos por localidad y consta de 5 clases virtuales; 1 clase pr\u00e1ctica presencial que se realizar\u00e1 en 2021 y la pr\u00e1ctica real como trabajo final donde los alumnos realizan un arreglo b\u00e1sico a beneficio de una instituci\u00f3n local, bajo la supervisi\u00f3n del docente. La misma se realizar\u00e1 tambi\u00e9n en 2021.<\/p>\n<p dir=\"ltr\">Para consultar requisitos de inscripci\u00f3n y completar el formulario online, ingresar en la Secci\u00f3n Comunidad\/Programa de Oficios de la web de EDEN: <a href=\"http:\/\/www.edensa.com.ar\/\" target=\"_blank\" rel=\"nofollow noopener noreferrer\">www.edensa.com.ar<\/a>\u00a0 \u00a0Ten\u00e9s tiempo de anotarte hasta el 23 de agosto.<\/p>\n<p dir=\"ltr\">\u201cEsperamos que este Programa que nos llena de orgullo, contin\u00fae aportando valor a las comunidades donde estamos presentes a trav\u00e9s de la educaci\u00f3n que es nuestro principal eje de trabajo en este sentido\u201d, concluy\u00f3 Hulten.<\/p>\n<\/div>\n","protected":false},"excerpt":{"rendered":"<p>LA EMPRESA EDEN LO HA LANZADO.<\/p>\n","protected":false},"author":3,"featured_media":6079,"comment_status":"open","ping_status":"open","sticky":false,"template":"","format":"standard","meta":{"footnotes":"","jetpack_publicize_message":"","jetpack_publicize_feature_enabled":true,"jetpack_social_post_already_shared":false,"jetpack_social_options":{"image_generator_settings":{"template":"highway","default_image_id":0,"font":"","enabled":false},"version":2}},"categories":[6],"tags":[468,39],"class_list":["post-6077","post","type-post","status-publish","format-standard","has-post-thumbnail","hentry","category-barrios","tag-cursos","tag-eden"],"jetpack_publicize_connections":[],"jetpack_featured_media_url":"https:\/\/revistaepocadigital.com.ar\/wp-content\/uploads\/2020\/08\/programa.jpg","jetpack_likes_enabled":true,"_links":{"self":[{"href":"https:\/\/revistaepocadigital.com.ar\/index.php?rest_route=\/wp\/v2\/posts\/6077","targetHints":{"allow":["GET"]}}],"collection":[{"href":"https:\/\/revistaepocadigital.com.ar\/index.php?rest_route=\/wp\/v2\/posts"}],"about":[{"href":"https:\/\/revistaepocadigital.com.ar\/index.php?rest_route=\/wp\/v2\/types\/post"}],"author":[{"embeddable":true,"href":"https:\/\/revistaepocadigital.com.ar\/index.php?rest_route=\/wp\/v2\/users\/3"}],"replies":[{"embeddable":true,"href":"https:\/\/revistaepocadigital.com.ar\/index.php?rest_route=%2Fwp%2Fv2%2Fcomments&post=6077"}],"version-history":[{"count":0,"href":"https:\/\/revistaepocadigital.com.ar\/index.php?rest_route=\/wp\/v2\/posts\/6077\/revisions"}],"wp:featuredmedia":[{"embeddable":true,"href":"https:\/\/revistaepocadigital.com.ar\/index.php?rest_route=\/wp\/v2\/media\/6079"}],"wp:attachment":[{"href":"https:\/\/revistaepocadigital.com.ar\/index.php?rest_route=%2Fwp%2Fv2%2Fmedia&parent=6077"}],"wp:term":[{"taxonomy":"category","embeddable":true,"href":"https:\/\/revistaepocadigital.com.ar\/index.php?rest_route=%2Fwp%2Fv2%2Fcategories&post=6077"},{"taxonomy":"post_tag","embeddable":true,"href":"https:\/\/revistaepocadigital.com.ar\/index.php?rest_route=%2Fwp%2Fv2%2Ftags&post=6077"}],"curies":[{"name":"wp","href":"https:\/\/api.w.org\/{rel}","templated":true}]}}