{"id":6082,"date":"2020-08-07T13:55:12","date_gmt":"2020-08-07T16:55:12","guid":{"rendered":"https:\/\/revistaepocadigital.com.ar\/?p=6082"},"modified":"2020-08-07T13:55:12","modified_gmt":"2020-08-07T16:55:12","slug":"los-concejales-los-vandalos-y-los-delincuentes","status":"publish","type":"post","link":"https:\/\/revistaepocadigital.com.ar\/?p=6082","title":{"rendered":"LOS CONCEJALES, LOS V\u00c1NDALOS Y LOS DELINCUENTES"},"content":{"rendered":"<p class=\"yiv8802537607MsoNormal\"><b><u>EN\u00c9RGICO CUESTIONAMIENTO A CONCEJALES DE LA SOCIEDAD RURAL DE EXALTACI\u00d3N DE LA CRUZ, CAMPANA Y Z\u00c1RATE.<\/u><\/b><!--more--><\/p>\n<p class=\"yiv8802537607MsoNormal\"><u>Acerca de la situaci\u00f3n del campo, de los hechos delictivos de vandalismo y quema de campos producidos en nuestro distrito, as\u00ed como en otros de la provincia de Buenos Aires y en otras provincias, hemos reflejado la informaci\u00f3n en EPOCA, sin que se conozca que hubieran habido esclarecimientos. Mientras tanto persiste la relaci\u00f3n compleja entre los sectores agropecuarios y el gobierno.<\/u><\/p>\n<p><strong>La entidad ruralista local se ha pronunciado en duros t\u00e9rminos<\/strong> hacia una serie de <strong>concejales<\/strong> justamente del distrito al que se supone representan, quienes emitieron su voto en contra del Proyecto de Comunicaci\u00f3n 10\/20, elaborado en repudio a los recientes hechos de vandalismo que delincuentes llevan a cabo contra bienes de productores en <strong>Exaltaci\u00f3n de la Cruz<\/strong>, como rotura de silos bolsa y quema de campos con cultivos.<\/p>\n<p>Abajo el comunicado firmado por la comisi\u00f3n directiva de la <strong>Rural:<\/strong><\/p>\n<p class=\"yiv8802537607MsoNoSpacing\"><em><span lang=\"ES-AR\">\u201c<\/span><b><span lang=\"ES-AR\">V\u00e1ndalo\/Vandalismo<\/span><\/b><span lang=\"ES-AR\">\u201d:<\/span><\/em><\/p>\n<p class=\"yiv8802537607MsoNoSpacing\"><em><span lang=\"ES-AR\">\u00a0Persona que<\/span><span lang=\"ES-AR\">\u00a0<\/span><span lang=\"ES-AR\">comete<\/span><span lang=\"ES-AR\">\u00a0<\/span><span lang=\"ES-AR\">acciones<\/span><span lang=\"ES-AR\">\u00a0<\/span><span lang=\"ES-AR\">propias<\/span><span lang=\"ES-AR\">\u00a0<\/span><span lang=\"ES-AR\">de<\/span><span lang=\"ES-AR\">\u00a0<\/span><span lang=\"ES-AR\">gente<\/span><span lang=\"ES-AR\">\u00a0<\/span><span lang=\"ES-AR\">salvaje<\/span><span lang=\"ES-AR\">\u00a0<\/span><span lang=\"ES-AR\">y<\/span><span lang=\"ES-AR\">\u00a0<\/span><span lang=\"ES-AR\">destructiva<\/span><span lang=\"ES-AR\">.(RAE)<\/span><\/em><\/p>\n<p class=\"yiv8802537607MsoNoSpacing\"><em><b><span lang=\"ES-AR\">\u201cDelincuente\u201d:<\/span><\/b><\/em><\/p>\n<p class=\"yiv8802537607MsoNoSpacing\"><em><span lang=\"ES-AR\">El que produce una acci\u00f3n<\/span><span lang=\"ES-AR\">\u00a0<\/span><span lang=\"ES-AR\">u<\/span><span lang=\"ES-AR\">\u00a0<\/span><span lang=\"ES-AR\">omisi\u00f3n<\/span><span lang=\"ES-AR\">\u00a0<\/span><span lang=\"ES-AR\">voluntaria<\/span><span lang=\"ES-AR\">\u00a0<\/span><span lang=\"ES-AR\">o<\/span><span lang=\"ES-AR\">\u00a0<\/span><span lang=\"ES-AR\">imprudente<\/span><span lang=\"ES-AR\">\u00a0<\/span><span lang=\"ES-AR\">penada<\/span><span lang=\"ES-AR\">\u00a0<\/span><span lang=\"ES-AR\">por<\/span><span lang=\"ES-AR\">\u00a0<\/span><span lang=\"ES-AR\">la<\/span><span lang=\"ES-AR\">\u00a0<\/span><span lang=\"ES-AR\">ley<\/span><span lang=\"ES-AR\">.(RAE)<\/span><\/em><\/p>\n<p class=\"yiv8802537607MsoNoSpacing\"><em><span lang=\"ES-AR\">\u00a0<\/span><\/em><img loading=\"lazy\" decoding=\"async\" id=\"yiv8802537607Imagen_x0020_7\" src=\"https:\/\/ecp.yusercontent.com\/mail?url=http%3A%2F%2F101737.asset.dattanet.com%2Fweb_public_shared%2Fimage%2F101737%2F5f2d726f5e134.jpeg&amp;t=1596815216&amp;ymreqid=a1e28384-e738-286e-1cc4-bf000101f100&amp;sig=jOS1n8AF9qaufV3s_lfsFA--~D\" alt=\"Descripci\u00f3n: Hechos vand\u00e1licos en campos de productores generan preocupaci\u00f3n\" width=\"488\" height=\"246\" \/><\/p>\n<p class=\"yiv8802537607MsoNoSpacing\"><span lang=\"ES-AR\">\u00a0En la foto, una muestra de hechos incalificables producidos en campos de nuestro partido (Foto Soc.Rural)<\/span><\/p>\n<p>&nbsp;<\/p>\n<p class=\"yiv8802537607MsoNormal\"><em>En la 9\u00b0 Sesi\u00f3n Ordinaria del Consejo Deliberante de Exaltaci\u00f3n de la Cruz, celebrada el pasado 28 de Julio, los concejales Andrea Melo, Gustavo Candia, H\u00e9ctor Palmieri , Cristian Alonso y Emanuel Mart\u00ednez votaron en contra del Proyecto de Comunicaci\u00f3n 10\/20 (Expte 4036-820\/2020), en repudio a los recientes hechos de vandalismo que delincuentes llevan a cabo contra bienes de productores en Exaltaci\u00f3n de la Cruz: rotura de silos bolsa y quema de campos con cultivos.<\/em><\/p>\n<p class=\"yiv8802537607MsoNormal\"><em>Esos concejales <b>no apoyaron<\/b>\u00a0manifestar claramente su\u00a0<\/em><i>\u201cpreocupaci\u00f3n y en\u00e9rgico repudio a los hechos de vandalismo contra productores agropecuarios en Exaltaci\u00f3n de la Cruz y de solicitar al Gobernador de la Provincia y al Intendente Municipal que a trav\u00e9s de las \u00e1reas correspondientes adopten las medidas necesarias para garantizar que estos episodios no sigan ocurriendo y e<\/i><em>xpresar la solidaridad de este cuerpo hacia los damnificados\u201d,\u00a0tal como expresa el Proyecto de Comunicaci\u00f3n.<\/em><\/p>\n<p class=\"yiv8802537607MsoNormal\"><em>Prefirieron estos ediles algunos con su silencio y otros con declaraciones y argumentos totalmente equivocados -o sea unos por omisi\u00f3n y otros por acci\u00f3n\u2013 soslayar o desconocer el accionar de los v\u00e1ndalos\u00a0 quienes finalmente destruyeron comida, esfuerzo, inversi\u00f3n, el trabajo de todo un a\u00f1o, una significativa fuente de generaci\u00f3n de recursos para el distrito que los propios Concejales representan y la principal fuente de divisas para el pa\u00eds.<\/em><\/p>\n<p class=\"yiv8802537607MsoNormal\"><em><b>Entonces, cabe preguntarse de qu\u00e9 lado est\u00e1n los Sres. Concejales?<\/b><\/em><\/p>\n<p class=\"yiv8802537607MsoNormal\"><em><b>\u00a0<\/b>Hay una frase popular que dice: \u201cel que calla, otorga\u201d.\u00a0 Ante el<strong> penoso y lamentable\u00a0 desempe\u00f1o de los concejales mencionados,<\/strong> frente a\u00a0 los hechos de vandalismo <b>que son<\/b>\u00a0<b>delitos,<\/b> y al accionar de los delincuentes que los producen, <b>no esperen que nos quedemos callados ya que nosotros s\u00ed sabemos muy bien de cual lado siempre estaremos&#8221;.<\/b><\/em><\/p>\n","protected":false},"excerpt":{"rendered":"<p>EN\u00c9RGICO CUESTIONAMIENTO A CONCEJALES DE LA SOCIEDAD RURAL DE EXALTACI\u00d3N DE LA CRUZ, CAMPANA Y Z\u00c1RATE.<\/p>\n","protected":false},"author":4,"featured_media":6085,"comment_status":"open","ping_status":"open","sticky":false,"template":"","format":"standard","meta":{"footnotes":"","jetpack_publicize_message":"","jetpack_publicize_feature_enabled":true,"jetpack_social_post_already_shared":false,"jetpack_social_options":{"image_generator_settings":{"template":"highway","default_image_id":0,"font":"","enabled":false},"version":2}},"categories":[13],"tags":[812,813,811],"class_list":["post-6082","post","type-post","status-publish","format-standard","has-post-thumbnail","hentry","category-interes-general","tag-campos","tag-soc-rural","tag-vandalismo"],"jetpack_publicize_connections":[],"jetpack_featured_media_url":"https:\/\/revistaepocadigital.com.ar\/wp-content\/uploads\/2020\/08\/mail.jpg","jetpack_likes_enabled":true,"_links":{"self":[{"href":"https:\/\/revistaepocadigital.com.ar\/index.php?rest_route=\/wp\/v2\/posts\/6082","targetHints":{"allow":["GET"]}}],"collection":[{"href":"https:\/\/revistaepocadigital.com.ar\/index.php?rest_route=\/wp\/v2\/posts"}],"about":[{"href":"https:\/\/revistaepocadigital.com.ar\/index.php?rest_route=\/wp\/v2\/types\/post"}],"author":[{"embeddable":true,"href":"https:\/\/revistaepocadigital.com.ar\/index.php?rest_route=\/wp\/v2\/users\/4"}],"replies":[{"embeddable":true,"href":"https:\/\/revistaepocadigital.com.ar\/index.php?rest_route=%2Fwp%2Fv2%2Fcomments&post=6082"}],"version-history":[{"count":0,"href":"https:\/\/revistaepocadigital.com.ar\/index.php?rest_route=\/wp\/v2\/posts\/6082\/revisions"}],"wp:featuredmedia":[{"embeddable":true,"href":"https:\/\/revistaepocadigital.com.ar\/index.php?rest_route=\/wp\/v2\/media\/6085"}],"wp:attachment":[{"href":"https:\/\/revistaepocadigital.com.ar\/index.php?rest_route=%2Fwp%2Fv2%2Fmedia&parent=6082"}],"wp:term":[{"taxonomy":"category","embeddable":true,"href":"https:\/\/revistaepocadigital.com.ar\/index.php?rest_route=%2Fwp%2Fv2%2Fcategories&post=6082"},{"taxonomy":"post_tag","embeddable":true,"href":"https:\/\/revistaepocadigital.com.ar\/index.php?rest_route=%2Fwp%2Fv2%2Ftags&post=6082"}],"curies":[{"name":"wp","href":"https:\/\/api.w.org\/{rel}","templated":true}]}}