{"id":611,"date":"2018-11-30T08:33:52","date_gmt":"2018-11-30T11:33:52","guid":{"rendered":"https:\/\/revistaepocadigital.com.ar\/?p=611"},"modified":"2018-11-30T08:33:52","modified_gmt":"2018-11-30T11:33:52","slug":"de-nuevo-en-carrera","status":"publish","type":"post","link":"https:\/\/revistaepocadigital.com.ar\/?p=611","title":{"rendered":"De nuevo en carrera"},"content":{"rendered":"<p><strong>&#8220;MI MAYOR PREOCUPACI\u00d3N ES QUE SE LOGRE LA ESTABILIZACI\u00d3N ECON\u00d3MICA, LA BAJA DE LA INFLACI\u00d3N Y QUE NO AUMENTE LA FALTA DE TRABAJO&#8221;.<\/strong><\/p>\n<p>No ha sido precisamente 2018 un a\u00f1o sin complicaciones personales para <strong>Adri\u00e1n S\u00e1nchez<\/strong>; el intendente quien reasumi\u00f3 sus funciones hace unos d\u00edas, debi\u00f3 afrontar problemas de salud que lo llevaron a someterse a dos operaciones quirurgicas, por lo que debi\u00f3 ser reemplazado en el cargo en forma interina por la concejal <strong>Mar\u00eda Luz Bozzani.<\/strong><\/p>\n<p>El jefe comunal padeci\u00f3 problemas f\u00edsicos por la pr\u00f3tesis que tiene colocada desde hace a\u00f1os en una de sus piernas, la que operaci\u00f3n mediante le fue reemplazada, y luego debi\u00f3 someterse a otro tratamiento m\u00e9dico que llev\u00f3 a prolongar la licencia en el cargo. De nuevo al frente de la comuna, EPOCA habl\u00f3 con S\u00e1nchez a poco de recibir en su despacho al gobernador regional del <strong>Rotary Club, Horacio Mollo<\/strong> (foto portada)<\/p>\n<p><strong>-\u00bfQue sensaciones le gener\u00f3 su vuelta a la funci\u00f3n como intendente?<\/strong><br \/>\n<em>-Me reincorpor\u00e9 el pasado 27 de noviembre luego de someterme a dos operaciones, la \u00faltima el 17 del mes pasado, y me siento con todas las ganas y fuerzas para continuar cumpliendo con mi responsabilidad como intendente de Ex. de la Cruz, pensando como siempre en trabajar a diario por la gente de nuestro distrito. Y hablando de sensaciones, bueno, <\/em><em>las que me han deparado el regreso a mi funci\u00f3n es la de seguir sintiendo el mismo y gran compromiso para llevar adelante mi actividad y los distintos proyectos y programas en las distintas \u00e1reas de la municipalidad, como as\u00ed tambi\u00e9n encontrar soluciones a los diversos problemas que aparecen a diario.<\/em><\/p>\n<figure id=\"attachment_615\" aria-describedby=\"caption-attachment-615\" style=\"width: 1910px\" class=\"wp-caption aligncenter\"><img loading=\"lazy\" decoding=\"async\" class=\"size-full wp-image-615\" src=\"https:\/\/revistaepocadigital.com.ar\/wp-content\/uploads\/2018\/11\/sanchez-18-1-1.jpg\" alt=\"\" width=\"1910\" height=\"2315\" \/><figcaption id=\"caption-attachment-615\" class=\"wp-caption-text\">El jefe comunal hace un breve repaso de la situaci\u00f3n actual.<\/figcaption><\/figure>\n<p><strong>-Si bien ha estado de licencia, se mantuvo en forma permanente al tanto del funcionamiento del municipio; ahora de nuevo en el cargo, \u00bfcual es su mayor preocupaci\u00f3n?<\/strong><br \/>\n<em>-Bueno, mi mayor preocupacion c\u00f3mo la de toda la poblaci\u00f3n es que las medidas adoptadas por el Ministerio de Hacienda y Finanzas del Gobierno de la Naci\u00f3n, logren la estabilizaci\u00f3n econ\u00f3mica, la baja de la inflaci\u00f3n y as\u00ed permitir que se generen las bases y condiciones para la reactivacion de la economia, y el mejoramiento de la calidad de vida de nuestro pueblo. Adem\u00e1s, no dejo de preocuparme por los efectos que ha producido en nuestra poblaci\u00f3n la situaci\u00f3n general en torno al aumento de falta de trabajo, y el achicamiento en el poder adquisitivo que tanto complica el consumo, como as\u00ed tambi\u00e9n, en lo referido al terreno local,<\/em> <em>la constante preocupaci\u00f3n en el cumplimiento en los servicios b\u00e1sicos que deben efectuarse en nuestro distrito.<\/em><\/p>\n<p><span style=\"color: #ff0000;\"><em>2018: &#8220;TUVIMOS QUE AJUSTAR LOS GASTOS<\/em><\/span><br \/>\n<span style=\"color: #ff0000;\"><em>DEBIDO A LA DISMINUCI\u00d3N DE INGRESOS&#8221;<\/em><\/span><\/p>\n<p><strong>-En el marco actual, que avisora como intendente para 2019 y que conclusiones extrae del 2018 que culmina?<\/strong><br \/>\n<em>-Este fue un a\u00f1o muy particular en lo personal, debido a mi situacion de salud, de todas formas estuve acompa\u00f1ando constantemente a la gestion en todo momento. Fue un per\u00edodo donde tuvimos que ajustar los gastos debido a la disminuci\u00f3n de ingresos, ahora bien, espero que transitemos un mejor a\u00f1o 2019, donde reconozcan por ejemplo, las autoridades de Salud de la Provincia de Buenos Aires, la importante inversi\u00f3n que hemos realizado en Salud en nuestro Hospital Municipal &#8220;San Jose&#8221;, que nos ha posibilitado por citar un gran avance, la concreci\u00f3n del \u00e1rea de Hemodinamia Cardiolog\u00edca y la adquisici\u00f3n del angi\u00f3grafo y resonador nuclear, entre otras mejoras de servicios y<\/em> <em>aparatologia, a la vez que en las Unidades Sanitarias de Parada Robles y Los Cardales tambi\u00e9n concretamos mejoras concretas. Todo este gran esfuerzo y avances logrados, aguardamos que redunde en el aumento del porcentaje en la coparticipacion de recursos e ingresos por parte del gobierno de la Provincia de Buenos Aires para con nuestro municipio.<\/em><\/p>\n<p>Fotos: prensa municipalidad<\/p>\n","protected":false},"excerpt":{"rendered":"<p>&#8220;MI MAYOR PREOCUPACI\u00d3N ES QUE SE LOGRE LA ESTABILIZACI\u00d3N ECON\u00d3MICA, LA BAJA DE LA INFLACI\u00d3N Y QUE NO AUMENTE LA FALTA DE TRABAJO&#8221;. No ha sido precisamente 2018 un a\u00f1o sin complicaciones personales para Adri\u00e1n S\u00e1nchez; el intendente quien reasumi\u00f3 sus funciones hace unos d\u00edas, debi\u00f3 afrontar problemas de salud que lo llevaron a someterse [&hellip;]<\/p>\n","protected":false},"author":3,"featured_media":614,"comment_status":"open","ping_status":"open","sticky":false,"template":"","format":"standard","meta":{"footnotes":"","jetpack_publicize_message":"","jetpack_publicize_feature_enabled":true,"jetpack_social_post_already_shared":false,"jetpack_social_options":{"image_generator_settings":{"template":"highway","default_image_id":0,"font":"","enabled":false},"version":2}},"categories":[16,17],"tags":[37,59],"class_list":["post-611","post","type-post","status-publish","format-standard","has-post-thumbnail","hentry","category-municipales","category-politica","tag-destacada","tag-intendente-sanchez"],"jetpack_publicize_connections":[],"jetpack_featured_media_url":"https:\/\/revistaepocadigital.com.ar\/wp-content\/uploads\/2018\/11\/sanchez-presi-rotary-1.jpg","jetpack_likes_enabled":true,"_links":{"self":[{"href":"https:\/\/revistaepocadigital.com.ar\/index.php?rest_route=\/wp\/v2\/posts\/611","targetHints":{"allow":["GET"]}}],"collection":[{"href":"https:\/\/revistaepocadigital.com.ar\/index.php?rest_route=\/wp\/v2\/posts"}],"about":[{"href":"https:\/\/revistaepocadigital.com.ar\/index.php?rest_route=\/wp\/v2\/types\/post"}],"author":[{"embeddable":true,"href":"https:\/\/revistaepocadigital.com.ar\/index.php?rest_route=\/wp\/v2\/users\/3"}],"replies":[{"embeddable":true,"href":"https:\/\/revistaepocadigital.com.ar\/index.php?rest_route=%2Fwp%2Fv2%2Fcomments&post=611"}],"version-history":[{"count":0,"href":"https:\/\/revistaepocadigital.com.ar\/index.php?rest_route=\/wp\/v2\/posts\/611\/revisions"}],"wp:featuredmedia":[{"embeddable":true,"href":"https:\/\/revistaepocadigital.com.ar\/index.php?rest_route=\/wp\/v2\/media\/614"}],"wp:attachment":[{"href":"https:\/\/revistaepocadigital.com.ar\/index.php?rest_route=%2Fwp%2Fv2%2Fmedia&parent=611"}],"wp:term":[{"taxonomy":"category","embeddable":true,"href":"https:\/\/revistaepocadigital.com.ar\/index.php?rest_route=%2Fwp%2Fv2%2Fcategories&post=611"},{"taxonomy":"post_tag","embeddable":true,"href":"https:\/\/revistaepocadigital.com.ar\/index.php?rest_route=%2Fwp%2Fv2%2Ftags&post=611"}],"curies":[{"name":"wp","href":"https:\/\/api.w.org\/{rel}","templated":true}]}}