{"id":6111,"date":"2020-08-09T23:17:25","date_gmt":"2020-08-10T02:17:25","guid":{"rendered":"https:\/\/revistaepocadigital.com.ar\/?p=6111"},"modified":"2020-08-14T14:34:01","modified_gmt":"2020-08-14T17:34:01","slug":"4-de-cada-10-bonaerenses-perciben-el-ingreso-familiar-de-emergencia","status":"publish","type":"post","link":"https:\/\/revistaepocadigital.com.ar\/?p=6111","title":{"rendered":"ANSES."},"content":{"rendered":"<div class=\"msg-body P_wpofO mq_AS\" data-test-id=\"message-view-body-content\">\n<div class=\"jb_0 X_6MGW N_6Fd5\">\n<div id=\"yiv0538727842\">\n<div class=\"yiv0538727842WordSection1\">\n<p><strong>SU ATENCI\u00d3N POR FAVOR.<!--more--><\/strong><\/p>\n<div class=\"D_F ek_BB H_6D6F aw_2941hk ba_10I1Qt az_oOItw ay_Z1nkUQx I_kt4zd\">\n<div id=\"app\" class=\"D_F ek_BB H_6D6F cZ1RN91d_n s_1HCsWR aw_Z22yhkg I_kt4zd az_DW ba_Z2gmOa3 ay_Z1cYiMT c2hBT4u_Zm6i39 cZTwBjO_Zdogtk\" tabindex=\"-1\" data-test-id=\"mail-app\">\n<div class=\"I_ZnwrMC D_F em_N o_h W_6D6F H_6D6F\" data-test-id=\"content-area\">\n<div class=\"D_F em_N o_h s_1HCsWR\" data-test-id=\"content-below-tabs\">\n<div id=\"mail-app-component-container\" class=\"D_F em_N ej_eUh o_h\">\n<div id=\"mail-app-component\" class=\"em_N gl_C I_52qC j_ZlOSbd o_h p_R D_F s_e5X x_Z14vXdP\" data-yaft-module=\"norrin_main\" data-test-id=\"mail-app-component\">\n<div class=\"D_F ek_BB p_a Z_0 L_0 R_0 T_0 B_0 cZ1RN91d_GG I_ZnwrMC\" data-test-id=\"message-group-view\">\n<div class=\"iz_A I_52qC em_0 Z_0\" role=\"main\" data-test-id=\"message-group-view-scroller\" aria-label=\"Vista de mensajes\">\n<div data-test-id=\"focus-group\" aria-label=\"Grupo de navegaci\u00f3n del teclado. Usa las flechas para navegar o el tabulador para pasar al siguiente grupo.\">\n<ul class=\"hd_n M_0 X_0\" data-test-id=\"cards\">\n<li class=\"m_Z12nDQf D_F ek_BB ir_0\">\n<div class=\"p_R b_2w4l8N I_52qC em_N X_fq7 N_6LEV ir3_Z1tiXR3 it3_689y j_ZlOSbd message-view\" tabindex=\"40\" data-test-id=\"message-view\" data-test-expanded=\"true\" data-iskeynav=\"true\">\n<div data-test-id=\"message-body-container\">\n<div class=\"I_52qC D_FY W_6D6F\" data-test-id=\"message-view-body\">\n<div class=\"msg-body P_wpofO mq_AS\" data-test-id=\"message-view-body-content\">\n<div class=\"jb_0 X_6MGW N_6Fd5\">\n<div>\n<div id=\"yiv5787886847\">\n<div>\n<div class=\"yiv5787886847WordSection1\">\n<div><\/div>\n<p class=\"yiv5787886847MsoNormal\">\n<\/div>\n<\/div>\n<\/div>\n<\/div>\n<\/div>\n<\/div>\n<div class=\"jb_0 X_6MGW N_6Fd5\"><\/div>\n<\/div>\n<div class=\"H_7jIs D_F ab_C Q_69H5 E_36RhU\" data-test-id=\"toolbar-hover-area\">\n<div class=\"D_F W_6D6F r_BN gl_C\" data-test-id=\"card-toolbar\">\n<div class=\"D_F ab_C en_0 b_Z14vXdP e_3mS2U I_52qC P_Z1otBpf\">\n<hr class=\"M_0 P_0 cn_0\" \/>\n<\/div>\n<\/div>\n<\/div>\n<\/div>\n<\/div>\n<\/li>\n<\/ul>\n<\/div>\n<\/div>\n<\/div>\n<\/div>\n<div class=\"D_F o_v p_R I_ZnwrMC\" data-test-id=\"mail-right-rail\">\n<div class=\"D_F ek_BB\">\n<div class=\"Z_qc\">\n<div class=\"D_F en_0 gl_FM je_6Fd5 jb_6Fd5 N_6Fd5 X_6Fd5 H_7bcz k_w I_52qC m_Z14vXdP U_67SN\" data-test-id=\"comms-properties-bar\" aria-label=\"Grupo de navegaci\u00f3n del teclado. Usa las flechas para navegar o el tabulador para pasar al siguiente grupo.\">\n<div class=\"D_F ab_C cdPFi_ZamTeg C_ZamTeg r_P C4_Z29WjXl cdPFi4_Z29WjXl\">\n<div data-test-id=\"popover-container\">\n<div class=\"D_F\"><\/div>\n<\/div>\n<\/div>\n<\/div>\n<\/div>\n<div class=\"D_F em_N ek_BB iz_A iy_h a_3vpWV H_6D6F\">\n<div class=\"k_w W_3o4BO a_3o4BO iz_A iy_h P_6Fd5\" aria-hidden=\"true\" data-test-id=\"right-rail-ad\">\n<div>\n<div id=\"boxSKY\" data-yaft-module=\"norrin_ad_sky\">\n<div id=\"tgtSKY\" style=\"text-align: center;\"><strong>&#8230;&#8230;&#8230;&#8230;&#8230;&#8230;&#8230;&#8230;&#8230;&#8230;&#8230;&#8230;&#8230;&#8230;&#8230;&#8230;&#8230;&#8230;&#8230;&#8230;&#8230;&#8230;&#8230;&#8230;&#8230;&#8230;&#8230;&#8230;&#8230;&#8230;&#8230;&#8230;&#8230;&#8230;&#8230;&#8230;&#8230;<\/strong><\/div>\n<\/div>\n<\/div>\n<\/div>\n<\/div>\n<\/div>\n<\/div>\n<\/div>\n<\/div>\n<\/div>\n<div><\/div>\n<div role=\"alert\"><\/div>\n<\/div>\n<\/div>\n<p class=\"yiv0538727842MsoNormal\"><strong>POBLACION ECON\u00d3MICAMENTE ACTIVA.<!--more--><\/strong><\/p>\n<p class=\"yiv0538727842MsoNormal\">A trav\u00e9s del Ingreso Familiar de Emergencia (IFE), la ANSES asiste a <b>3.219.016<\/b> personas en la provincia de Buenos Aires, de las uales\u00a0<b>1.823.566<\/b>\u00a0son mujeres y\u00a0<b>1.395.450<\/b>\u00a0son hombres. Asimismo, lo recibi\u00f3 el 29,8% de los bonaerenses que tienen entre 18 y 65 a\u00f1os, lo que representa al 41% de la Poblaci\u00f3n Econ\u00f3micamente Activa (PEA)*.<\/p>\n<p class=\"yiv0538727842MsoNormal\">Del total de beneficiarios provinciales, 1.911.009 son trabajadores\/as informales o est\u00e1n desocupados; 915.843 perciben la Asignaci\u00f3n Universal por Hijo (AUH) o por Embarazo (AUE); 271.313 son monotributistas de las categor\u00edas A, B o monotributo social; 85.094 son trabajadores\/as de casas particulares y 35.757 son titulares de PROGRESAR.<\/p>\n<p class=\"yiv0538727842MsoNormal\">En este marco, la directora ejecutiva de la ANSES,\u00a0<b>Fernanda Raverta<\/b>, sostuvo: \u201c<i>El IFE es una prestaci\u00f3n absolutamente importante porque ha llegado a cerca de 9 millones de argentinos y argentinas en el marco de esta pandemia. Se trata de una transferencia de dinero a las familias \u00fanica en la regi\u00f3n. Quiero destacar la magnitud del alcance econ\u00f3mico, ya que se trata de una inversi\u00f3n de 90 mil millones de pesos cada vez que se inici\u00f3 un cronograma de pagos\u201d.<\/i><\/p>\n<p class=\"yiv0538727842MsoNormal\">En relaci\u00f3n a los indicadores sociales, el IFE lleg\u00f3 al 38,3% de los hogares que est\u00e1n bajo la l\u00ednea de pobreza e indigencia.<\/p>\n<p class=\"yiv0538727842MsoNormal\"><b>Distribuci\u00f3n del IFE por rango etario<\/b><\/p>\n<table class=\"yiv0538727842MsoNormalTable\" border=\"1\" cellspacing=\"0\" cellpadding=\"0\">\n<tbody>\n<tr>\n<td valign=\"top\" width=\"302\">\n<p class=\"yiv0538727842MsoNormal\" align=\"center\"><b>Edad<\/b><\/p>\n<\/td>\n<td valign=\"top\" width=\"303\">\n<p class=\"yiv0538727842MsoNormal\" align=\"center\"><b>Personas<\/b><\/p>\n<\/td>\n<\/tr>\n<tr>\n<td valign=\"top\" width=\"302\">\n<p class=\"yiv0538727842MsoNormal\" align=\"center\"><b>18 a 24<\/b><\/p>\n<\/td>\n<td valign=\"top\" width=\"303\">\n<p class=\"yiv0538727842MsoNormal\" align=\"center\"><b>813.401<\/b><\/p>\n<\/td>\n<\/tr>\n<tr>\n<td valign=\"top\" width=\"302\">\n<p class=\"yiv0538727842MsoNormal\" align=\"center\"><b>25 a 34<\/b><\/p>\n<\/td>\n<td valign=\"top\" width=\"303\">\n<p class=\"yiv0538727842MsoNormal\" align=\"center\"><b>1.044.068<\/b><\/p>\n<\/td>\n<\/tr>\n<tr>\n<td valign=\"top\" width=\"302\">\n<p class=\"yiv0538727842MsoNormal\" align=\"center\"><b>35 a 44<\/b><\/p>\n<\/td>\n<td valign=\"top\" width=\"303\">\n<p class=\"yiv0538727842MsoNormal\" align=\"center\"><b>672.286<\/b><\/p>\n<\/td>\n<\/tr>\n<tr>\n<td valign=\"top\" width=\"302\">\n<p class=\"yiv0538727842MsoNormal\" align=\"center\"><b>45 a 54<\/b><\/p>\n<\/td>\n<td valign=\"top\" width=\"303\">\n<p class=\"yiv0538727842MsoNormal\" align=\"center\"><b>425.816<\/b><\/p>\n<\/td>\n<\/tr>\n<tr>\n<td valign=\"top\" width=\"302\">\n<p class=\"yiv0538727842MsoNormal\" align=\"center\"><b>55 a 65<\/b><\/p>\n<\/td>\n<td valign=\"top\" width=\"303\">\n<p class=\"yiv0538727842MsoNormal\" align=\"center\"><b>263.445<\/b><\/p>\n<\/td>\n<\/tr>\n<\/tbody>\n<\/table>\n<p class=\"yiv0538727842MsoNormal\"><i>*Se define a la PEA como la cantidad de personas que tienen una ocupaci\u00f3n o que, sin tenerla, la est\u00e1n buscando activamente; est\u00e1 compuesta por la poblaci\u00f3n ocupada m\u00e1s la poblaci\u00f3n desocupada.<\/i><\/p>\n<\/div>\n<p>&nbsp;<\/p>\n<p align=\"center\"><strong>INGRESO FAMILIAR DE EMERGENCIA: CALENDARIO DEL TERCER PAGO<\/strong><\/p>\n<p class=\"yiv5576382387MsoNormal\"><em>La ANSES informa que,<b>\u00a0a partir del 10 de agosto<\/b>, comenzar\u00e1 el pago del\u00a0<\/em>Ingreso Familiar de Emergencia (IFE)<em>\u00a0de 10.000 pesos junto con el cronograma de la Asignaci\u00f3n Universal por Hijo (AUH):<\/em><\/p>\n<p class=\"yiv5576382387MsoNormal\">\u00b7\u00a0\u00a0\u00a0\u00a0\u00a0\u00a0\u00a0\u00a0\u00a0Lunes 10 de agosto: documentos terminados en 0.<\/p>\n<p class=\"yiv5576382387MsoNormal\">\u00b7\u00a0\u00a0\u00a0\u00a0\u00a0\u00a0\u00a0\u00a0Martes 11 de agosto: documentos terminados en 1.<\/p>\n<p class=\"yiv5576382387MsoNormal\">\u00b7\u00a0\u00a0\u00a0\u00a0\u00a0\u00a0\u00a0\u00a0Mi\u00e9rcoles 12 de agosto: documentos terminados en 2.<\/p>\n<p class=\"yiv5576382387MsoNormal\">\u00b7\u00a0\u00a0\u00a0\u00a0\u00a0\u00a0\u00a0\u00a0Jueves 13 de agosto: documentos terminados en 3.<\/p>\n<p class=\"yiv5576382387MsoNormal\">\u00b7\u00a0\u00a0\u00a0\u00a0\u00a0\u00a0\u00a0\u00a0Viernes 14 de agosto: documentos terminados en 4.<\/p>\n<p class=\"yiv5576382387MsoNormal\">\u00b7\u00a0\u00a0\u00a0\u00a0\u00a0\u00a0\u00a0\u00a0Martes 18 de agosto: documentos terminados en 5.<\/p>\n<p class=\"yiv5576382387MsoNormal\">\u00b7\u00a0\u00a0\u00a0\u00a0\u00a0\u00a0\u00a0\u00a0Mi\u00e9rcoles 19 de agosto: documentos terminados en 6.<\/p>\n<p class=\"yiv5576382387MsoNormal\">\u00b7\u00a0\u00a0\u00a0\u00a0\u00a0\u00a0\u00a0\u00a0Jueves 20 de agosto: documentos terminados en 7.<\/p>\n<p class=\"yiv5576382387MsoNormal\">\u00b7\u00a0\u00a0\u00a0\u00a0\u00a0\u00a0\u00a0\u00a0Viernes 21 de agosto: documentos terminados en 8.<\/p>\n<p class=\"yiv5576382387MsoNormal\">\u00b7\u00a0\u00a0\u00a0\u00a0\u00a0\u00a0\u00a0\u00a0Lunes 24 de agosto: documentos terminados en 9.<\/p>\n<p class=\"yiv5576382387MsoNormal\"><em>Asimismo,\u00a0<\/em><b>desde el 25 de agosto<\/b>, la ANSES empezar\u00e1 a abonar el\u00a0IFE a los restantes beneficiarios que validaron su Clave Bancaria Uniforme (CBU) en el aplicativo del sitio web del organismo.<\/p>\n<p class=\"yiv5576382387MsoNormal\">De esta manera, las fechas de pago ser\u00e1n a raz\u00f3n de\u00a0<b>dos d\u00edas h\u00e1biles por n\u00famero de terminaci\u00f3n de DNI<\/b>; esto significa que se pagar\u00e1 el IFE a aproximadamente 300.000 personas por d\u00eda. As\u00ed se mantendr\u00e1 un cronograma de pago espaciado para cuidar la salud de los beneficiarios.<\/p>\n<p class=\"yiv5576382387MsoNormal\">En tanto,quienes perciban este bono deben ingresar a<b><a href=\"http:\/\/www.anses.gob.ar\/\" target=\"_blank\" rel=\"nofollow noopener noreferrer\">www.anses.gob.ar<\/a><\/b>, secci\u00f3n\u00a0<i>Ingreso Familiar de Emergencia<\/i>, para consultar la fecha de cobro.<\/p>\n<p class=\"yiv5576382387MsoNormal\">El IFE est\u00e1 destinado a cuidar en materia econ\u00f3mica y social\u00a0 las familias de los sectores m\u00e1s vulnerables que se ven afectadas por la emergencia sanitaria creada por el Coronavirus (COVID19). El bono volver\u00e1 a<em>llegar a casi 9 millones de personas.<\/em><\/p>\n<\/div>\n<div class=\"I_52qC D_FY W_6D6F\" data-test-id=\"message-view-body\">\n<div class=\"msg-body P_wpofO mq_AS\" data-test-id=\"message-view-body-content\">\n<div class=\"jb_0 X_6MGW N_6Fd5\">\n<div>\n<div id=\"yiv8138560472\">\n<div>\n<div class=\"yiv8138560472WordSection1\"><\/div>\n<\/div>\n<\/div>\n<\/div>\n<\/div>\n<\/div>\n<\/div>\n<\/div>\n<\/div>\n<p>&nbsp;<\/p>\n<div class=\"I_52qC D_FY W_6D6F\" data-test-id=\"message-view-body\">\n<div class=\"msg-body P_wpofO mq_AS\" data-test-id=\"message-view-body-content\">\n<div class=\"jb_0 X_6MGW N_6Fd5\">\n<div id=\"yiv2849815902\">\n<div class=\"yiv2849815902WordSection1\">\n<p class=\"yiv2849815902MsoNormal\">Fotos: ANSES.<\/p>\n<\/div>\n<\/div>\n<\/div>\n<\/div>\n<\/div>\n","protected":false},"excerpt":{"rendered":"<p>SU ATENCI\u00d3N POR FAVOR.<\/p>\n","protected":false},"author":4,"featured_media":6113,"comment_status":"open","ping_status":"open","sticky":false,"template":"","format":"standard","meta":{"footnotes":"","jetpack_publicize_message":"","jetpack_publicize_feature_enabled":true,"jetpack_social_post_already_shared":false,"jetpack_social_options":{"image_generator_settings":{"template":"highway","default_image_id":0,"font":"","enabled":false},"version":2}},"categories":[81,13],"tags":[21,779],"class_list":["post-6111","post","type-post","status-publish","format-standard","has-post-thumbnail","hentry","category-anses","category-interes-general","tag-anses","tag-ife"],"jetpack_publicize_connections":[],"jetpack_featured_media_url":"https:\/\/revistaepocadigital.com.ar\/wp-content\/uploads\/2020\/08\/Raverta_fernadan-ansesIFE-1.jpg","jetpack_likes_enabled":true,"_links":{"self":[{"href":"https:\/\/revistaepocadigital.com.ar\/index.php?rest_route=\/wp\/v2\/posts\/6111","targetHints":{"allow":["GET"]}}],"collection":[{"href":"https:\/\/revistaepocadigital.com.ar\/index.php?rest_route=\/wp\/v2\/posts"}],"about":[{"href":"https:\/\/revistaepocadigital.com.ar\/index.php?rest_route=\/wp\/v2\/types\/post"}],"author":[{"embeddable":true,"href":"https:\/\/revistaepocadigital.com.ar\/index.php?rest_route=\/wp\/v2\/users\/4"}],"replies":[{"embeddable":true,"href":"https:\/\/revistaepocadigital.com.ar\/index.php?rest_route=%2Fwp%2Fv2%2Fcomments&post=6111"}],"version-history":[{"count":0,"href":"https:\/\/revistaepocadigital.com.ar\/index.php?rest_route=\/wp\/v2\/posts\/6111\/revisions"}],"wp:featuredmedia":[{"embeddable":true,"href":"https:\/\/revistaepocadigital.com.ar\/index.php?rest_route=\/wp\/v2\/media\/6113"}],"wp:attachment":[{"href":"https:\/\/revistaepocadigital.com.ar\/index.php?rest_route=%2Fwp%2Fv2%2Fmedia&parent=6111"}],"wp:term":[{"taxonomy":"category","embeddable":true,"href":"https:\/\/revistaepocadigital.com.ar\/index.php?rest_route=%2Fwp%2Fv2%2Fcategories&post=6111"},{"taxonomy":"post_tag","embeddable":true,"href":"https:\/\/revistaepocadigital.com.ar\/index.php?rest_route=%2Fwp%2Fv2%2Ftags&post=6111"}],"curies":[{"name":"wp","href":"https:\/\/api.w.org\/{rel}","templated":true}]}}