{"id":6184,"date":"2020-08-17T01:29:39","date_gmt":"2020-08-17T04:29:39","guid":{"rendered":"https:\/\/revistaepocadigital.com.ar\/?p=6184"},"modified":"2020-08-17T01:29:39","modified_gmt":"2020-08-17T04:29:39","slug":"parque-cultural-copesel-sumo-su-ayuda","status":"publish","type":"post","link":"https:\/\/revistaepocadigital.com.ar\/?p=6184","title":{"rendered":"PARQUE CULTURAL: COPESEL SUM\u00d3 SU AYUDA"},"content":{"rendered":"<p><strong>LA COLABORACI\u00d3N.<\/strong><!--more--><\/p>\n<p>La Cooperativa de Servicios P\u00fablicos de Los Cardales (Copesel), sum\u00f3 su ayuda al avance de obras del Parque Cultural que se est\u00e1 construyendo en la localidad, en un sector de la plaza Mitre.<\/p>\n<p>As\u00ed, con maquinaria de la cooperativa, se avanz\u00f3 en el tendido de una red de riego, para el cuidado de las plantas que forman parte un peque\u00f1o bosque, recientemente reforestado.<\/p>\n<div class=\"text_exposed_show\">\n<p>El nuevo Parque Cultural es un proyecto integral, que incluye el sector del ex galp\u00f3n del Ferrocarril Mitre, un sector de juegos para chicos, y dicho bosque, con mesas y bancos. @ Delegaci\u00f3n Municipal Los Cardales<\/p>\n<\/div>\n","protected":false},"excerpt":{"rendered":"<p>LA COLABORACI\u00d3N.<\/p>\n","protected":false},"author":3,"featured_media":6208,"comment_status":"open","ping_status":"open","sticky":false,"template":"","format":"standard","meta":{"footnotes":"","jetpack_publicize_message":"","jetpack_publicize_feature_enabled":true,"jetpack_social_post_already_shared":false,"jetpack_social_options":{"image_generator_settings":{"template":"highway","default_image_id":0,"font":"","enabled":false},"version":2}},"categories":[4],"tags":[827,777],"class_list":["post-6184","post","type-post","status-publish","format-standard","has-post-thumbnail","hentry","category-aqui-los-cardales","tag-copesel","tag-parque-cultural"],"jetpack_publicize_connections":[],"jetpack_featured_media_url":"https:\/\/revistaepocadigital.com.ar\/wp-content\/uploads\/2020\/08\/carda-culural-1.jpg","jetpack_likes_enabled":true,"_links":{"self":[{"href":"https:\/\/revistaepocadigital.com.ar\/index.php?rest_route=\/wp\/v2\/posts\/6184","targetHints":{"allow":["GET"]}}],"collection":[{"href":"https:\/\/revistaepocadigital.com.ar\/index.php?rest_route=\/wp\/v2\/posts"}],"about":[{"href":"https:\/\/revistaepocadigital.com.ar\/index.php?rest_route=\/wp\/v2\/types\/post"}],"author":[{"embeddable":true,"href":"https:\/\/revistaepocadigital.com.ar\/index.php?rest_route=\/wp\/v2\/users\/3"}],"replies":[{"embeddable":true,"href":"https:\/\/revistaepocadigital.com.ar\/index.php?rest_route=%2Fwp%2Fv2%2Fcomments&post=6184"}],"version-history":[{"count":0,"href":"https:\/\/revistaepocadigital.com.ar\/index.php?rest_route=\/wp\/v2\/posts\/6184\/revisions"}],"wp:featuredmedia":[{"embeddable":true,"href":"https:\/\/revistaepocadigital.com.ar\/index.php?rest_route=\/wp\/v2\/media\/6208"}],"wp:attachment":[{"href":"https:\/\/revistaepocadigital.com.ar\/index.php?rest_route=%2Fwp%2Fv2%2Fmedia&parent=6184"}],"wp:term":[{"taxonomy":"category","embeddable":true,"href":"https:\/\/revistaepocadigital.com.ar\/index.php?rest_route=%2Fwp%2Fv2%2Fcategories&post=6184"},{"taxonomy":"post_tag","embeddable":true,"href":"https:\/\/revistaepocadigital.com.ar\/index.php?rest_route=%2Fwp%2Fv2%2Ftags&post=6184"}],"curies":[{"name":"wp","href":"https:\/\/api.w.org\/{rel}","templated":true}]}}