{"id":6209,"date":"2020-08-17T01:03:33","date_gmt":"2020-08-17T04:03:33","guid":{"rendered":"https:\/\/revistaepocadigital.com.ar\/?p=6209"},"modified":"2020-08-17T16:36:31","modified_gmt":"2020-08-17T19:36:31","slug":"el-presidente-y-secretaria-de-la-ucr-local-refutan-cuestionamientos-los-radicales-estamos-de-pie","status":"publish","type":"post","link":"https:\/\/revistaepocadigital.com.ar\/?p=6209","title":{"rendered":"El presidente y secretaria de la UCR local, refutan cuestionamientos, &#8220;los radicales estamos de pie&#8221;"},"content":{"rendered":"<p><strong>EN LA UNION C\u00cdVICA RADICAL DE EXALTACI\u00d3N DE LA CRUZ.<\/strong><!--more--><\/p>\n<p>Pese a la pandemia que sigue trastocando y complicando tan seriamente la vida de los argentinos y de los exaltacruce\u00f1os, en el <strong>tablero interno<\/strong> se mueven las fichas, m\u00e1s all\u00e1 de los condicionamientos y prioridades existentes. La<strong> UCR<\/strong> integra junto a <strong>Cambiemos<\/strong> la coalici\u00f3n <strong>Juntos por el Cambio,<\/strong>\u00a0que se estima, continuar\u00e1 vigente de cara a las elecciones venideras en el terreno local y nacional.<\/p>\n<p>EPOCA entrevist\u00f3 al presidente del Comit\u00e9 local, <strong>Carlos Ram\u00edrez<\/strong> y a la secretaria y actual concejal por Juntos por el Cambio, <strong>Ver\u00f3nica\u00a0<\/strong><strong>Ludwig Dreier;<\/strong> quienes han reflejado su visi\u00f3n sobre la actualidad de la UCR en el distrito, y a su vez, muestran posturas cr\u00edticas hacia la vicepresidenta <strong>Marina Ferreyra,<\/strong> entrevistada tambi\u00e9n hace poco por EPOCA, con la que mantienen diferencias y cuestionamientos m\u00e1s que elocuentes.<\/p>\n<figure id=\"attachment_6232\" aria-describedby=\"caption-attachment-6232\" style=\"width: 527px\" class=\"wp-caption alignleft\"><img loading=\"lazy\" decoding=\"async\" class=\"size-full wp-image-6232\" src=\"https:\/\/revistaepocadigital.com.ar\/wp-content\/uploads\/2020\/08\/RAMIRE.jpg\" alt=\"\" width=\"527\" height=\"699\" srcset=\"https:\/\/revistaepocadigital.com.ar\/wp-content\/uploads\/2020\/08\/RAMIRE.jpg 527w, https:\/\/revistaepocadigital.com.ar\/wp-content\/uploads\/2020\/08\/RAMIRE-226x300.jpg 226w, https:\/\/revistaepocadigital.com.ar\/wp-content\/uploads\/2020\/08\/RAMIRE-317x420.jpg 317w\" sizes=\"auto, (max-width: 527px) 100vw, 527px\" \/><figcaption id=\"caption-attachment-6232\" class=\"wp-caption-text\">El titular de la UCR local.<\/figcaption><\/figure>\n<p>-La UCR ha convocado a elecciones para octubre pr\u00f3ximo. En que marco, dentro de que contexto se van a realizar las internas?. La impresi\u00f3n es que el partido no ha mostrado actividad pol\u00edtica luego de las elecciones del a\u00f1o pasado.<br \/>\n<em>-Las internas son convocadas por el Comit\u00e9 Provincia de la UCR, en el marco del cumplimiento de la carta org\u00e1nica, que indica que cada dos a\u00f1os se renuevan autoridades partidarias. Y en cuanto a la <strong>UCR, se encuentra totalmente activa, tanto a nivel local y nacional.<\/strong> En este momento somos protagonistas como oposici\u00f3n. El vecino y el afiliado, <strong>nos ven con mucha esperanza para poder revertir esta situaci\u00f3n actual tan dif\u00edcil.<\/strong> En la actualidad contamos con concejales, intendentes, legisladores, peleando todos los d\u00edas para poder mantener la democracia. Y en lo que hace a Exaltaci\u00f3n de la Cruz, hemos sufrido el inconveniente en agosto del a\u00f1o pasado, luego de una gran lluvia el techo de la Casa Radical cedi\u00f3 en una de sus vigas principales, y se hundi\u00f3 por completo. Eso llevo a que tuvi\u00e9ramos que clausurarla para apuntalar el techo,y preservar la seguridad. Nos hubiese gustado terminar la obra, pero para esto hace falta mucho dinero. Ten\u00edamos programadas realizar varias cenas para recaudar fondos, pero no pudimos llevarlo adelante, econ\u00f3micamente el pa\u00eds sufri\u00f3 un golpe muy grande y ahora estamos con esta situaci\u00f3n de emergencia sanitaria que deriva de la pandemia y no es posible. De todas formas, no quita que seguimos teniendo actividad. <\/em><em>El a\u00f1o pasado, participamos de la Convenci\u00f3<\/em>n Provincial en Brandsen<em>, concurrimos a Rojas al encuentro seccional, tambi\u00e9n en la ciudad de Z\u00e1rate del homenaje a Arturo Illia. A su vez, realizamos varios viajes a la legislatura en La Plata; participamos del Foro de Concejales Radicales, en Salto. Con un gran esfuerzo pudimos ir al encuentro de radicales en Mar del Plata, que fue presidido por Alfredo Cornejo y Ernesto Sanz; a su vez, visitamos la ciudad de Navarro para recolectar donaciones para gente carenciada, que luego distribuimos a muchos vecinos con necesidades.<\/em> <em>Como\u00a0puede ver, es infinita la cantidad de cosas que hemos logrado y lugares que fuimos visitando en este a\u00f1o y medio de gesti\u00f3n, a pesar de las\u00a0adversidades que sufrimos con la parte edilicia de la Casa Radical como hemos mencionado<\/em> (Carlos Ram\u00edrez y Ver\u00f3nica Ludwig Dreier).<\/p>\n<p>-Y en la actualidad&#8230;<br \/>\n&#8211;<em>Bueno, hoy en d\u00eda nos tuvimos que adaptar a la nueva realidad a la pandemia que tanto afecta a nuestro pa\u00eds, como tantos argentinos\u00a0<strong>nuestras reuniones partidarias est\u00e1n siendo llevadas a cabo v\u00eda zoom. Semanalmente<\/strong> tenemos dos reuniones tratando diferentes temas de la\u00a0actualidad. Dichas reuniones siempre son compartidas con nuestros afiliados. En la parte representativa partidaria Ver\u00f3nica <\/em>(Ludwig Dreier) <em>viene efectuando un gran trabajo con los temas ambientales de Exaltaci\u00f3n de la\u00a0Cruz. En definitiva, lo que le acabo de detallar, demuestra que no estamos inactivos como dicen algunas voces opositoras<\/em>. (Carlos Ram\u00edrez,\u00a0presidente de la UCR).<\/p>\n<p>-\u00bfCu\u00e1l es el v\u00ednculo pol\u00edtico actual que mantiene la UCR con Cambiemos?, entienden que para las elecciones de medio t\u00e9rmino del a\u00f1o\u00a0pr\u00f3ximo, al menos a nivel local continuar\u00e1 la alianza o cabe la posibilidad que se vaya a desmembrar?<br \/>\n<em>-La <strong>relaci\u00f3n o v\u00ednculo con Cambiemos est\u00e1 presente hoy m\u00e1s que nunca<\/strong>. Somos parte de Cambiemos, hoy Juntos por el Cambio.<strong> La alianza\u00a0continuar\u00e1 en el 2021. El radicalismo es una pata fundamental en el armado pol\u00edtico de la oposici\u00f3n<\/strong> que conformamos en el presente al gobierno del\u00a0Frente de Todos. Consideramos que necesitamos estar todos juntos, para poder mantener una oposici\u00f3n activa y unida, tanto a nivel local como\u00a0nacional. Y de esa forma, poder recuperar el espacio que se perdi\u00f3 en el 2019 en las elecciones presidenciales <\/em>(Ver\u00f3nica Ludwig Dreier)<em>.<\/em><\/p>\n<p>-Da la impresi\u00f3n que hay en curso una pulseada interna entre el presidente y secretaria del partido, y por otro lado la vicepresidenta\u00a0Marina Ferreyra y el tesorero Jos\u00e9 Smith. \u00bfPodr\u00eda dar pie a que en las internas, se presenten dos listas o cabe la posibilidad de consensuar sobre\u00a0las diferencias?<br \/>\n<em>-Nosotros estamos dispuestos al di\u00e1logo, <strong>no es momento de ir a internas partidarias,<\/strong> la situaci\u00f3n del pa\u00eds es muy dif\u00edcil, estamos en la\u00a0mayor crisis econ\u00f3mica desde el 2001. Y si le parece, reformular\u00eda su pregunta; <strong>ac\u00e1 no hay un t\u00e1ndem de dos contra dos.<\/strong> Le recuerdo que en las\u00a0elecciones del 2019, tanto Ver\u00f3nica como Jos\u00e9, fueron candidatos a concejales por Juntos por el Cambio. Esto indica que la<strong> interna viene\u00a0propiciada por la se\u00f1ora Ferreyra, que tiene el inter\u00e9s personal de presidir el partido en Exaltaci\u00f3n de la Cruz<\/strong>. Y viene acompa\u00f1ada por <strong>gente que\u00a0particip\u00f3 activamente en la campa\u00f1a electoral de Diego Nanni,<\/strong> actual intendente de Exaltaci\u00f3n de la Cruz, como un consejero<\/em> <em>escolar de Los Cardales y una concejal que dej\u00f3 su banca para formar un unibloque<\/em> (aludiendo sin mencionarla a Susana Aguilar). <em>Ambos actores conocidos en el \u00e1mbito pol\u00edtico\u00a0local. En lo que respecta a Jos\u00e9, estoy dialogando para ver la forma de buscar una lista de unidad, pero nos encontramos con la negativa de la\u00a0vicepresidenta Ferreyra que quiere ser funcional al oficialismo local.<\/em> (Carlos Ramirez).<\/p>\n<p>-En una nota reciente con EPOCA, la vicepresidenta Ferreyra los cuestion\u00f3 porque que a la hora de definir la lista entre la UCR y Cambiemos conformando Juntos por el Cambio para las elecciones de 2019, no se cumpli\u00f3 con la carta org\u00e1nica de la UCR, al supuestamente acordar el\u00a0presidente del partido con el l\u00edder de Cambiemos Ra\u00fal Sancho, quien ocupar\u00eda el segundo lugar en la lista sin resultar elegida como indica la\u00a0carta org\u00e1nica.<br \/>\n&#8211;<em>A su pregunta, respondo rotundamente que <strong>se cumpli\u00f3 con todo lo que indica nuestra carta org\u00e1nica.<\/strong> Ocurre que la vicepresidenta nunca estuvo de acuerdo con la Convenci\u00f3n Nacional de Parque Norte y con la Convenci\u00f3n Provincial de Brandsen, donde se decidi\u00f3 en aquel momento, que el\u00a0partido continuar\u00eda en la Coalici\u00f3n de Gobierno. En nuestro distrito, no quer\u00eda acompa\u00f1ar al candidato a intendente Ra\u00fal Sancho, cabe aclarar que\u00a0en ese momento, el tesorero Jos\u00e9 Smith, tambi\u00e9n estaba en la misma postura, enojado con el gobierno nacional de Mauricio Macri y no se notaba\u00a0dispuesto a acompa\u00f1ar la lista que encabezaba Ra\u00fal Sancho en Exaltaci\u00f3n de la Cruz. Por suerte cambio de opini\u00f3n, y el d\u00eda de la conformaci\u00f3n de\u00a0la lista, por sorpresa nos encontramos con \u00e9l. Lo que narro es anecd\u00f3tico, ya que nuestro presidente Ram\u00edrez, le hab\u00eda consultado en reuni\u00f3n de la Comisi\u00f3n de la Mesa Chica, si quer\u00edan ser candidatos ambos, es decir la vicepresidenta y el tesorero, y contestaron rotundamente en forma\u00a0negativa. Me permito citar la moraleja: Sorpresas que nos da la pol\u00edtica<\/em>. (Ver\u00f3nica Ludwig Dreier)<\/p>\n<p>-\u00bfA que se debe la impresi\u00f3n que la UCR exaltacruce\u00f1a, se encuentra desmembrada; como ven al partido los afiliados?<br \/>\n<strong>&#8211;<em>La UCR local no est\u00e1 desmembrada<\/em><\/strong><em>, la actual comisi\u00f3n sigue colaborando en todo lo relacionado al partido. Salvo la vicepresidenta quien,\u00a0desde el mes de junio del 2019 no tiene ninguna participaci\u00f3n en la UCR de Exaltaci\u00f3n de la Cruz. El a\u00f1o pasado los afiliados y la comisi\u00f3n, nos\u00a0acompa\u00f1aron en las elecciones partidarias, siendo fiscales, distribuyendo boletas, ayudando a los m\u00e1s necesitados. Hemos ido a todo evento que la\u00a0segunda secci\u00f3n electoral ha organizado, mostrando adem\u00e1s la presencia de la UCR de Exaltaci\u00f3n en todo el distrito. En la actualidad nos\u00a0encontramos en un a\u00f1o dif\u00edcil para poder hacer pol\u00edtica en forma presencial, por eso estamos muy activos en las redes sociales; nuestra p\u00e1gina en\u00a0la red social Facebook es \u201cUCR Exaltaci\u00f3n Oficial\u201d. Tenemos presencia en las reuniones que se efect\u00faan v\u00eda zoom, organizadas por el Comit\u00e9 Nacional y Provincial. Por otro lado participamos en el Foro de presidentes y concejales de la UCR. En cuanto a su consulta, acerca de como ven los afiliados al partido, le respondo que lo ven muy activo, muy participativo en la vida pol\u00edtica de la Argentina. Contamos con presencia en ambas c\u00e1maras legislativas, m\u00e1s de 30 intendentes radicales en la Provincia de Buenos Aires,\u00a0 concejales en todos los distritos, y gobernadores.<strong> Los radicales estamos de pie, no somos &#8220;furg\u00f3n de cola&#8221;;<\/strong> queremos liderar porque amamos la &#8220;camiseta radical&#8221; y queremos liderar la coalici\u00f3n para el 2023 dentro de Cambiemos. Por eso, el radicalismo est\u00e1 siendo protagonista en la vida de los argentinos.<\/em> (Carlos Ram\u00edrez y Ver\u00f3nica Ludwig Dreier).<\/p>\n","protected":false},"excerpt":{"rendered":"<p>EN LA UNION C\u00cdVICA RADICAL DE EXALTACI\u00d3N DE LA CRUZ.<\/p>\n","protected":false},"author":4,"featured_media":6224,"comment_status":"open","ping_status":"open","sticky":false,"template":"","format":"standard","meta":{"footnotes":"","jetpack_publicize_message":"","jetpack_publicize_feature_enabled":true,"jetpack_social_post_already_shared":false,"jetpack_social_options":{"image_generator_settings":{"template":"highway","default_image_id":0,"font":"","enabled":false},"version":2}},"categories":[17],"tags":[826,825],"class_list":["post-6209","post","type-post","status-publish","format-standard","has-post-thumbnail","hentry","category-politica","tag-situacion","tag-ucr-exaltacion-de-la-cruz"],"jetpack_publicize_connections":[],"jetpack_featured_media_url":"https:\/\/revistaepocadigital.com.ar\/wp-content\/uploads\/2020\/08\/UCR-PRE-Y-SEC.jpg","jetpack_likes_enabled":true,"_links":{"self":[{"href":"https:\/\/revistaepocadigital.com.ar\/index.php?rest_route=\/wp\/v2\/posts\/6209","targetHints":{"allow":["GET"]}}],"collection":[{"href":"https:\/\/revistaepocadigital.com.ar\/index.php?rest_route=\/wp\/v2\/posts"}],"about":[{"href":"https:\/\/revistaepocadigital.com.ar\/index.php?rest_route=\/wp\/v2\/types\/post"}],"author":[{"embeddable":true,"href":"https:\/\/revistaepocadigital.com.ar\/index.php?rest_route=\/wp\/v2\/users\/4"}],"replies":[{"embeddable":true,"href":"https:\/\/revistaepocadigital.com.ar\/index.php?rest_route=%2Fwp%2Fv2%2Fcomments&post=6209"}],"version-history":[{"count":0,"href":"https:\/\/revistaepocadigital.com.ar\/index.php?rest_route=\/wp\/v2\/posts\/6209\/revisions"}],"wp:featuredmedia":[{"embeddable":true,"href":"https:\/\/revistaepocadigital.com.ar\/index.php?rest_route=\/wp\/v2\/media\/6224"}],"wp:attachment":[{"href":"https:\/\/revistaepocadigital.com.ar\/index.php?rest_route=%2Fwp%2Fv2%2Fmedia&parent=6209"}],"wp:term":[{"taxonomy":"category","embeddable":true,"href":"https:\/\/revistaepocadigital.com.ar\/index.php?rest_route=%2Fwp%2Fv2%2Fcategories&post=6209"},{"taxonomy":"post_tag","embeddable":true,"href":"https:\/\/revistaepocadigital.com.ar\/index.php?rest_route=%2Fwp%2Fv2%2Ftags&post=6209"}],"curies":[{"name":"wp","href":"https:\/\/api.w.org\/{rel}","templated":true}]}}