{"id":6238,"date":"2020-08-17T21:33:16","date_gmt":"2020-08-18T00:33:16","guid":{"rendered":"https:\/\/revistaepocadigital.com.ar\/?p=6238"},"modified":"2020-08-17T21:34:04","modified_gmt":"2020-08-18T00:34:04","slug":"policiales-un-vecino-estrangulo-a-su-yerno","status":"publish","type":"post","link":"https:\/\/revistaepocadigital.com.ar\/?p=6238","title":{"rendered":"Policiales. Un vecino estrangul\u00f3 a su yerno"},"content":{"rendered":"<p><strong>OCURRI\u00d3 EN CAPILLA DEL SE\u00d1OR<\/strong>.<!--more--><\/p>\n<p>El vecino de 54 a\u00f1os estrangul\u00f3 a su yerno <span id=\"fbPhotoSnowliftCaption\" class=\"fbPhotosPhotoCaption\" tabindex=\"0\" aria-live=\"polite\" data-ft=\"{&quot;tn&quot;:&quot;K&quot;}\"><span class=\"hasCaption\">Walter Dami\u00e1n C\u00f3rdoba <\/span><\/span>de 28 a\u00f1os (foto portada), quien falleci\u00f3. El hecho al parecer se origin\u00f3 en la reacci\u00f3n del hombre en <span class=\"text_exposed_show\">defensa de su hija, quien habr\u00eda sido agredida por el joven y luego se entreg\u00f3 a la polic\u00eda.<\/span><\/p>\n<div class=\"text_exposed_show\">\n<p>Voceros de los tribunales del departamento judicial Z\u00e1rate\u2013Campana se\u00f1alaron que la v\u00edctima del il\u00edcito fue identificada como Walter Dami\u00e1n C\u00f3rdoba. De acuerdo a lo manifestado por los informantes, el hecho se produjo a las 22.10 del domingo (16\/8) en la vivienda situada en Irigoyen al 1100, entre Almirante Irizar y Rol\u00f3n, de Capilla del Se\u00f1or.<\/p>\n<p>Trascendi\u00f3 que el padre de la chica, intervino en la disputa y de inmediato, comenz\u00f3 a forcejear en forma violenta con C\u00f3rdoba quien falleci\u00f3 en el hecho, luego que le fuera sujetara del cuello hasta provocarle la muerte en el interior del domicilio.<\/p>\n<p>Momentos despu\u00e9s, el autor resolvi\u00f3 entregarse en la Polic\u00eda de Capilla del Se\u00f1or. Intervino en la causa, caratulada \u201cHomicidio\u201d, la Ayudant\u00eda Fiscal de Capilla del Se\u00f1or, dependiente del departamento judicial de Z\u00e1rate \u2013 Campana.<\/p>\n<p>&nbsp;<\/p>\n<p>Fuente Diario Cr\u00f3nica.<\/p>\n<\/div>\n","protected":false},"excerpt":{"rendered":"<p>OCURRI\u00d3 EN CAPILLA DEL SE\u00d1OR.<\/p>\n","protected":false},"author":4,"featured_media":6246,"comment_status":"open","ping_status":"open","sticky":false,"template":"","format":"standard","meta":{"footnotes":"","jetpack_publicize_message":"","jetpack_publicize_feature_enabled":true,"jetpack_social_post_already_shared":false,"jetpack_social_options":{"image_generator_settings":{"template":"highway","default_image_id":0,"font":"","enabled":false},"version":2}},"categories":[13],"tags":[829],"class_list":["post-6238","post","type-post","status-publish","format-standard","has-post-thumbnail","hentry","category-interes-general","tag-muerte-vecino"],"jetpack_publicize_connections":[],"jetpack_featured_media_url":"https:\/\/revistaepocadigital.com.ar\/wp-content\/uploads\/2020\/08\/homici.jpg","jetpack_likes_enabled":true,"_links":{"self":[{"href":"https:\/\/revistaepocadigital.com.ar\/index.php?rest_route=\/wp\/v2\/posts\/6238","targetHints":{"allow":["GET"]}}],"collection":[{"href":"https:\/\/revistaepocadigital.com.ar\/index.php?rest_route=\/wp\/v2\/posts"}],"about":[{"href":"https:\/\/revistaepocadigital.com.ar\/index.php?rest_route=\/wp\/v2\/types\/post"}],"author":[{"embeddable":true,"href":"https:\/\/revistaepocadigital.com.ar\/index.php?rest_route=\/wp\/v2\/users\/4"}],"replies":[{"embeddable":true,"href":"https:\/\/revistaepocadigital.com.ar\/index.php?rest_route=%2Fwp%2Fv2%2Fcomments&post=6238"}],"version-history":[{"count":0,"href":"https:\/\/revistaepocadigital.com.ar\/index.php?rest_route=\/wp\/v2\/posts\/6238\/revisions"}],"wp:featuredmedia":[{"embeddable":true,"href":"https:\/\/revistaepocadigital.com.ar\/index.php?rest_route=\/wp\/v2\/media\/6246"}],"wp:attachment":[{"href":"https:\/\/revistaepocadigital.com.ar\/index.php?rest_route=%2Fwp%2Fv2%2Fmedia&parent=6238"}],"wp:term":[{"taxonomy":"category","embeddable":true,"href":"https:\/\/revistaepocadigital.com.ar\/index.php?rest_route=%2Fwp%2Fv2%2Fcategories&post=6238"},{"taxonomy":"post_tag","embeddable":true,"href":"https:\/\/revistaepocadigital.com.ar\/index.php?rest_route=%2Fwp%2Fv2%2Ftags&post=6238"}],"curies":[{"name":"wp","href":"https:\/\/api.w.org\/{rel}","templated":true}]}}