{"id":6288,"date":"2020-08-28T10:48:22","date_gmt":"2020-08-28T13:48:22","guid":{"rendered":"https:\/\/revistaepocadigital.com.ar\/?p=6288"},"modified":"2020-08-31T23:58:51","modified_gmt":"2020-09-01T02:58:51","slug":"la-sucursal-del-banco-provincia-cerrada","status":"publish","type":"post","link":"https:\/\/revistaepocadigital.com.ar\/?p=6288","title":{"rendered":"La delegaci\u00f3n del Provincia tambi\u00e9n abri\u00f3 sus puertas"},"content":{"rendered":"<div class=\"y_15hheo24np _5eit a_15hhen-ywi clearfix\">\n<div class=\"_6a _5u5j _6b\"><strong>LOS CAJEROS AUTOM\u00c1TICOS EN FUNCIONAMIENTO Y LA ENTIDAD ABIERTA.<\/strong><\/div>\n<\/div>\n<p><!--more--><\/p>\n<p>Como inform\u00f3 EPOCA, acerca del cierre preventivo de la delegaci\u00f3n del Banco Provincia de Buenos Aires en Los Cardales, la reapertura\u00a0 se produjo lunes 31 de agosto.<\/p>\n<p>Los<strong>\u00a0cajeros autom\u00e1ticos se encontraban operativos<\/strong>, con dinero disponible.<\/p>\n<p>Por otro lado, a partir del reinicio de atenci\u00f3n al p\u00fablico, se recuerda que se efect\u00faa mediante turnos previos. De este requisito est\u00e1n exceptuados los jubilados\/pensionados.<\/p>\n<p style=\"text-align: center;\"><strong>&#8230;&#8230;&#8230;&#8230;&#8230;&#8230;&#8230;&#8230;&#8230;&#8230;&#8230;&#8230;&#8230;&#8230;&#8230;&#8230;&#8230;<\/strong><\/p>\n<p><strong>NOTA ANTERIOR.<\/strong><\/p>\n<p>En relaci\u00f3n al cierre temporal de la delegaci\u00f3n de Los Cardales, del <strong>Banco Provincia de Buenos Aires,<\/strong> EPOCA pudo saber que el personal permanece en aislamiento desde el viernes 14 de agosto, durante el lapso de 14 d\u00edas corridos. Por tal motivo, la entidad bancaria continuaba sin abrir las puertas.<\/p>\n<p>Como informara EPOCA tambi\u00e9n, todo tipo de tr\u00e1mite y cobro de haberes jubilatorios y de los distintos planes sociales, en caso de no poder efectuarlos por medio de los cajeros autom\u00e1ticos, pueden concurrir a sucursales del Banco Provincia ubicadas en ciudades aleda\u00f1as.<\/p>\n<p>Vale recordar que para tr\u00e1mites o gestiones en sucursales, es necesario obtener un turno previamente.<\/p>\n<div class=\"_4tdt _ua1\">\n<div class=\"_31o4\">\n<div class=\"_6--1\" aria-hidden=\"true\"><\/div>\n<\/div>\n<\/div>\n<p style=\"text-align: center;\"><strong>&#8212;&#8212;&#8212;&#8212;&#8212;&#8212;&#8212;&#8212;&#8212;&#8212;&#8212;&#8212;&#8212;&#8212;&#8212;<\/strong><\/p>\n<p><strong>PUBLICACI\u00d3N ANTERIOR.<\/strong><\/p>\n<p>Mientras permanece cerrada la delegaci\u00f3n Cardales del Banco Provincia, durante el transcurso del d\u00eda (21\/8), se va a proceder a <strong>la reposici\u00f3n de fondos en los cajeros autom\u00e1ticos<\/strong> que de esa manera, han de quedar nuevamente operativos.<\/p>\n<p>En tanto aquellos que <strong>perciben haberes<\/strong> jubilatorios, y que cuentan con tarjetas, tambi\u00e9n pueden percibirlos mediante los cajeros autom\u00e1ticos. Caso contrario, pueden acudir a otras sucursales como Pilar y Campana.<\/p>\n<div id=\"js_5\" class=\"_5pbx userContent _3ds9 _3576\" data-testid=\"post_message\" data-ft=\"{&quot;tn&quot;:&quot;K&quot;}\">\n<p style=\"text-align: center;\"><strong>&#8230;&#8230;&#8230;&#8230;&#8230;&#8230;&#8230;&#8230;&#8230;&#8230;&#8230;&#8230;&#8230;..<\/strong><\/p>\n<p><strong>POR DESINFECCI\u00d3N<\/strong>.<!--more--><\/p>\n<p>Fue comunicado que a partir del jueves 20 de agosto, la delegaci\u00f3n Los Cardales del Banco Provincia de Buenos Aires, permanecer\u00e1 cerrada por tareas de desinfecci\u00f3n.<\/p>\n<p>En consecuencia, con el turno oportunamente obtenido a trav\u00e9s de la web del banco, aquellos clientes que precisen efectuar tr\u00e1mites, podr\u00e1n acercarse a la sucursal Pilar, ubicada en Avenida Rivadavia 701, o a la sucursal Campana en Avenida Ingeniero A. Roca 98, para tambi\u00e9n canalizar consultas y\/o requerimientos.<\/p>\n<\/div>\n<p>&nbsp;<\/p>\n<p>&nbsp;<\/p>\n","protected":false},"excerpt":{"rendered":"<p>LOS CAJEROS AUTOM\u00c1TICOS EN FUNCIONAMIENTO Y LA ENTIDAD ABIERTA.<\/p>\n","protected":false},"author":3,"featured_media":6289,"comment_status":"open","ping_status":"open","sticky":false,"template":"","format":"standard","meta":{"footnotes":"","jetpack_publicize_message":"","jetpack_publicize_feature_enabled":true,"jetpack_social_post_already_shared":false,"jetpack_social_options":{"image_generator_settings":{"template":"highway","default_image_id":0,"font":"","enabled":false},"version":2}},"categories":[4],"tags":[840],"class_list":["post-6288","post","type-post","status-publish","format-standard","has-post-thumbnail","hentry","category-aqui-los-cardales","tag-banco-provincia"],"jetpack_publicize_connections":[],"jetpack_featured_media_url":"https:\/\/revistaepocadigital.com.ar\/wp-content\/uploads\/2020\/08\/CARDA-B-PROV.jpg","jetpack_likes_enabled":true,"_links":{"self":[{"href":"https:\/\/revistaepocadigital.com.ar\/index.php?rest_route=\/wp\/v2\/posts\/6288","targetHints":{"allow":["GET"]}}],"collection":[{"href":"https:\/\/revistaepocadigital.com.ar\/index.php?rest_route=\/wp\/v2\/posts"}],"about":[{"href":"https:\/\/revistaepocadigital.com.ar\/index.php?rest_route=\/wp\/v2\/types\/post"}],"author":[{"embeddable":true,"href":"https:\/\/revistaepocadigital.com.ar\/index.php?rest_route=\/wp\/v2\/users\/3"}],"replies":[{"embeddable":true,"href":"https:\/\/revistaepocadigital.com.ar\/index.php?rest_route=%2Fwp%2Fv2%2Fcomments&post=6288"}],"version-history":[{"count":0,"href":"https:\/\/revistaepocadigital.com.ar\/index.php?rest_route=\/wp\/v2\/posts\/6288\/revisions"}],"wp:featuredmedia":[{"embeddable":true,"href":"https:\/\/revistaepocadigital.com.ar\/index.php?rest_route=\/wp\/v2\/media\/6289"}],"wp:attachment":[{"href":"https:\/\/revistaepocadigital.com.ar\/index.php?rest_route=%2Fwp%2Fv2%2Fmedia&parent=6288"}],"wp:term":[{"taxonomy":"category","embeddable":true,"href":"https:\/\/revistaepocadigital.com.ar\/index.php?rest_route=%2Fwp%2Fv2%2Fcategories&post=6288"},{"taxonomy":"post_tag","embeddable":true,"href":"https:\/\/revistaepocadigital.com.ar\/index.php?rest_route=%2Fwp%2Fv2%2Ftags&post=6288"}],"curies":[{"name":"wp","href":"https:\/\/api.w.org\/{rel}","templated":true}]}}