{"id":6314,"date":"2020-08-21T16:43:03","date_gmt":"2020-08-21T19:43:03","guid":{"rendered":"https:\/\/revistaepocadigital.com.ar\/?p=6314"},"modified":"2020-08-21T16:43:03","modified_gmt":"2020-08-21T19:43:03","slug":"vecinos-basta-de-industrias-de-categoria-3-en-el-parque-industrial-ruta-6","status":"publish","type":"post","link":"https:\/\/revistaepocadigital.com.ar\/?p=6314","title":{"rendered":"VECINOS: BASTA DE INDUSTRIAS DE CATEGOR\u00cdA 3 EN EL PARQUE INDUSTRIAL RUTA 6"},"content":{"rendered":"<p><strong>&#8220;VECINOS POR EL ARROYO LA PLEGARIA&#8221; SE ENCUENTRAN EN ALERTA, Y DICEN &#8220;NO&#8221; A ESTE TIPO DE EMPRESAS.<\/strong><br \/>\n<!--more--><\/p>\n<p>Resulta un tema<strong> recurrente, que no deja de generar gran preocupaci\u00f3n<\/strong> entre vecinos y pobladores exaltacruce\u00f1os, y que pese al transcurso del tiempo, no se ha encontrado una soluci\u00f3n satisfactoria.<\/p>\n<p>El nucleamiento denominado <strong>&#8220;Vecinos por el Arroyo La Plegaria&#8221;,<\/strong> que se encuentra abocado a que se encuentre una salida al problema tan debatido y discutido, ha reiterado su firme postura a trav\u00e9s de un informe amplio y pormenorizado que por su importancia, que ac\u00e1 reproducimos en forma textual:<\/p>\n<p><em>&#8220;En el Parque Industrial Ruta 6 en la localidad de Los Cardales (partido de Exaltaci\u00f3n de la Cruz) se instal\u00f3 desde hace m\u00e1s de un a\u00f1o una <strong>industria qu\u00edmica de<\/strong> <strong>Tercera Categor\u00eda<\/strong> (de acuerdo a la clasificaci\u00f3n por la Ley 11459, su funcionamiento implica un <u>riesgo para la seguridad, salubridad e higiene de la poblaci\u00f3n, u ocasiona da\u00f1os graves a los bienes y al medio ambiente<\/u>), que trabaja b\u00e1sicamente con \u00e1cido sulf\u00farico.<\/em><\/p>\n<p>&nbsp;<\/p>\n<p>&nbsp;<\/p>\n<p><em>Esta empresa tuvo que suspender sus actividades a ra\u00edz de la Ordenanza Municipal 2553\/2018, seg\u00fan la cual la aprobaci\u00f3n de industrias que manejan determinadas sustancias peligrosas depende del Honorable Concejo Deliberante. Esta aprobaci\u00f3n actualmente se est\u00e1 deliberando, y previamente, la Jefatura de Ambiente <\/em>(de la Direcci\u00f3n de Producci\u00f3n y Medio Ambiente del municipio)<em>, ya ha dado su<strong> aprobaci\u00f3n.<\/strong><\/em><\/p>\n<p><img loading=\"lazy\" decoding=\"async\" class=\"aligncenter size-full wp-image-6320\" src=\"https:\/\/revistaepocadigital.com.ar\/wp-content\/uploads\/2020\/08\/arroyo-plegaria.jpg\" alt=\"\" width=\"960\" height=\"541\" srcset=\"https:\/\/revistaepocadigital.com.ar\/wp-content\/uploads\/2020\/08\/arroyo-plegaria.jpg 960w, https:\/\/revistaepocadigital.com.ar\/wp-content\/uploads\/2020\/08\/arroyo-plegaria-300x169.jpg 300w, https:\/\/revistaepocadigital.com.ar\/wp-content\/uploads\/2020\/08\/arroyo-plegaria-768x433.jpg 768w, https:\/\/revistaepocadigital.com.ar\/wp-content\/uploads\/2020\/08\/arroyo-plegaria-696x392.jpg 696w, https:\/\/revistaepocadigital.com.ar\/wp-content\/uploads\/2020\/08\/arroyo-plegaria-745x420.jpg 745w\" sizes=\"auto, (max-width: 960px) 100vw, 960px\" \/><\/p>\n<p><em><strong>Este tema ha puesto nuevamente en alerta a muchos vecinos,<\/strong> que se han movilizado de diferentes maneras. Hay malestar entre los vecinos, hay malestar por parte del municipio, hay malestar de parte del Parque Industrial \u2026 todo eso, porque no se ha respetado la normativa vigente, lo que dicta la Constituci\u00f3n Nacional, la de la Provincia de Buenos Aires, las leyes ambientales, la ley de Ordenamiento Territorial e incluso la normativa de radicaci\u00f3n industri<\/em>al.<\/p>\n<p><em>Por ley <strong>tenemos derecho a vivir en un ambiente sano<\/strong>, nosotros y las generaciones futuras, y el derecho a solicitar y recibir la adecuada informaci\u00f3n y a participar en la defensa del ambiente.<\/em><\/p>\n<p><em>Por ley el <strong>municipio es el responsable primario en materia de ordenamiento territorial,<\/strong> y los vecinos tenemos por ley el derecho y el deber de participar en el proceso, sobre todo, cuando se trata de re-zonificar a favor de un emprendimiento de la envergadura de un parque industrial. Las decisiones de ordenamiento territorial deben llevarse a cabo salvaguardando las aspiraciones, necesidades y los intereses generales de la comunidad.<\/em><\/p>\n<p><em>Por ley se asegura una <strong>instancia previa y obligatoria de participaci\u00f3n ciudadana en el marco del proceso de evaluaci\u00f3n,<\/strong> de los proyectos de establecimientos industriales a emplazarse en el territorio bonaerense, teniendo en cuenta la relevancia social o ambiental del caso.<\/em><\/p>\n<p><em>Por ley un parque industrial o una industria en particular NO puede iniciar las obras de construcci\u00f3n hasta tanto no cuente con la licencia<\/em> (autorizaci\u00f3n) <em>ambiental correspondiente y su posterior habilitaci\u00f3n.<\/em><\/p>\n<p><em>Y por ley las autoridades de aplicaci\u00f3n, tanto el OPDS<\/em> (Organismo Provincial para el Desarrollo Sostenible), <em>como el municipio debieron realizar las fiscalizaciones que les corresponden.<\/em><\/p>\n<p><em>Y en el caso del Parque Industrial que nos preocupa, <strong>LAS LEYES NO SE CUMPLIERON<\/strong><\/em><strong>.<\/strong><\/p>\n<p>D<em>e ninguna manera nos oponemos a la creaci\u00f3n de fuentes de trabajo, defendemos nuestra salud y el derecho a un ambiente sano.<\/em><\/p>\n<p><em>Recordemos que el <strong>municipio re-zonific\u00f3<\/strong> de tal manera, que el Parque Industrial Ruta 6 qued\u00f3 adyacente al ejido urbano de Los Cardales, para muchos vecinos est\u00e1 apenas cruzando la calle o la ruta. No consider\u00f3 dejar una zona de amortiguaci\u00f3n entre el PIR6 y las viviendas permanentes preexistentes.<\/em><\/p>\n<p><em>Recordemos que los desag\u00fces industriales y pluviales que provienen del 50% de las industrias del Parque Industrial pasan actualmente por el ejido urbano de nuestra localidad y por barrios perif\u00e9ricos. \u00a0<\/em><\/p>\n<p><em>Recordemos que no se ha impermeabilizado el Reservorio (en el que vuelca esta industria qu\u00edmica) en el cual se colectan todos los desag\u00fces industriales de la zona norte del PIR6, por lo que \u00e9stos se filtran a las napas. Las plantas de tratamiento de efluentes son sistemas mec\u00e1nicos, biol\u00f3gicos y qu\u00edmicos delicados que f\u00e1cilmente pueden salirse de r\u00e9gimen y volcar efluentes fuera de los par\u00e1metros preestablecidos.<\/em><\/p>\n<p><em>Recordemos que, ante imprevistos, accidentes o descuidos, los contaminantes en los procesos industriales <strong>inevitablemente terminar\u00e1n en los desag\u00fces, o en una nube t\u00f3xica<\/strong>, que s\u00f3lo necesita viajar pocos cientos de metros para afectar nuestra localidad. Y sabido es que esto lamentablemente ocurre con mucha frecuencia y no trasciende.<\/em><\/p>\n<p><em><strong>Recordemos que hace casi 2 a\u00f1os estamos reclamando soluciones \u2026 y nada se solucion\u00f3.<\/strong><\/em><\/p>\n<p><em>NO PODEMOS PERMITIR QUE EN EL PARQUE INDUSTRIAL RUTA 6, NI EN LAS CERCAN\u00cdAS DE LOS CARDALES SE INSTALEN M\u00c1S INDUSTRIAS DE TERCERA CATEGOR\u00cdA<strong>.<\/strong><\/em><\/p>\n<p><em>En cuanto se permita la instalaci\u00f3n de una primera industria de Tercera Categor\u00eda, <strong>vendr\u00e1n otras,<\/strong> que sabr\u00e1n aprovechar los huecos y vericuetos legales para lograr su aprobaci\u00f3n\u2026&#8221;.\u00a0<\/em><\/p>\n<p>Fotos: Facebook Vecinos por el Arroyo La Plegaria.<\/p>\n","protected":false},"excerpt":{"rendered":"<p>&#8220;VECINOS POR EL ARROYO LA PLEGARIA&#8221; SE ENCUENTRAN EN ALERTA, Y DICEN &#8220;NO&#8221; A ESTE TIPO DE EMPRESAS.<\/p>\n","protected":false},"author":3,"featured_media":6318,"comment_status":"open","ping_status":"open","sticky":false,"template":"","format":"standard","meta":{"footnotes":"","jetpack_publicize_message":"","jetpack_publicize_feature_enabled":true,"jetpack_social_post_already_shared":false,"jetpack_social_options":{"image_generator_settings":{"template":"highway","default_image_id":0,"font":"","enabled":false},"version":2}},"categories":[17],"tags":[157,137,842],"class_list":["post-6314","post","type-post","status-publish","format-standard","has-post-thumbnail","hentry","category-politica","tag-desagues","tag-reclamo","tag-vecinos-arroyo-la-plegaria"],"jetpack_publicize_connections":[],"jetpack_featured_media_url":"https:\/\/revistaepocadigital.com.ar\/wp-content\/uploads\/2020\/08\/arrro-pleg.jpg","jetpack_likes_enabled":true,"_links":{"self":[{"href":"https:\/\/revistaepocadigital.com.ar\/index.php?rest_route=\/wp\/v2\/posts\/6314","targetHints":{"allow":["GET"]}}],"collection":[{"href":"https:\/\/revistaepocadigital.com.ar\/index.php?rest_route=\/wp\/v2\/posts"}],"about":[{"href":"https:\/\/revistaepocadigital.com.ar\/index.php?rest_route=\/wp\/v2\/types\/post"}],"author":[{"embeddable":true,"href":"https:\/\/revistaepocadigital.com.ar\/index.php?rest_route=\/wp\/v2\/users\/3"}],"replies":[{"embeddable":true,"href":"https:\/\/revistaepocadigital.com.ar\/index.php?rest_route=%2Fwp%2Fv2%2Fcomments&post=6314"}],"version-history":[{"count":0,"href":"https:\/\/revistaepocadigital.com.ar\/index.php?rest_route=\/wp\/v2\/posts\/6314\/revisions"}],"wp:featuredmedia":[{"embeddable":true,"href":"https:\/\/revistaepocadigital.com.ar\/index.php?rest_route=\/wp\/v2\/media\/6318"}],"wp:attachment":[{"href":"https:\/\/revistaepocadigital.com.ar\/index.php?rest_route=%2Fwp%2Fv2%2Fmedia&parent=6314"}],"wp:term":[{"taxonomy":"category","embeddable":true,"href":"https:\/\/revistaepocadigital.com.ar\/index.php?rest_route=%2Fwp%2Fv2%2Fcategories&post=6314"},{"taxonomy":"post_tag","embeddable":true,"href":"https:\/\/revistaepocadigital.com.ar\/index.php?rest_route=%2Fwp%2Fv2%2Ftags&post=6314"}],"curies":[{"name":"wp","href":"https:\/\/api.w.org\/{rel}","templated":true}]}}