{"id":6346,"date":"2020-08-24T23:05:49","date_gmt":"2020-08-25T02:05:49","guid":{"rendered":"https:\/\/revistaepocadigital.com.ar\/?p=6346"},"modified":"2020-08-24T23:34:58","modified_gmt":"2020-08-25T02:34:58","slug":"obras-sanitarias-de-la-provincia","status":"publish","type":"post","link":"https:\/\/revistaepocadigital.com.ar\/?p=6346","title":{"rendered":"Obras sanitarias en territorio bonaerense"},"content":{"rendered":"<div dir=\"ltr\"><strong>LA GOBERNACI\u00d3N INFORM\u00d3.<\/strong><\/div>\n<p><!--more--><\/p>\n<div dir=\"ltr\"><\/div>\n<div dir=\"ltr\">Desde marzo la provincia de Buenos Aires hizo seis obras de infraestructura sanitaria por semana, fue cuando comenz\u00f3 el aislamiento social, preventivo y obligatorio por la pandemia de coronavirus. Represent\u00f3 una inversi\u00f3n diaria de 23 millones de pesos para atender esa emergencia.<\/div>\n<div dir=\"ltr\"><\/div>\n<div dir=\"ltr\">La informaci\u00f3n se desprende de un informe del Ministerio de Infraestructura en donde se detalla que desde el 20 de marzo pasado, la administraci\u00f3n de Axel Kicillof, llev\u00f3 a cabo 125 obras para atender el Covid-19 por un total de 3600 millones de pesos.<\/div>\n<div dir=\"ltr\"><\/div>\n<div dir=\"ltr\">Los trabajos contemplaron la ampliaci\u00f3n y remodelaci\u00f3n integral de 14 servicios de guardia y emergencias por 1.396.963.910 de pesos; la intervenci\u00f3n en 97 centros de atenci\u00f3n primaria de la salud (CAPS) por 1.223.330.569 de pesos y la puesta en valor de 14 hospitales por por 1.010.584.982 de pesos.<\/div>\n<div dir=\"ltr\"><\/div>\n<div dir=\"ltr\">En ese sentido, el gobernador Kicillof dijo que &#8220;se hizo una gran inversi\u00f3n en obras, insumos e incorporaci\u00f3n de profesionales&#8221;, lo cual, &#8220;en el marco de la pandemia, era necesario y urgente porque es lo que nos est\u00e1 permitiendo salvar vidas&#8221;.<\/div>\n<div dir=\"ltr\"><\/div>\n<div dir=\"ltr\">\u201cEl aislamiento temprano que decidi\u00f3 el presidente Alberto Fern\u00e1ndez fue fundamental porque nos dio el tiempo necesario para ejecutar en tiempo r\u00e9cord todas las obras que ven\u00edamos proyectando\u201d, agreg\u00f3 el gobernador Kicillof.<\/div>\n<div dir=\"ltr\"><\/div>\n<div dir=\"ltr\">&#8220;En marzo nos propusimos multiplicar las camas de terapia intensiva en toda la Provincia. Si no hubi\u00e9ramos hecho todo este esfuerzo, hoy el sistema de salud estar\u00eda saturado&#8221;, expuso el mandatario.\u00a0Evalu\u00f3 que &#8220;ven\u00edamos de una situaci\u00f3n muy deteriorada pero trabajamos junto al Gobierno nacional y los municipios contrarreloj y sin descanso para revertir ese panorama&#8221;.<\/div>\n<div dir=\"ltr\"><\/div>\n<div dir=\"ltr\">En los hospitales provinciales se hicieron tareas como la construcci\u00f3n y puesta en valor de consultorios externos, \u00e1reas de obstetricia, internaci\u00f3n, maternidad, neonatolog\u00eda, refacciones en quir\u00f3fanos, adecuaciones el\u00e9ctricas y nuevos espacios de rehabilitaci\u00f3n.<\/div>\n<div dir=\"ltr\"><\/div>\n<div dir=\"ltr\">Hospitales como el Balestrini en La Matanza; Pedro Fiorito, en Avellaneda; Manuel Belgrano y Eva Per\u00f3n, en San Mart\u00edn; Alejandro Korn y Ludovica en La Plata; H\u00e9roes de Malvinas, en Merlo; O\u00f1ativia, en Almirante Brown y Vicente L\u00f3pez y Planes, en General Rodr\u00edguez, son algunos de los establecimientos en los que se hicieron los trabajos.<\/div>\n<div dir=\"ltr\"><\/div>\n<div dir=\"ltr\">En tanto, en las guardias se llevaron a cabo ampliaciones y remodelaciones del servicio, con mejoras en las \u00e1reas de emergencia, de pediatr\u00eda, diagn\u00f3stico por imagen, anatom\u00eda patol\u00f3gica, accesos, climatizaci\u00f3n y conexiones el\u00e9ctricas.<\/div>\n<div dir=\"ltr\"><\/div>\n<div dir=\"ltr\">Esas remodelaciones se realizaron en el Penna de Bah\u00eda Blanca, en el Blas Dubarry de Mercedes, en el Paroissien de La Matanza; en el Abraham Pi\u00f1eyro de Jun\u00edn; en el Artuto O\u00f1ativia de Almirante Brown; en el H\u00e9roes de Malvinas de Merlo; en el Rossi y Guti\u00e9rrez de La Plata; en el hospital de Lobos; en el Argentina Diego de Azul; en Mariano y Luciano de la Vega en Moreno; en el Julio de Vedia de 9 de Julio y en el Larrain de Berisso.<\/div>\n<div dir=\"ltr\"><\/div>\n<div dir=\"ltr\">A la vez, los trabajos en los CAPS implicaron la construcci\u00f3n y remodelaci\u00f3n de consultorios, \u00e1reas de enfermer\u00eda, de farmacia, dep\u00f3sitos, office, Salones de Usos M\u00faltiples (SUM) y entradas de ambulancias, as\u00ed como tareas de mantenimiento de la red el\u00e9ctrica y cloacal, pintura e instalaci\u00f3n de aires acondicionados.<\/div>\n<div dir=\"ltr\"><\/div>\n<div dir=\"ltr\">Pila, Quilmes, Almirante Brown, Lomas de Zamora, Moreno, Mor\u00f3n, San Miguel, Ezeiza, Brandsen, San Mart\u00edn, Hurlingham, y Lan\u00fas, fueron los CAPS en los que se trabaj\u00f3.<\/div>\n<div dir=\"ltr\"><\/div>\n<div dir=\"ltr\">&#8220;El aislamiento temprano que decidi\u00f3 el presidente Alberto Fern\u00e1ndez fue fundamental porque nos dio el tiempo necesario para ejecutar en tiempo r\u00e9cord todas las obras que ven\u00edamos proyectando&#8221;, destac\u00f3 el gobernador.<\/div>\n<div dir=\"ltr\"><\/div>\n<div dir=\"ltr\">Sostuvo luego que &#8220;la pandemia cambi\u00f3 todas las prioridades, pero a\u00fan en el peor momento seguimos trabajando, inaugurando centros de salud, incorporando insumos de protecci\u00f3n, camas y respiradores&#8221;.<\/div>\n<div dir=\"ltr\"><\/div>\n<div dir=\"ltr\">De hecho, de acuerdo al informe, en estos meses un total de 1.250 nuevas camas de terapia intensiva fueron incorporadas en toda la provincia por un total de $334.987.500; 1.099 respiradores con una inversi\u00f3n de $1.785.875.000; 11.421.665 barbijos quir\u00fargicos por $296.963.290 y 464.635 barbijos N95\/KN95 por $922.927.000.<\/div>\n<div dir=\"ltr\"><\/div>\n<div dir=\"ltr\">En paralelo, se adquirieron 1.808.166 equipos de protecci\u00f3n personal como camisolines, botas, cofias y mamelucos por $410.794.542; 655.078 guantes por $249.528.120; 617.716 m\u00e1scaras y gafas por $185.209.776; 602 monitores multiparam\u00e9tricos por $192.579.800 y 1.007 bombas de infusi\u00f3n por $88.776.113.<\/div>\n<div dir=\"ltr\"><\/div>\n<div dir=\"ltr\">Esos insumos m\u00e9dicos fueron distribuidos por la Direcci\u00f3n de Vialidad a hospitales y unidades de pronta atenci\u00f3n (UPA) de municipios del conurbano y el interior desde que comenz\u00f3 la pandemia de coronavirus en 750 viajes por m\u00e1s de 110 mil kil\u00f3metros.<\/div>\n<div dir=\"ltr\"><\/div>\n<div dir=\"ltr\">&#8220;El sistema de salud forma parte de la vida cotidiana de cada vecino y vecina gracias a la presencia permanente y cercana del Estado&#8221;, se\u00f1al\u00f3 el mandatario e indic\u00f3 que &#8220;la salud es un derecho y la pandemia ha puesto de manifiesto que en muchos lugares de la Provincia, si no est\u00e1 el Estado no hay nada&#8221;.<\/div>\n<div dir=\"ltr\"><\/div>\n<div dir=\"ltr\">Opin\u00f3 luego que &#8220;se necesita un Estado presente que desde abajo hacia arriba y con pol\u00edticas p\u00fablicas, construya las soluciones para salir de situaciones de desigualdad que existen hace d\u00e9cadas&#8221;.<\/div>\n<div dir=\"ltr\"><\/div>\n<div dir=\"ltr\">Sin embargo, el gobernador insisti\u00f3 en que &#8220;a\u00fan es tiempo de mantener las medidas preventivas, el distanciamiento social y evitar salidas innecesarias&#8221; y subray\u00f3 que &#8220;la responsabilidad y el esfuerzo de las y los bonaerenses nos permiti\u00f3 llegar hasta ac\u00e1, pero no hay que relajarse&#8221;.<\/div>\n<div dir=\"ltr\"><\/div>\n<div dir=\"ltr\"><\/div>\n","protected":false},"excerpt":{"rendered":"<p>LA GOBERNACI\u00d3N INFORM\u00d3.<\/p>\n","protected":false},"author":3,"featured_media":6348,"comment_status":"open","ping_status":"open","sticky":false,"template":"","format":"standard","meta":{"footnotes":"","jetpack_publicize_message":"","jetpack_publicize_feature_enabled":true,"jetpack_social_post_already_shared":false,"jetpack_social_options":{"image_generator_settings":{"template":"highway","default_image_id":0,"font":"","enabled":false},"version":2}},"categories":[17],"tags":[344,639],"class_list":["post-6346","post","type-post","status-publish","format-standard","has-post-thumbnail","hentry","category-politica","tag-obras","tag-pandemia"],"jetpack_publicize_connections":[],"jetpack_featured_media_url":"https:\/\/revistaepocadigital.com.ar\/wp-content\/uploads\/2020\/08\/OBRAS.jpg","jetpack_likes_enabled":true,"_links":{"self":[{"href":"https:\/\/revistaepocadigital.com.ar\/index.php?rest_route=\/wp\/v2\/posts\/6346","targetHints":{"allow":["GET"]}}],"collection":[{"href":"https:\/\/revistaepocadigital.com.ar\/index.php?rest_route=\/wp\/v2\/posts"}],"about":[{"href":"https:\/\/revistaepocadigital.com.ar\/index.php?rest_route=\/wp\/v2\/types\/post"}],"author":[{"embeddable":true,"href":"https:\/\/revistaepocadigital.com.ar\/index.php?rest_route=\/wp\/v2\/users\/3"}],"replies":[{"embeddable":true,"href":"https:\/\/revistaepocadigital.com.ar\/index.php?rest_route=%2Fwp%2Fv2%2Fcomments&post=6346"}],"version-history":[{"count":0,"href":"https:\/\/revistaepocadigital.com.ar\/index.php?rest_route=\/wp\/v2\/posts\/6346\/revisions"}],"wp:featuredmedia":[{"embeddable":true,"href":"https:\/\/revistaepocadigital.com.ar\/index.php?rest_route=\/wp\/v2\/media\/6348"}],"wp:attachment":[{"href":"https:\/\/revistaepocadigital.com.ar\/index.php?rest_route=%2Fwp%2Fv2%2Fmedia&parent=6346"}],"wp:term":[{"taxonomy":"category","embeddable":true,"href":"https:\/\/revistaepocadigital.com.ar\/index.php?rest_route=%2Fwp%2Fv2%2Fcategories&post=6346"},{"taxonomy":"post_tag","embeddable":true,"href":"https:\/\/revistaepocadigital.com.ar\/index.php?rest_route=%2Fwp%2Fv2%2Ftags&post=6346"}],"curies":[{"name":"wp","href":"https:\/\/api.w.org\/{rel}","templated":true}]}}