{"id":6359,"date":"2020-08-24T23:42:25","date_gmt":"2020-08-25T02:42:25","guid":{"rendered":"https:\/\/revistaepocadigital.com.ar\/?p=6359"},"modified":"2020-08-24T23:42:25","modified_gmt":"2020-08-25T02:42:25","slug":"capacitaron-personal-de-seguridad-en-covid-19","status":"publish","type":"post","link":"https:\/\/revistaepocadigital.com.ar\/?p=6359","title":{"rendered":"CAPACITARON PERSONAL DE SEGURIDAD EN COVID-19"},"content":{"rendered":"<div id=\"js_q\" class=\"_5pbx userContent _3576\" data-testid=\"post_message\" data-ft=\"{&quot;tn&quot;:&quot;K&quot;}\">\n<div id=\"id_5f447921310166f35695411\" class=\"text_exposed_root text_exposed\">\n<p><strong>TUVO LUGAR EN EL CUARTEL DE BOMBEROS DE CAPILLA DEL SE\u00d1OR.<!--more--><\/strong><\/p>\n<p>Personal del ministerio de Seguridad de la provincia de Buenos Aires concret\u00f3 una capacitaci\u00f3n sobre \u201cRiesgo Biol\u00f3gico \u2013 Covid 19\u201d. Tuvo lugar en el Cuartel de Bomberos Voluntarios de Capilla del Se\u00f1or, y apunt\u00f3 a los agentes de todas las \u00e1reas, vinculados a tareas sanitarias.<\/p>\n<p>La actividad fue dictada por la direcci\u00f3n de Prevenci\u00f3n Ecol\u00f3gica y Sustancias Peligrosas de la superintendencia de Seguridad Si<span class=\"text_exposed_show\">niestral de la Polic\u00eda Ecol\u00f3gica, y participaron bomberos, agentes de seguridad, de tr\u00e1nsito, personal de salud, agentes municipales, entre otros.<\/span><\/p>\n<div class=\"text_exposed_show\">\n<p>El objetivo de la capacitaci\u00f3n fue fortalecer las acciones de prevenci\u00f3n a partir de los protocolos oficiales, para minimizar as\u00ed cualquier riesgo de contagio e, incluso, minimizar la peligrosidad del virus en caso de intervenir en una situaci\u00f3n que as\u00ed lo requiera.<\/p>\n<\/div>\n<\/div>\n<\/div>\n","protected":false},"excerpt":{"rendered":"<p>TUVO LUGAR EN EL CUARTEL DE BOMBEROS DE CAPILLA DEL SE\u00d1OR.<\/p>\n","protected":false},"author":3,"featured_media":6361,"comment_status":"open","ping_status":"open","sticky":false,"template":"","format":"standard","meta":{"footnotes":"","jetpack_publicize_message":"","jetpack_publicize_feature_enabled":true,"jetpack_social_post_already_shared":false,"jetpack_social_options":{"image_generator_settings":{"template":"highway","default_image_id":0,"font":"","enabled":false},"version":2}},"categories":[14],"tags":[849,37,149],"class_list":["post-6359","post","type-post","status-publish","format-standard","has-post-thumbnail","hentry","category-la-gente","tag-capacitacion","tag-destacada","tag-seguridad"],"jetpack_publicize_connections":[],"jetpack_featured_media_url":"https:\/\/revistaepocadigital.com.ar\/wp-content\/uploads\/2020\/08\/capacitacion-covid-19.jpg","jetpack_likes_enabled":true,"_links":{"self":[{"href":"https:\/\/revistaepocadigital.com.ar\/index.php?rest_route=\/wp\/v2\/posts\/6359","targetHints":{"allow":["GET"]}}],"collection":[{"href":"https:\/\/revistaepocadigital.com.ar\/index.php?rest_route=\/wp\/v2\/posts"}],"about":[{"href":"https:\/\/revistaepocadigital.com.ar\/index.php?rest_route=\/wp\/v2\/types\/post"}],"author":[{"embeddable":true,"href":"https:\/\/revistaepocadigital.com.ar\/index.php?rest_route=\/wp\/v2\/users\/3"}],"replies":[{"embeddable":true,"href":"https:\/\/revistaepocadigital.com.ar\/index.php?rest_route=%2Fwp%2Fv2%2Fcomments&post=6359"}],"version-history":[{"count":0,"href":"https:\/\/revistaepocadigital.com.ar\/index.php?rest_route=\/wp\/v2\/posts\/6359\/revisions"}],"wp:featuredmedia":[{"embeddable":true,"href":"https:\/\/revistaepocadigital.com.ar\/index.php?rest_route=\/wp\/v2\/media\/6361"}],"wp:attachment":[{"href":"https:\/\/revistaepocadigital.com.ar\/index.php?rest_route=%2Fwp%2Fv2%2Fmedia&parent=6359"}],"wp:term":[{"taxonomy":"category","embeddable":true,"href":"https:\/\/revistaepocadigital.com.ar\/index.php?rest_route=%2Fwp%2Fv2%2Fcategories&post=6359"},{"taxonomy":"post_tag","embeddable":true,"href":"https:\/\/revistaepocadigital.com.ar\/index.php?rest_route=%2Fwp%2Fv2%2Ftags&post=6359"}],"curies":[{"name":"wp","href":"https:\/\/api.w.org\/{rel}","templated":true}]}}