{"id":6420,"date":"2020-08-28T00:03:58","date_gmt":"2020-08-28T03:03:58","guid":{"rendered":"https:\/\/revistaepocadigital.com.ar\/?p=6420"},"modified":"2020-08-28T00:03:58","modified_gmt":"2020-08-28T03:03:58","slug":"el-gobernador-se-reunio-con-intendentes-para-evaluar-la-situacion-epidemiologica-de-sus-distritos","status":"publish","type":"post","link":"https:\/\/revistaepocadigital.com.ar\/?p=6420","title":{"rendered":"El gobernador se reuni\u00f3 con intendentes para evaluar la situaci\u00f3n epidemiol\u00f3gica de sus distritos"},"content":{"rendered":"<p><strong>JEFES COMUNALES CON EL GOBERNADOR KICILLOF, PREOCUPADO.<!--more--><\/strong><\/p>\n<p>El mandatario provincial sigue reiterando su postura frente a las tan graves acechanzas de la pandemia. En tal sentido estuvo reunido con intendentes bonaerenses de municipios de distintas secciones (menos los del AMBA). Analizaron la situaci\u00f3n epidemiol\u00f3gica, ante el crecimiento de casos y la circulaci\u00f3n viral, que se registr\u00f3 en muchos de sus distritos en las \u00faltimas semanas.<\/p>\n<p>Durante m\u00e1s de tres horas, Kicillof dialog\u00f3 v\u00eda teleconferencia con los jefes comunales; examinaron en conjunto, la evoluci\u00f3n de la curva de contagios, el nivel de ocupaci\u00f3n de camas en los distritos m\u00e1s comprometidos y repasaron las instancias de abordaje de una estrategia unificada, para el manejo de los focos que pudieran aparecer en las semanas venideras.<\/p>\n<p>\u201cEstamos en un momento bisagra de la pandemia, en el que el Gran Buenos Aires est\u00e1 atravesando una fase de relativa estabilidad y, por el contrario, en el interior de la Provincia se empieza a vislumbrar una fase de crecimiento moderado de los casos de Covid\u201d, se\u00f1al\u00f3 Kicillof\u00a0 y subray\u00f3 que \u201cla tendencia de expansi\u00f3n del virus es similar a la que se vivi\u00f3 en otros pa\u00edses de mundo, en el que el origen se dio en las ciudades capitales, con mayor densidad poblacional, y luego se disemin\u00f3 al resto del territorio\u201d.<\/p>\n<p>En este marco, el gobernador se refiri\u00f3 a la estrategia sanitaria que se implementa, en conjunto con los municipios, para la atenci\u00f3n de los pacientes con coronavirus y expres\u00f3: \u201cEstamos generando un sistema de tratamiento unificado, planificado y coordinado, en el que se considere al sistema sanitario de la Provincia como uno solo y se compartan los recursos entre todos los municipios\u201d.<\/p>\n<p>Por su parte, el ministro Daniel Gollan volvi\u00f3 a poner a disposici\u00f3n de los intendentes \u201ctodas las herramientas que tenemos para el rastreo, detecci\u00f3n, aislamiento y tratamiento de los pacientes contagiados\u201d, y asegur\u00f3: \u201cNo podemos permitir que el virus se siga expandiendo. Estoy convencido de que si seguimos haciendo este esfuerzo conjunto la Provincia superar\u00e1 esta pandemia\u201d.<\/p>\n<p>En tanto, los intendentes coincidieron en la necesidad de seguir concientizando a la poblaci\u00f3n, para cumplir con el distanciamiento social y evitar una suba exponencial de contagios en sus distritos.<\/p>\n<p>En este sentido, el jefe comunal de Bragado, Vicente Gatica, asegur\u00f3 que \u201cuna vez que el virus ingresa en nuestras comunidades, y principalmente en las que tenemos una gran porcentaje de adultos mayores, es muy delicado y dif\u00edcil abordarlo\u201d.\u00a0 En tanto, su par de Chivilcoy, Guillermo Britos, agradeci\u00f3 el acompa\u00f1amiento de la Provincia y coincidi\u00f3 en la necesidad \u201cde entender al sistema sanitario bonaerense como uno solo, en este contexto de pandemia, para poder dar atenci\u00f3n a todos los que lo requieran\u201d.<\/p>\n<p>\u201cVamos a trabajar como Provincia en su conjunto, con un sistema de derivaci\u00f3n unificado para que ni un solo bonaerense se quede sin la atenci\u00f3n en el momento que m\u00e1s lo necesita\u201d, finaliz\u00f3 el gobernador\u00a0Kicillof quien estuvo acompa\u00f1ado por el jefe de Gabinete, Carlos Bianco, el ministro de Salud, Daniel Gollan, el viceministro de Salud, Nicol\u00e1s Kreplak, y en forma remota por la ministra de Gobierno, Teresa Garc\u00eda y el ministro de Desarrollo de la Comunidad, Andr\u00e9s Larroque.<\/p>\n","protected":false},"excerpt":{"rendered":"<p>JEFES COMUNALES CON EL GOBERNADOR KICILLOF, PREOCUPADO.<\/p>\n","protected":false},"author":4,"featured_media":6424,"comment_status":"open","ping_status":"open","sticky":false,"template":"","format":"standard","meta":{"footnotes":"","jetpack_publicize_message":"","jetpack_publicize_feature_enabled":true,"jetpack_social_post_already_shared":false,"jetpack_social_options":{"image_generator_settings":{"template":"highway","default_image_id":0,"font":"","enabled":false},"version":2}},"categories":[17],"tags":[735,478,639,784],"class_list":["post-6420","post","type-post","status-publish","format-standard","has-post-thumbnail","hentry","category-politica","tag-intendentes","tag-kicillof","tag-pandemia","tag-reunion"],"jetpack_publicize_connections":[],"jetpack_featured_media_url":"https:\/\/revistaepocadigital.com.ar\/wp-content\/uploads\/2020\/08\/KICI..20.jpg","jetpack_likes_enabled":true,"_links":{"self":[{"href":"https:\/\/revistaepocadigital.com.ar\/index.php?rest_route=\/wp\/v2\/posts\/6420","targetHints":{"allow":["GET"]}}],"collection":[{"href":"https:\/\/revistaepocadigital.com.ar\/index.php?rest_route=\/wp\/v2\/posts"}],"about":[{"href":"https:\/\/revistaepocadigital.com.ar\/index.php?rest_route=\/wp\/v2\/types\/post"}],"author":[{"embeddable":true,"href":"https:\/\/revistaepocadigital.com.ar\/index.php?rest_route=\/wp\/v2\/users\/4"}],"replies":[{"embeddable":true,"href":"https:\/\/revistaepocadigital.com.ar\/index.php?rest_route=%2Fwp%2Fv2%2Fcomments&post=6420"}],"version-history":[{"count":0,"href":"https:\/\/revistaepocadigital.com.ar\/index.php?rest_route=\/wp\/v2\/posts\/6420\/revisions"}],"wp:featuredmedia":[{"embeddable":true,"href":"https:\/\/revistaepocadigital.com.ar\/index.php?rest_route=\/wp\/v2\/media\/6424"}],"wp:attachment":[{"href":"https:\/\/revistaepocadigital.com.ar\/index.php?rest_route=%2Fwp%2Fv2%2Fmedia&parent=6420"}],"wp:term":[{"taxonomy":"category","embeddable":true,"href":"https:\/\/revistaepocadigital.com.ar\/index.php?rest_route=%2Fwp%2Fv2%2Fcategories&post=6420"},{"taxonomy":"post_tag","embeddable":true,"href":"https:\/\/revistaepocadigital.com.ar\/index.php?rest_route=%2Fwp%2Fv2%2Ftags&post=6420"}],"curies":[{"name":"wp","href":"https:\/\/api.w.org\/{rel}","templated":true}]}}