{"id":6425,"date":"2020-09-13T21:29:08","date_gmt":"2020-09-14T00:29:08","guid":{"rendered":"https:\/\/revistaepocadigital.com.ar\/?p=6425"},"modified":"2020-09-18T21:29:42","modified_gmt":"2020-09-19T00:29:42","slug":"dia-jubi","status":"publish","type":"post","link":"https:\/\/revistaepocadigital.com.ar\/?p=6425","title":{"rendered":"Mar\u00eda Luisa Mart\u00edn, gan\u00f3 el TV sorteado por el Sindicato de Empleados de Comercio Z\u00e1rate por el D\u00eda del Jubilado"},"content":{"rendered":"<div class=\"df-single-post df-content-sticky push-top-4 col-md-12\">\n<div class=\"df-post-content\">\n<article id=\"post-13242\" class=\"post-13242 post type-post status-publish format-standard has-post-thumbnail category-interes-general\">\n<div class=\"entry-content\">\n<p><strong>Y LLEG\u00d3 EL D\u00cdA.<!--more--><\/strong><\/p>\n<div dir=\"ltr\">Como inform\u00e1ramos en EPOCA, tuvo lugar el sorteo de un televisor color de 50 pulgadas, organizado por el Sindicato de Empleados de Comercio Z\u00e1rate, en adhesi\u00f3n al D\u00eda del Jubilado, que este a\u00f1o debido a la pandemia como dijo el Secretario Sergio Mart\u00edn (sin v\u00ednculo alguno con la ganadora), no pudo festejarse como es acostumbrado.<\/div>\n<div dir=\"ltr\"><\/div>\n<div dir=\"ltr\">Con la presencia de directivos del sindicato, fue efectuado el sorteo en las nuevas instalaciones zarate\u00f1as del sindicato que, como es sabido, comenzaron a funcionar hace unos meses atr\u00e1s. El sorteo del que participaron absolutamente todos los jubilados del sindicato correspondiente a la ciudad de Z\u00e1rate, inclu\u00eddos tambi\u00e9n a los jubilados de Exaltaci\u00f3n de la Cruz, tuvo lugar el 18 de septiembre y la ganadora fue <strong>Mar\u00eda Luisa Mart\u00edn, residente en la ciudad de Z\u00e1rate.<\/strong>\u00a0 Desde el Sindicato, desearon muchas felicidades a los jubilados en su d\u00eda!.<\/div>\n<\/div>\n<\/article>\n<div dir=\"ltr\"><\/div>\n<article id=\"post-13242\" class=\"post-13242 post type-post status-publish format-standard has-post-thumbnail category-interes-general\">\n<div dir=\"ltr\"><strong>AC\u00c1 MIR\u00c1 EL VIDEO DEL SORTEO REALIZADO:<\/strong><\/div>\n<\/article>\n<\/div>\n<div dir=\"ltr\"><\/div>\n<div class=\"df-post-content\">\n<article id=\"post-13242\" class=\"post-13242 post type-post status-publish format-standard has-post-thumbnail category-interes-general\">\n<div class=\"entry-content\">\n<div dir=\"ltr\"><\/div>\n<div class=\"fb-video\" data-allowfullscreen=\"true\" data-href=\"https:\/\/www.facebook.com\/SindicatoECZarate\/videos\/2835820249983279\/?t=0\" style=\"background-color: #fff; display: inline-block;\"><\/div>\n<p style=\"text-align: center;\"><strong>&#8230;&#8230;&#8230;&#8230;&#8230;&#8230;&#8230;&#8230;&#8230;&#8230;&#8230;&#8230;&#8230;..<\/strong><\/p>\n<p>&nbsp;<\/p>\n<p>Se conmemora en el pa\u00eds el <strong>\u00abD\u00eda del jubilado\u00bb<\/strong>, con motivo de homenaje para las personas que se han retirado de los trabajos desarrollados a lo largo de muchos a\u00f1os.<\/p>\n<div class=\"row pb-content-type-text\">\n<div class=\"col-xs-12 col-print-12\">\n<p class=\"element element-paragraph\">El festejo se inici\u00f3 en 1904, cuando se sancion\u00f3 la ley 4349 que estableci\u00f3 el beneficio previsional para empleados p\u00fablicos del Estado nacional. Por aquel entonces, el presidente Julio Argentino Roca, durante su segundo mandato, dispuso la creaci\u00f3n de la Caja Nacional de Jubilaciones y Pensiones, el primer instrumento que otorg\u00f3 un ingreso para la clase pasiva.<\/p>\n<\/div>\n<\/div>\n<div class=\"row pb-content-type-text\">\n<div class=\"col-xs-12 col-print-12\">Al ponerse en pr\u00e1ctica la ley 4349, el Estado comenz\u00f3 a otorgar seguros a la vejez a los empleados estatales, maestros, empleados del Banco Naci\u00f3n y del Banco Hipotecario, personal judicial y de Ferrocarriles Nacionales. Las cajas jubilatorias se acordaban entre el Estado y los sindicatos y en algunos casos con empresas privadas. Las cotizaciones se hac\u00edan bajo la base de aportes tripartitos y las cajas establec\u00edan el monto de los aportes as\u00ed con la requerida edad jubilatoria.<\/div>\n<\/div>\n<div class=\"row pb-content-type-text\">\n<div class=\"col-xs-12 col-print-12\"><\/div>\n<\/div>\n<div class=\"row pb-content-type-text\">\n<div class=\"col-xs-12 col-print-12\">\n<p>Con el transcurso de los a\u00f1os, el beneficio jubilatorio se ampli\u00f3 a otros sectores hasta abarcar a todos los trabajadores que en alg\u00fan momento de su vida activa, hubieran efectuado aportes por el trabajo realizado. En cuanto a la edad jubilatoria m\u00ednima, en el presente es de 65 a\u00f1os para los hombres y 60 para las mujeres. Los hombres, de acuerdo a lo establecido por la reforma previsional sancionada por el Congreso durante el gobierno de Mauricio Macri, pueden optar de seguir trabajando hasta los 70 a\u00f1os.<\/p>\n<p>En adhesi\u00f3n al D\u00eda del Jubilado, el <strong>Sindicato de Empleados de Comercio Z\u00e1rate,<\/strong> que abarca a los empleados del sector en <strong>Exaltaci\u00f3n de la Cruz<\/strong>, ha organizado un sorteo cuyo premio consist\u00eda en un <strong>televisor Smart 4K de 50 pulgadas.<\/strong><\/p>\n<\/div>\n<\/div>\n<\/div>\n<\/article>\n<\/div>\n<\/div>\n<div dir=\"ltr\">\n<div dir=\"ltr\" style=\"text-align: center;\"><\/div>\n<div dir=\"ltr\"><\/div>\n<\/div>\n<div dir=\"ltr\"><\/div>\n","protected":false},"excerpt":{"rendered":"<p>Y LLEG\u00d3 EL D\u00cdA.<\/p>\n","protected":false},"author":4,"featured_media":6426,"comment_status":"open","ping_status":"open","sticky":false,"template":"","format":"standard","meta":{"footnotes":"","jetpack_publicize_message":"","jetpack_publicize_feature_enabled":true,"jetpack_social_post_already_shared":false,"jetpack_social_options":{"image_generator_settings":{"template":"highway","default_image_id":0,"font":"","enabled":false},"version":2}},"categories":[14],"tags":[37,204,915,723],"class_list":["post-6425","post","type-post","status-publish","format-standard","has-post-thumbnail","hentry","category-la-gente","tag-destacada","tag-empleados-de-comercio","tag-ganadora","tag-sorteo"],"jetpack_publicize_connections":[],"jetpack_featured_media_url":"https:\/\/revistaepocadigital.com.ar\/wp-content\/uploads\/2020\/08\/dia-jubi.jpg","jetpack_likes_enabled":true,"_links":{"self":[{"href":"https:\/\/revistaepocadigital.com.ar\/index.php?rest_route=\/wp\/v2\/posts\/6425","targetHints":{"allow":["GET"]}}],"collection":[{"href":"https:\/\/revistaepocadigital.com.ar\/index.php?rest_route=\/wp\/v2\/posts"}],"about":[{"href":"https:\/\/revistaepocadigital.com.ar\/index.php?rest_route=\/wp\/v2\/types\/post"}],"author":[{"embeddable":true,"href":"https:\/\/revistaepocadigital.com.ar\/index.php?rest_route=\/wp\/v2\/users\/4"}],"replies":[{"embeddable":true,"href":"https:\/\/revistaepocadigital.com.ar\/index.php?rest_route=%2Fwp%2Fv2%2Fcomments&post=6425"}],"version-history":[{"count":0,"href":"https:\/\/revistaepocadigital.com.ar\/index.php?rest_route=\/wp\/v2\/posts\/6425\/revisions"}],"wp:featuredmedia":[{"embeddable":true,"href":"https:\/\/revistaepocadigital.com.ar\/index.php?rest_route=\/wp\/v2\/media\/6426"}],"wp:attachment":[{"href":"https:\/\/revistaepocadigital.com.ar\/index.php?rest_route=%2Fwp%2Fv2%2Fmedia&parent=6425"}],"wp:term":[{"taxonomy":"category","embeddable":true,"href":"https:\/\/revistaepocadigital.com.ar\/index.php?rest_route=%2Fwp%2Fv2%2Fcategories&post=6425"},{"taxonomy":"post_tag","embeddable":true,"href":"https:\/\/revistaepocadigital.com.ar\/index.php?rest_route=%2Fwp%2Fv2%2Ftags&post=6425"}],"curies":[{"name":"wp","href":"https:\/\/api.w.org\/{rel}","templated":true}]}}