{"id":643,"date":"2018-12-01T09:33:57","date_gmt":"2018-12-01T12:33:57","guid":{"rendered":"https:\/\/revistaepocadigital.com.ar\/?p=643"},"modified":"2018-12-22T17:40:37","modified_gmt":"2018-12-22T20:40:37","slug":"vamos-a-trabajar-juntos-con-luisma-martin-en-la-proxima-gestion-el-equipo-es-un-hecho","status":"publish","type":"post","link":"https:\/\/revistaepocadigital.com.ar\/?p=643","title":{"rendered":"&#8220;VAMOS A TRABAJAR JUNTOS CON LUISMA MART\u00cdN EN LA PR\u00d3XIMA GESTION EN LA PR\u00d3XIMA GESTION, EL EQUIPO ES UN HECHO&#8221;"},"content":{"rendered":"<p><strong>INMERSO EN EL VERTIGO DIARI0<\/strong>. Ese que hace a su funci\u00f3n como secretario de gobierno de la comuna, <strong>Diego Nanni<\/strong> se enfoc\u00f3 de lleno en el di\u00e1logo propuesto por EPOCA, en el marco de una situaci\u00f3n general de la que no es ajeno el distrito de <strong>Exaltaci\u00f3n de la Cruz,<\/strong> en los \u00faltimos d\u00edas de un a\u00f1o 2019 que ha resultado cr\u00edtico para los argentinos, rodeado de serias complejidades que todo indica, persistir\u00e1n el a\u00f1o entrante.<\/p>\n<p>Acerca de 2019, como es sabido, un a\u00f1o esencial, de suma importancia por las implicancias futuras a partir de las elecciones generales en octubre, en las se elegir\u00e1 presidente, gobernador&#8230;e intendente. Conocida la decisi\u00f3n adoptada hace mucho, de postularse como candidato a intendente, Nanni al hablar sobre el tema, ha confirmado su alianza con <strong>Luis Mariano Mart\u00edn<\/strong>, ex funcionario municipal y en la etapa m\u00e1s reciente, referente del <strong>Frente Renovador.<\/strong> Sin dudas es una de las novedades mas fuertes del a\u00f1o pol\u00edtico que culmina.<\/p>\n<p><strong>-El Concejo Deliberante resolvi\u00f3 aumentar 40% las tasas municipales, incremento que se transforma en otro motivo de preocupaci\u00f3n para los vecinos, comerciantes, productores. Ademas de desempe\u00f1arse como funcionario municipal, de postularse como candidato a intendente en 2019, tambi\u00e9n es vecino del distrito, \u00bfen su condicion de vecino como tantos, que siente ante nuevos aumentos de tasas?<\/strong><br \/>\n<em>-En el contexto en el cual se plantea el aumento, es dif\u00edcil justificarlo cuando todas las razones tienen que ver con las medidas econ\u00f3micas macro, que van m\u00e1s all\u00e1 de la voluntad del municipio. No estamos ajenos a la p\u00e9rdida de poder adquisitivo, e incluso a la NO <\/em>(resalta)<em> capacidad de pago de los vecinos, pero <\/em>(vuelve a resaltar)<em> NO se puede aumentar menos, si se quiere conservar la operaci\u00f3n normal de servicios esenciales para la comuna.<\/em><br \/>\n<em>Brindar salud gratuita para todos los vecinos de Exaltaci\u00f3n de la Cruz, conservar los \u00edndices delictivos bajos, preservar los puestos de trabajo de los empleados municipales y brindar asistencia a los sectores m\u00e1s vulnerables, entre otras cosas, no ser\u00eda posible! sin este ingreso proyectado. Creemos que m\u00e1s all\u00e1 de lo costoso que va a ser para nuestros vecinos, la relaci\u00f3n entre lo que se paga y lo que se propone es criteriosa.<\/em><\/p>\n<p><strong>-\u00bfCual es su postura como Secretario de Gobierno, acerca del proyecto del bloque de Unidad Ciudadana en el HCD, para regularizar el uso de agroqu\u00edmicos?<\/strong><br \/>\n<em>-Estoy a favor de la implementaci\u00f3n de una ordenanza que regule la utilizaci\u00f3n de agroqu\u00edmicos. Tambi\u00e9n es cierto que tiene que haber un trabajo en com\u00fan, con los productores, debe darse una transici\u00f3n para esta pr\u00e1ctica, y desde la gesti\u00f3n interceder\u00edamos para evitar excesos en las propuestas que puedan afectar a los diferentes sectores. Este va a ser un trabajo largo y que requerir\u00e1 de mucho di\u00e1logo.<\/em><\/p>\n<figure id=\"attachment_648\" aria-describedby=\"caption-attachment-648\" style=\"width: 960px\" class=\"wp-caption aligncenter\"><img loading=\"lazy\" decoding=\"async\" class=\"size-full wp-image-648\" src=\"https:\/\/revistaepocadigital.com.ar\/wp-content\/uploads\/2018\/12\/nanni-1-1.jpg\" alt=\"\" width=\"960\" height=\"959\" \/><figcaption id=\"caption-attachment-648\" class=\"wp-caption-text\">Definiciones del secretario de gobierno.<\/figcaption><\/figure>\n<p><strong>-Desde distintos sectores se ha impulsado que el m\u00e1stil instalado al ingreso de Capilla del Se\u00f1or, pase a llamarse Luis Niz, a modo de homenaje al nuestro vecino, tripulante del submariano ARA San Juan. \u00bfQue le parece?<\/strong><br \/>\n<em>-Estoy de acuerdo con el homenaje y no es mala la idea. Hay que ver si es jurisdicci\u00f3n municipal o provincial esa rotonda, y hacer las gestiones necesarias dadas<\/em><br \/>\n<em>las condiciones.<\/em><\/p>\n<p><span style=\"color: #ff6600;\">FUERTE MOVIDA POLITICA JUNTO A MARTIN<\/span><\/p>\n<p><strong>-Hablemos de pol\u00edtica, en nota reciente en Epoca, Luis Mariano Martin, admiti\u00f3 que m\u00e1s all\u00e1 de la relaci\u00f3n de amistad que los une, podr\u00edan trabajar juntos en funcion de las elecciones generales de 2019, cruciales por cierto al elegirse nuevo intendente, cargo al que es sabido, se postula. \u00bfHan avanzando en el camino de una estrategia com\u00fan?<\/strong><br \/>\n<em>-Luisma es un tipo muy trabajador, tiene basta experiencia en gesti\u00f3n, y creo que le sumar\u00eda mucho al nuevo equipo de gobierno que tendr\u00e1 que afrontar muchos nuevos desaf\u00edos, en un contexto totalmente distinto al que se dio una d\u00e9cada atr\u00e1s.<\/em><br \/>\n<em>Nos hemos reunido var\u00edas veces, y me animo a decir y confirmar que vamos a trabajar juntos en la pr\u00f3xima gesti\u00f3n. La estrategia electoral dir\u00e1 como nos presentamos, pero el equipo es un hecho.<\/em><\/p>\n<p><span style=\"color: #ff6600;\">CARNAVALES 2019: ACUERDO DIF\u00cdCIL<\/span><\/p>\n<p><strong>-Se estaba debatiendo el formato de la organizaci\u00f3n de los Carnavales 2019, usted ha tenido activa participaci\u00f3n en ediciones anteriores, \u00bfque propuso?<\/strong><br \/>\n<em>-He participado los \u00faltimos tres a\u00f1os en la organizaci\u00f3n de los Carnavales, y lo seguir\u00e9 haciendo pues creo en la propuesta cultural y solidaria. Con las agrupaciones tengo la mejor onda y llegada, pero ellos saben que yo defiendo firmemente el formato del Carnaval de los \u00faltimos tres a\u00f1os.<\/em><br \/>\n<em>Entiendo la postura, tanto de las entidades de beneficiencia como la de la agrupaciones, pero creo que se tiene que dar un tiempo de evoluci\u00f3n y transformaci\u00f3n para que el formato sea modificado, o las partes trabajen por su cuenta. Es primordial que se trabaje conjuntamente porque los vecinos, comerciantes, Estado, y los involucrados as\u00ed se favorecer\u00e1n y se madurar\u00e1 para avanzar hacia lo que se<\/em> <em>quiere llegar u objetivo a futuro.<\/em><br \/>\n<em>Creo en la buena voluntad de todas las partes, y con di\u00e1logo se va a llegar a un acuerdo con todos, aunque es dif\u00edcil.<\/em><\/p>\n","protected":false},"excerpt":{"rendered":"<p>INMERSO EN EL VERTIGO DIARI0. Ese que hace a su funci\u00f3n como secretario de gobierno de la comuna, Diego Nanni se enfoc\u00f3 de lleno en el di\u00e1logo propuesto por EPOCA, en el marco de una situaci\u00f3n general de la que no es ajeno el distrito de Exaltaci\u00f3n de la Cruz, en los \u00faltimos d\u00edas de [&hellip;]<\/p>\n","protected":false},"author":3,"featured_media":647,"comment_status":"open","ping_status":"open","sticky":false,"template":"","format":"standard","meta":{"footnotes":"","jetpack_publicize_message":"","jetpack_publicize_feature_enabled":true,"jetpack_social_post_already_shared":false,"jetpack_social_options":{"image_generator_settings":{"template":"highway","default_image_id":0,"font":"","enabled":false},"version":2}},"categories":[13],"tags":[44,66],"class_list":["post-643","post","type-post","status-publish","format-standard","has-post-thumbnail","hentry","category-interes-general","tag-elecciones-2019","tag-nanni"],"jetpack_publicize_connections":[],"jetpack_featured_media_url":"https:\/\/revistaepocadigital.com.ar\/wp-content\/uploads\/2018\/12\/nanni4-1.jpg","jetpack_likes_enabled":true,"_links":{"self":[{"href":"https:\/\/revistaepocadigital.com.ar\/index.php?rest_route=\/wp\/v2\/posts\/643","targetHints":{"allow":["GET"]}}],"collection":[{"href":"https:\/\/revistaepocadigital.com.ar\/index.php?rest_route=\/wp\/v2\/posts"}],"about":[{"href":"https:\/\/revistaepocadigital.com.ar\/index.php?rest_route=\/wp\/v2\/types\/post"}],"author":[{"embeddable":true,"href":"https:\/\/revistaepocadigital.com.ar\/index.php?rest_route=\/wp\/v2\/users\/3"}],"replies":[{"embeddable":true,"href":"https:\/\/revistaepocadigital.com.ar\/index.php?rest_route=%2Fwp%2Fv2%2Fcomments&post=643"}],"version-history":[{"count":0,"href":"https:\/\/revistaepocadigital.com.ar\/index.php?rest_route=\/wp\/v2\/posts\/643\/revisions"}],"wp:featuredmedia":[{"embeddable":true,"href":"https:\/\/revistaepocadigital.com.ar\/index.php?rest_route=\/wp\/v2\/media\/647"}],"wp:attachment":[{"href":"https:\/\/revistaepocadigital.com.ar\/index.php?rest_route=%2Fwp%2Fv2%2Fmedia&parent=643"}],"wp:term":[{"taxonomy":"category","embeddable":true,"href":"https:\/\/revistaepocadigital.com.ar\/index.php?rest_route=%2Fwp%2Fv2%2Fcategories&post=643"},{"taxonomy":"post_tag","embeddable":true,"href":"https:\/\/revistaepocadigital.com.ar\/index.php?rest_route=%2Fwp%2Fv2%2Ftags&post=643"}],"curies":[{"name":"wp","href":"https:\/\/api.w.org\/{rel}","templated":true}]}}