{"id":6431,"date":"2020-08-28T22:04:01","date_gmt":"2020-08-29T01:04:01","guid":{"rendered":"https:\/\/revistaepocadigital.com.ar\/?p=6431"},"modified":"2020-08-28T22:04:01","modified_gmt":"2020-08-29T01:04:01","slug":"silvestre-y-su-exabrupto-con-los-heroes-de-malvinas-laje-le-pego-muy-duro","status":"publish","type":"post","link":"https:\/\/revistaepocadigital.com.ar\/?p=6431","title":{"rendered":"SILVESTRE Y SU EXABRUPTO CON LOS HEROES DE MALVINAS, LAJE LE PEG\u00d3 MUY DURO"},"content":{"rendered":"<p><strong>DE UN PERIODISTA A OTRO.<\/strong><!--more--><\/p>\n<p>Antonio Laje destroz\u00f3 a Gustavo Sylvestre luego de que tratara de &#8220;cobardes&#8221; a los combatientes de Malvinas, ac\u00e1 la nota publicada por www.infoveloz.com<\/p>\n<div class=\"entry__excerpt\">\n<p class=\"bajada\">&#8220;No te va a alcanzar la vida para disculparte con los argentinos que dieron la vida\u201d, asegur\u00f3 Laje.<\/p>\n<\/div>\n<div class=\"entry__img-holder zoom-gallery lightbox-gallery\">Antonio Laje le dedic\u00f3 dur\u00edsimas palabras en un segmento del noticiero \u201cBDA\u201d, que conduce por A24 y Am\u00e9rica, a su colega de C5N Gustavo &#8220;Gato&#8221; Sylvestre que desde su programa sorprendi\u00f3 con una importante cr\u00edtica a los combatientes de Malvinas, que en 1982 fueron a pelear por la soberan\u00eda de nuestro pa\u00eds sobre las islas contra Inglaterra y lamentablemente, tras meses de combates y muchas muertes, volvieron con las manos vac\u00edas.<\/div>\n<div class=\"entry__article-wrap\">\n<div class=\"entry__article\">\n<p>&#8220;Perdieron una guerra de forma cobarde&#8221;, dijo el periodista de C5N generando una gran pol\u00e9mica en el pa\u00eds por lo que luego pidi\u00f3 disculpas. Laje, no dud\u00f3 en responderle desde su espacio: \u201cLo que decis en la televisi\u00f3n es brutal, no hay lugar a equivocaci\u00f3n, lo que dijiste es una barbaridad\u201d.<\/p>\n<p>\u201cNo hay ninguna disculpa posible de semejante cosa. Solo decir: \u00b4me equivoqu\u00e9 de la primera a la \u00faltima palabra, no s\u00e9 qu\u00e9 me pas\u00f3, perd\u00ed\u2026\u00b4 como Duhalde (que est\u00e1 semana dijo que habr\u00eda un golpe de estado en el pa\u00eds y luego se retract\u00f3). \u00b4Tuve una p\u00e9rdida de tiempo\u00b4, un brote psic\u00f3tico o algo. Por que no hay disculpa posible\u201d, resalt\u00f3 Antonio.<\/p>\n<p>\u201cLo que decis en la televisi\u00f3n es brutal porque no est\u00e1 dirigida al general golpista o a los 2 o 3 generales golpistas, borrachos que manejaban el escritorio, no est\u00e1 dirigido ah\u00ed. Porque cuando uno quiere dirigir un mensaje a un personaje da los nombres: primero se tiene el suficiente valor para dar nombre y apellido. Si vos te refer\u00edas al borracho de Galtieri o a Benjam\u00edn Men\u00e9ndez das los nombres. Pero despu\u00e9s no est\u00e1 dirigido ah\u00ed: est\u00e1 dirigido a los que fueron a pelear y como trabajo ten\u00edan defender y perdieron por cobardes\u201d, agreg\u00f3.<\/p>\n<p>\u201cArgentina perdi\u00f3 la guerra no por la cobard\u00eda sino por la valent\u00eda de los oficiales, soldados reconocida por los ingleses sistem\u00e1ticamente. Jam\u00e1s ellos se imaginaron que se iban a encontrar con los recursos cero que ten\u00edamos ac\u00e1, contra el apoyo de Estados Unidos y Chile, jam\u00e1s se imaginaron que se iban a encontrar con semejante resistencia. S\u00ed, dirigidos por un borracho no tengas la menor duda\u201d, sum\u00f3.<\/p>\n<p>\u201cLos que fueron oficiales y soldados con cero recurso lo \u00fanico que pusieron es coraz\u00f3n y la inconsciencia que te da salir a defender a tu pa\u00eds, la inconsciencia bien dicho de que ni lo pens\u00e1s porque si lo pensabas 10 segundos te paralizabas por el miedo porque no ten\u00edas abrigo provisiones, armamento y fueron igual\u201d, explic\u00f3 Laje sobre la valent\u00eda de los combatientes.<\/p>\n<p>Fuente: www.infoveloz.com<\/p>\n<\/div>\n<\/div>\n","protected":false},"excerpt":{"rendered":"<p>DE UN PERIODISTA A OTRO.<\/p>\n","protected":false},"author":3,"featured_media":6440,"comment_status":"open","ping_status":"open","sticky":false,"template":"","format":"standard","meta":{"footnotes":"","jetpack_publicize_message":"","jetpack_publicize_feature_enabled":true,"jetpack_social_post_already_shared":false,"jetpack_social_options":{"image_generator_settings":{"template":"highway","default_image_id":0,"font":"","enabled":false},"version":2}},"categories":[17],"tags":[861,676,862],"class_list":["post-6431","post","type-post","status-publish","format-standard","has-post-thumbnail","hentry","category-politica","tag-laje","tag-malvinas","tag-silvestre"],"jetpack_publicize_connections":[],"jetpack_featured_media_url":"https:\/\/revistaepocadigital.com.ar\/wp-content\/uploads\/2020\/08\/laje-critico-sylvestre-sus-dichos-malvinas.jpg","jetpack_likes_enabled":true,"_links":{"self":[{"href":"https:\/\/revistaepocadigital.com.ar\/index.php?rest_route=\/wp\/v2\/posts\/6431","targetHints":{"allow":["GET"]}}],"collection":[{"href":"https:\/\/revistaepocadigital.com.ar\/index.php?rest_route=\/wp\/v2\/posts"}],"about":[{"href":"https:\/\/revistaepocadigital.com.ar\/index.php?rest_route=\/wp\/v2\/types\/post"}],"author":[{"embeddable":true,"href":"https:\/\/revistaepocadigital.com.ar\/index.php?rest_route=\/wp\/v2\/users\/3"}],"replies":[{"embeddable":true,"href":"https:\/\/revistaepocadigital.com.ar\/index.php?rest_route=%2Fwp%2Fv2%2Fcomments&post=6431"}],"version-history":[{"count":0,"href":"https:\/\/revistaepocadigital.com.ar\/index.php?rest_route=\/wp\/v2\/posts\/6431\/revisions"}],"wp:featuredmedia":[{"embeddable":true,"href":"https:\/\/revistaepocadigital.com.ar\/index.php?rest_route=\/wp\/v2\/media\/6440"}],"wp:attachment":[{"href":"https:\/\/revistaepocadigital.com.ar\/index.php?rest_route=%2Fwp%2Fv2%2Fmedia&parent=6431"}],"wp:term":[{"taxonomy":"category","embeddable":true,"href":"https:\/\/revistaepocadigital.com.ar\/index.php?rest_route=%2Fwp%2Fv2%2Fcategories&post=6431"},{"taxonomy":"post_tag","embeddable":true,"href":"https:\/\/revistaepocadigital.com.ar\/index.php?rest_route=%2Fwp%2Fv2%2Ftags&post=6431"}],"curies":[{"name":"wp","href":"https:\/\/api.w.org\/{rel}","templated":true}]}}