{"id":6455,"date":"2020-08-20T17:54:02","date_gmt":"2020-08-20T20:54:02","guid":{"rendered":"https:\/\/revistaepocadigital.com.ar\/?p=6455"},"modified":"2020-09-02T01:17:31","modified_gmt":"2020-09-02T04:17:31","slug":"kicillof-ante-el-momento-crucial-cuando-se-trata-de-la-vida-tenemos-que-tomar-decisiones-que-cuidan-la-salud","status":"publish","type":"post","link":"https:\/\/revistaepocadigital.com.ar\/?p=6455","title":{"rendered":"Kicillof ante el momento crucial: \u201cCuando se trata de la vida, tenemos que tomar decisiones que cuidan la salud\u201d"},"content":{"rendered":"<div class=\"I_52qC D_FY W_6D6F\" data-test-id=\"message-view-body\">\n<div class=\"msg-body P_wpofO mq_AS\" data-test-id=\"message-view-body-content\">\n<div class=\"jb_0 X_6MGW N_6Fd5\">\n<div dir=\"ltr\"><strong>DURA REALIDAD.<\/strong><!--more--><\/div>\n<div dir=\"ltr\"><\/div>\n<div dir=\"ltr\">Habl\u00f3 el gobernador Axel Kicillof durante el durante el informe epidemiol\u00f3gico que brind\u00f3 (31\/8) desde Casa de Gobierno, &#8220;la situaci\u00f3n en el \u00c1rea Metropolitana (AMBA) es de estabilidad pero tremendamente fr\u00e1gil\u201d,\u00a0 y aclar\u00f3 que \u201cdepende de la movilidad, de los cuidados y de si cada uno de nosotros toma conciencia y evita el contagio\u201d.<\/div>\n<div dir=\"ltr\"><\/div>\n<div dir=\"ltr\">El Gobernador detall\u00f3 tambi\u00e9n que \u201cantes el interior de la Provincia ten\u00eda el 5% de los casos y hoy supera el 11%. Se duplic\u00f3 la importancia y la dispersi\u00f3n de los contagios est\u00e1 creciendo\u201d. \u201cSi el sistema de salud no satur\u00f3 es exclusivamente porque tuvimos el tiempo para ampliarlo y porque la gente actu\u00f3 con responsabilidad\u201d, se\u00f1al\u00f3 acompa\u00f1ado por la jefa del Servicio de Terapia Intensiva del Hospital San Mart\u00edn de La Plata, Elisa Estenssoro, y los intendentes Julio Garro (La Plata), Juan Zabaleta (Hurlingham), Mayra Mendoza (Quilmes), Mart\u00edn Insaurralde (Lomas de Zamora), y\u00a0 N\u00e9stor Grindetti (Lan\u00fas).<\/div>\n<div dir=\"ltr\"><\/div>\n<div dir=\"ltr\">En ese sentido, Kicillof subray\u00f3: \u201cCuando se trata de la vida, tenemos que tomar las decisiones que cuidan la salud\u201d y agreg\u00f3 que \u201cno es un momento para politizar la situaci\u00f3n, hay que dedicarnos a cuidarnos entre todos\u201d. Asimismo, agradeci\u00f3 a trabajadores y trabajadoras de la salud \u201cpor el compromiso, por la fuerza que han demostrado y por la verdadera sensibilidad que le ponen todos los d\u00edas a una situaci\u00f3n realmente inesperada\u201d.<\/div>\n<div dir=\"ltr\"><\/div>\n<div dir=\"ltr\">Por \u00faltimo, el Gobernador concluy\u00f3: \u201cYa empezamos a lanzar las medidas que nos van a permitir, ni bien logremos superar esto, buscar la recuperaci\u00f3n econ\u00f3mica, la reconstrucci\u00f3n del tejido productivo, industrial, comercial, de nuestras pymes, poner de pie a la Argentina, y poner en marcha a la Provincia\u201d.<\/div>\n<div dir=\"ltr\">A continuaci\u00f3n, Estenssoro agradeci\u00f3 \u201cque los intensivistas fuimos tenidos en cuenta en la formaci\u00f3n del equipo asesor de la Gobernaci\u00f3n, tuvimos voz y voto desde el inicio\u201d y remarc\u00f3 que \u201cla cuarentena es un instrumento que fue implementado tempranamente en la Argentina y que permiti\u00f3 la expansi\u00f3n de todo el sistema de salud, especialmente en las \u00e1reas cr\u00edticas; para que todos los pacientes que se enfermaran por coronavirus fueran correctamente atendidos\u201d.<\/div>\n<div dir=\"ltr\"><\/div>\n<div dir=\"ltr\">A su turno, Mendoza hizo hincapi\u00e9 en la necesidad de \u201cseguir trabajando de esta manera, coordinadamente y en sinton\u00eda\u201d y apel\u00f3 \u201ca la responsabilidad social, individual y colectiva\u201d. Asimismo, Zabaleta se\u00f1al\u00f3: \u201cHay un sistema de salud muy s\u00f3lido, el plan Detectar fue maravilloso y se agradece porque nos permiti\u00f3 adelantarnos, cuidar y salvar vidas\u201d; mientras que Insaurralde asegur\u00f3 que \u201cse est\u00e1 haciendo historia en materia sanitaria en Lomas de Zamora y en la provincia de Buenos Aires\u201d.<\/div>\n<div dir=\"ltr\"><\/div>\n<div dir=\"ltr\">En ese sentido, Garro remarc\u00f3 \u201cel trabajo que se viene llevando adelante desde el 20 de marzo, los intendentes hemos trabajado de manera muy ordenada con la Naci\u00f3n, la provincia de Buenos Aires y sobre todo reconociendo un grave problema que es este virus\u201d. Por su parte, Grindetti destac\u00f3 \u201cla importancia que tiene el trabajo en equipo, donde se entienden cada una de las posiciones\u201d.<\/div>\n<div dir=\"ltr\">Tambi\u00e9n estuvieron presentes en la conferencia los miembros del gabinete provincial, la vicegobernadora Ver\u00f3nica Magario y el presidente de la C\u00e1mara de Diputados de la Provincia, Federico Oterm\u00edn.<\/div>\n<div dir=\"ltr\"><\/div>\n<div dir=\"ltr\">Fuente: Prensa Gobernaci\u00f3n.<\/div>\n<\/div>\n<\/div>\n<\/div>\n<div class=\"H_7jIs D_F ab_C Q_69H5 E_36RhU\" data-test-id=\"toolbar-hover-area\">\n<div class=\"D_F W_6D6F r_BN gl_C\" data-test-id=\"card-toolbar\"><\/div>\n<\/div>\n","protected":false},"excerpt":{"rendered":"<p>DURA REALIDAD.<\/p>\n","protected":false},"author":3,"featured_media":6456,"comment_status":"open","ping_status":"open","sticky":false,"template":"","format":"standard","meta":{"footnotes":"","jetpack_publicize_message":"","jetpack_publicize_feature_enabled":true,"jetpack_social_post_already_shared":false,"jetpack_social_options":{"image_generator_settings":{"template":"highway","default_image_id":0,"font":"","enabled":false},"version":2}},"categories":[17],"tags":[866,826],"class_list":["post-6455","post","type-post","status-publish","format-standard","has-post-thumbnail","hentry","category-politica","tag-kicillof-pandemia","tag-situacion"],"jetpack_publicize_connections":[],"jetpack_featured_media_url":"https:\/\/revistaepocadigital.com.ar\/wp-content\/uploads\/2020\/08\/KICI-INTENDENTES-20-Salud.jpg","jetpack_likes_enabled":true,"_links":{"self":[{"href":"https:\/\/revistaepocadigital.com.ar\/index.php?rest_route=\/wp\/v2\/posts\/6455","targetHints":{"allow":["GET"]}}],"collection":[{"href":"https:\/\/revistaepocadigital.com.ar\/index.php?rest_route=\/wp\/v2\/posts"}],"about":[{"href":"https:\/\/revistaepocadigital.com.ar\/index.php?rest_route=\/wp\/v2\/types\/post"}],"author":[{"embeddable":true,"href":"https:\/\/revistaepocadigital.com.ar\/index.php?rest_route=\/wp\/v2\/users\/3"}],"replies":[{"embeddable":true,"href":"https:\/\/revistaepocadigital.com.ar\/index.php?rest_route=%2Fwp%2Fv2%2Fcomments&post=6455"}],"version-history":[{"count":0,"href":"https:\/\/revistaepocadigital.com.ar\/index.php?rest_route=\/wp\/v2\/posts\/6455\/revisions"}],"wp:featuredmedia":[{"embeddable":true,"href":"https:\/\/revistaepocadigital.com.ar\/index.php?rest_route=\/wp\/v2\/media\/6456"}],"wp:attachment":[{"href":"https:\/\/revistaepocadigital.com.ar\/index.php?rest_route=%2Fwp%2Fv2%2Fmedia&parent=6455"}],"wp:term":[{"taxonomy":"category","embeddable":true,"href":"https:\/\/revistaepocadigital.com.ar\/index.php?rest_route=%2Fwp%2Fv2%2Fcategories&post=6455"},{"taxonomy":"post_tag","embeddable":true,"href":"https:\/\/revistaepocadigital.com.ar\/index.php?rest_route=%2Fwp%2Fv2%2Ftags&post=6455"}],"curies":[{"name":"wp","href":"https:\/\/api.w.org\/{rel}","templated":true}]}}