{"id":6465,"date":"2020-09-01T00:06:43","date_gmt":"2020-09-01T03:06:43","guid":{"rendered":"https:\/\/revistaepocadigital.com.ar\/?p=6465"},"modified":"2020-09-14T00:25:30","modified_gmt":"2020-09-14T03:25:30","slug":"los-30-anos-de-la-sociedad-rural-de-exaltacion-de-la-cruz-campana-y-zarate","status":"publish","type":"post","link":"https:\/\/revistaepocadigital.com.ar\/?p=6465","title":{"rendered":"Los 30 a\u00f1os de la Sociedad Rural de Exaltaci\u00f3n de la Cruz, Campana y Z\u00e1rate"},"content":{"rendered":"<p><strong>CON SEDE CENTRAL EN CAPILLA DEL SE\u00d1OR.<\/strong><!--more--><\/p>\n<p>La prolongada y provechosa trayectoria de la entidad ruralista local, tan cercana a tantos vecinos de los tres distritos, dedicados al campo.<\/p>\n<p>&nbsp;<\/p>\n<p><img loading=\"lazy\" decoding=\"async\" class=\"aligncenter size-full wp-image-6467\" src=\"https:\/\/revistaepocadigital.com.ar\/wp-content\/uploads\/2020\/09\/thumbnail-1.jpg\" alt=\"\" width=\"681\" height=\"458\" srcset=\"https:\/\/revistaepocadigital.com.ar\/wp-content\/uploads\/2020\/09\/thumbnail-1.jpg 681w, https:\/\/revistaepocadigital.com.ar\/wp-content\/uploads\/2020\/09\/thumbnail-1-300x202.jpg 300w, https:\/\/revistaepocadigital.com.ar\/wp-content\/uploads\/2020\/09\/thumbnail-1-624x420.jpg 624w\" sizes=\"auto, (max-width: 681px) 100vw, 681px\" \/><\/p>\n","protected":false},"excerpt":{"rendered":"<p>CON SEDE CENTRAL EN CAPILLA DEL SE\u00d1OR.<\/p>\n","protected":false},"author":4,"featured_media":6466,"comment_status":"open","ping_status":"open","sticky":false,"template":"","format":"standard","meta":{"footnotes":"","jetpack_publicize_message":"","jetpack_publicize_feature_enabled":true,"jetpack_social_post_already_shared":false,"jetpack_social_options":{"image_generator_settings":{"template":"highway","default_image_id":0,"font":"","enabled":false},"version":2}},"categories":[6,11],"tags":[20,501],"class_list":["post-6465","post","type-post","status-publish","format-standard","has-post-thumbnail","hentry","category-barrios","category-entidades","tag-aniversario","tag-rural"],"jetpack_publicize_connections":[],"jetpack_featured_media_url":"https:\/\/revistaepocadigital.com.ar\/wp-content\/uploads\/2020\/09\/thumbnail.jpg","jetpack_likes_enabled":true,"_links":{"self":[{"href":"https:\/\/revistaepocadigital.com.ar\/index.php?rest_route=\/wp\/v2\/posts\/6465","targetHints":{"allow":["GET"]}}],"collection":[{"href":"https:\/\/revistaepocadigital.com.ar\/index.php?rest_route=\/wp\/v2\/posts"}],"about":[{"href":"https:\/\/revistaepocadigital.com.ar\/index.php?rest_route=\/wp\/v2\/types\/post"}],"author":[{"embeddable":true,"href":"https:\/\/revistaepocadigital.com.ar\/index.php?rest_route=\/wp\/v2\/users\/4"}],"replies":[{"embeddable":true,"href":"https:\/\/revistaepocadigital.com.ar\/index.php?rest_route=%2Fwp%2Fv2%2Fcomments&post=6465"}],"version-history":[{"count":0,"href":"https:\/\/revistaepocadigital.com.ar\/index.php?rest_route=\/wp\/v2\/posts\/6465\/revisions"}],"wp:featuredmedia":[{"embeddable":true,"href":"https:\/\/revistaepocadigital.com.ar\/index.php?rest_route=\/wp\/v2\/media\/6466"}],"wp:attachment":[{"href":"https:\/\/revistaepocadigital.com.ar\/index.php?rest_route=%2Fwp%2Fv2%2Fmedia&parent=6465"}],"wp:term":[{"taxonomy":"category","embeddable":true,"href":"https:\/\/revistaepocadigital.com.ar\/index.php?rest_route=%2Fwp%2Fv2%2Fcategories&post=6465"},{"taxonomy":"post_tag","embeddable":true,"href":"https:\/\/revistaepocadigital.com.ar\/index.php?rest_route=%2Fwp%2Fv2%2Ftags&post=6465"}],"curies":[{"name":"wp","href":"https:\/\/api.w.org\/{rel}","templated":true}]}}