{"id":6481,"date":"2020-09-01T23:44:58","date_gmt":"2020-09-02T02:44:58","guid":{"rendered":"https:\/\/revistaepocadigital.com.ar\/?p=6481"},"modified":"2020-09-01T23:44:58","modified_gmt":"2020-09-02T02:44:58","slug":"dragado-en-el-arroyo-de-la-cruz","status":"publish","type":"post","link":"https:\/\/revistaepocadigital.com.ar\/?p=6481","title":{"rendered":"DRAGADO EN EL ARROYO DE LA CRUZ"},"content":{"rendered":"<div dir=\"ltr\"><strong>\u00a0EN EL SECTOR DEL NUEVO PUENTE DEL FERROCARRIL MITRE.\u00a0<\/strong><\/div>\n<p><!--more--><\/p>\n<div dir=\"ltr\"><\/div>\n<div dir=\"ltr\">Con apoyo de la provincia de Buenos Aires -inform\u00f3 el municipio exaltacruce\u00f1o-, maquinaria pesada trabaja en el dragado de un sector del Arroyo de la Cruz. Puntualmente en la zona del puente aliviador del Ferrocarril Mitre, obra que fuera inaugurada hace pocos meses.<\/div>\n<div dir=\"ltr\"><\/div>\n<div dir=\"ltr\">Las tareas se centran ahora en ampliar la capacidad de ese curso de agua, a partir de la apertura de dos nuevas bocas, lo que tender\u00e1 a evitar posibles inundaciones en caso de lluvias copiosas.<\/div>\n<div dir=\"ltr\"><\/div>\n<div dir=\"ltr\">La maquinaria con la que se ejecuta esta obra es propiedad de la direcci\u00f3n provincial de Hidr\u00e1ulica y permanecer\u00e1 dos meses en Exaltaci\u00f3n de la Cruz, fruto de un acuerdo del intendente Diego Nanni con las autoridades bonaerenses.<\/div>\n<div dir=\"ltr\"><\/div>\n<div dir=\"ltr\">Foto: argentina.gob.ar<\/div>\n","protected":false},"excerpt":{"rendered":"<p>\u00a0EN EL SECTOR DEL NUEVO PUENTE DEL FERROCARRIL MITRE.\u00a0<\/p>\n","protected":false},"author":3,"featured_media":6483,"comment_status":"open","ping_status":"open","sticky":false,"template":"","format":"standard","meta":{"footnotes":"","jetpack_publicize_message":"","jetpack_publicize_feature_enabled":true,"jetpack_social_post_already_shared":false,"jetpack_social_options":{"image_generator_settings":{"template":"highway","default_image_id":0,"font":"","enabled":false},"version":2}},"categories":[17],"tags":[871,870,719,869],"class_list":["post-6481","post","type-post","status-publish","format-standard","has-post-thumbnail","hentry","category-politica","tag-dragado","tag-ferrocarril","tag-inundaciones","tag-nuevo-puente"],"jetpack_publicize_connections":[],"jetpack_featured_media_url":"https:\/\/revistaepocadigital.com.ar\/wp-content\/uploads\/2020\/09\/capilla2-puente20.jpeg","jetpack_likes_enabled":true,"_links":{"self":[{"href":"https:\/\/revistaepocadigital.com.ar\/index.php?rest_route=\/wp\/v2\/posts\/6481","targetHints":{"allow":["GET"]}}],"collection":[{"href":"https:\/\/revistaepocadigital.com.ar\/index.php?rest_route=\/wp\/v2\/posts"}],"about":[{"href":"https:\/\/revistaepocadigital.com.ar\/index.php?rest_route=\/wp\/v2\/types\/post"}],"author":[{"embeddable":true,"href":"https:\/\/revistaepocadigital.com.ar\/index.php?rest_route=\/wp\/v2\/users\/3"}],"replies":[{"embeddable":true,"href":"https:\/\/revistaepocadigital.com.ar\/index.php?rest_route=%2Fwp%2Fv2%2Fcomments&post=6481"}],"version-history":[{"count":0,"href":"https:\/\/revistaepocadigital.com.ar\/index.php?rest_route=\/wp\/v2\/posts\/6481\/revisions"}],"wp:featuredmedia":[{"embeddable":true,"href":"https:\/\/revistaepocadigital.com.ar\/index.php?rest_route=\/wp\/v2\/media\/6483"}],"wp:attachment":[{"href":"https:\/\/revistaepocadigital.com.ar\/index.php?rest_route=%2Fwp%2Fv2%2Fmedia&parent=6481"}],"wp:term":[{"taxonomy":"category","embeddable":true,"href":"https:\/\/revistaepocadigital.com.ar\/index.php?rest_route=%2Fwp%2Fv2%2Fcategories&post=6481"},{"taxonomy":"post_tag","embeddable":true,"href":"https:\/\/revistaepocadigital.com.ar\/index.php?rest_route=%2Fwp%2Fv2%2Ftags&post=6481"}],"curies":[{"name":"wp","href":"https:\/\/api.w.org\/{rel}","templated":true}]}}